{"id":5367,"date":"2024-01-03T22:50:16","date_gmt":"2024-01-04T01:50:16","guid":{"rendered":"http:\/\/superinteressantes.com.br\/index.php\/2024\/01\/03\/prefeitura-de-joao-pessoa-amplia-prazo-de-inscricao-e-altera-datas-das-provas-dos-concursos-da-guarda-e-semob\/"},"modified":"2024-01-03T22:50:16","modified_gmt":"2024-01-04T01:50:16","slug":"prefeitura-de-joao-pessoa-amplia-prazo-de-inscricao-e-altera-datas-das-provas-dos-concursos-da-guarda-e-semob","status":"publish","type":"post","link":"https:\/\/superinteressantes.com.br\/index.php\/2024\/01\/03\/prefeitura-de-joao-pessoa-amplia-prazo-de-inscricao-e-altera-datas-das-provas-dos-concursos-da-guarda-e-semob\/","title":{"rendered":"Prefeitura de Jo\u00e3o Pessoa amplia prazo de inscri\u00e7\u00e3o e altera datas das provas dos concursos da Guarda e Semob"},"content":{"rendered":"<p><\/p>\n<div>\n<p>A Prefeitura de Jo\u00e3o Pessoa prorrogou, at\u00e9 o dia 22 de janeiro, o per\u00edodo de inscri\u00e7\u00f5es dos concursos da Guarda Civil Metropolitana e para agentes de mobilidade da Superintend\u00eancia Executiva de Mobilidade Urbana de Jo\u00e3o Pessoa (Semob-JP). Os termos aditivos ao edital foram publicados no Di\u00e1rio Oficial do Munic\u00edpio e acrescentam outras altera\u00e7\u00f5es, com destaque para a inclus\u00e3o de vagas para pessoas com defici\u00eancia, prorroga\u00e7\u00e3o das inscri\u00e7\u00f5es e mudan\u00e7a nas datas das provas. \u00a0 <\/p>\n<p>Com 300 vagas, sendo 200 para a Guarda e 100 para a Semob-JP, os concursos est\u00e3o sendo realizados pelo Instituto de Desenvolvimento Educacional, Cultural e Assist\u00eancia Nacional (Idecan), em parceria com a Prefeitura da Capital. \u00a0 <\/p>\n<figure class=\"wp-block-gallery has-nested-images columns-default is-cropped wp-block-gallery-1 is-layout-flex wp-block-gallery-is-layout-flex\">\n<figure class=\"wp-block-image size-large\"><\/figure>\n<figure class=\"wp-block-image size-large\"><\/figure>\n<\/figure>\n<p>Com a prorroga\u00e7\u00e3o do per\u00edodo de inscri\u00e7\u00e3o, os candidatos que tinham at\u00e9 o pr\u00f3ximo dia 8 de janeiro para se inscrever e 9 de janeiro para efetuar o pagamento das inscri\u00e7\u00f5es, agora podem se inscrever at\u00e9 o dia 22 de janeiro e pagar as taxas de inscri\u00e7\u00e3o, no valor de R$ 100 para os dois concursos, at\u00e9 o dia 23. \u00a0<\/p>\n<p>Al\u00e9m disso, os candidatos ganham mais uns dias para se preparar para as provas objetivas que ganharam novas datas. A aplica\u00e7\u00e3o da prova do concurso da Guarda Civil, que aconteceria no dia 25 de fevereiro ser\u00e1 realizada agora na tarde do dia 03 de mar\u00e7o. J\u00e1 a prova do concurso para agente de mobilidade urbana acontecer\u00e1 na tarde do dia 24 de mar\u00e7o (antes seria no dia 10 de mar\u00e7o). \u00a0 <\/p>\n<p>Outra altera\u00e7\u00e3o importante foi a inclus\u00e3o de vagas para pessoas com defici\u00eancia. No concurso da Guarda Civil Metropolitana, das 200 vagas, 10 ser\u00e3o destinadas a pessoas com defici\u00eancia. Tamb\u00e9m ter\u00e1 o cadastro de reserva com mais 200 vagas. J\u00e1 no concurso para agentes de mobilidade urbana, das 100 vagas, 05 ser\u00e3o para pessoas com defici\u00eancia, al\u00e9m do cadastro de reserva com mais 100 vagas. \u00a0 <\/p>\n<p>Todas as demais altera\u00e7\u00f5es, como no conte\u00fado das provas e nos testes f\u00edsicos, podem ser verificadas nos editais publicados no Di\u00e1rio Oficial n\u00ba 0438\/2024. Nos destaques da p\u00e1gina inicial do portal da Prefeitura tamb\u00e9m foi disponibilizado o link para a inscri\u00e7\u00e3o nos concursos, feitos online no site da institui\u00e7\u00e3o organizadora (https:\/\/www.idecan.org.br). \u00a0<\/p>\n<\/p><\/div>\n","protected":false},"excerpt":{"rendered":"<p>A Prefeitura de Jo\u00e3o Pessoa prorrogou, at\u00e9 o dia 22 de janeiro, o per\u00edodo de inscri\u00e7\u00f5es dos concursos da Guarda Civil Metropolitana e para agentes de mobilidade da Superintend\u00eancia Executiva de Mobilidade Urbana de Jo\u00e3o Pessoa (Semob-JP). Os termos aditivos ao edital foram publicados no Di\u00e1rio Oficial do Munic\u00edpio e acrescentam outras altera\u00e7\u00f5es, com destaque &#8230; <a title=\"Prefeitura de Jo\u00e3o Pessoa amplia prazo de inscri\u00e7\u00e3o e altera datas das provas dos concursos da Guarda e Semob\" class=\"read-more\" href=\"https:\/\/superinteressantes.com.br\/index.php\/2024\/01\/03\/prefeitura-de-joao-pessoa-amplia-prazo-de-inscricao-e-altera-datas-das-provas-dos-concursos-da-guarda-e-semob\/\" aria-label=\"More on Prefeitura de Jo\u00e3o Pessoa amplia prazo de inscri\u00e7\u00e3o e altera datas das provas dos concursos da Guarda e Semob\">Ler mais<\/a><\/p>\n","protected":false},"author":1,"featured_media":0,"comment_status":"open","ping_status":"open","sticky":false,"template":"","format":"standard","meta":{"footnotes":""},"categories":[1],"tags":[],"class_list":["post-5367","post","type-post","status-publish","format-standard","hentry","category-sem-categoria"],"amp_enabled":true,"_links":{"self":[{"href":"https:\/\/superinteressantes.com.br\/index.php\/wp-json\/wp\/v2\/posts\/5367","targetHints":{"allow":["GET"]}}],"collection":[{"href":"https:\/\/superinteressantes.com.br\/index.php\/wp-json\/wp\/v2\/posts"}],"about":[{"href":"https:\/\/superinteressantes.com.br\/index.php\/wp-json\/wp\/v2\/types\/post"}],"author":[{"embeddable":true,"href":"https:\/\/superinteressantes.com.br\/index.php\/wp-json\/wp\/v2\/users\/1"}],"replies":[{"embeddable":true,"href":"https:\/\/superinteressantes.com.br\/index.php\/wp-json\/wp\/v2\/comments?post=5367"}],"version-history":[{"count":0,"href":"https:\/\/superinteressantes.com.br\/index.php\/wp-json\/wp\/v2\/posts\/5367\/revisions"}],"wp:attachment":[{"href":"https:\/\/superinteressantes.com.br\/index.php\/wp-json\/wp\/v2\/media?parent=5367"}],"wp:term":[{"taxonomy":"category","embeddable":true,"href":"https:\/\/superinteressantes.com.br\/index.php\/wp-json\/wp\/v2\/categories?post=5367"},{"taxonomy":"post_tag","embeddable":true,"href":"https:\/\/superinteressantes.com.br\/index.php\/wp-json\/wp\/v2\/tags?post=5367"}],"curies":[{"name":"wp","href":"https:\/\/api.w.org\/{rel}","templated":true}]}}