{"id":5339,"date":"2024-01-03T02:49:22","date_gmt":"2024-01-03T05:49:22","guid":{"rendered":"http:\/\/superinteressantes.com.br\/index.php\/2024\/01\/03\/prefeitura-de-cuiab-prefeito-assina-decreto-e-exonera-titulares-de-cargos-comissionados-e-funes-de-confiana-da-sms-e-ecsp\/"},"modified":"2024-01-03T02:49:22","modified_gmt":"2024-01-03T05:49:22","slug":"prefeitura-de-cuiab-prefeito-assina-decreto-e-exonera-titulares-de-cargos-comissionados-e-funes-de-confiana-da-sms-e-ecsp","status":"publish","type":"post","link":"https:\/\/superinteressantes.com.br\/index.php\/2024\/01\/03\/prefeitura-de-cuiab-prefeito-assina-decreto-e-exonera-titulares-de-cargos-comissionados-e-funes-de-confiana-da-sms-e-ecsp\/","title":{"rendered":"Prefeitura de Cuiab | Prefeito assina decreto e exonera titulares de cargos comissionados e funes de confiana da SMS e ECSP"},"content":{"rendered":"<p><\/p>\n<div id=\"texto\" style=\" width:100%\">\n<div itemprop=\"articleBody\" class=\"textBody\">\n<p>O prefeito de Cuiab\u00e1, Emanuel Pinheiro, editou \u00a0Decreto 10.028\/2023, na manh\u00e3 desta\u00a0 ter\u00e7a-feira (2), que disp\u00f5em sobre a exonera\u00e7\u00e3o dos titulares dos cargos comissionados e fun\u00e7\u00f5es de confian\u00e7a da Secretaria Municipal de Sa\u00fade de Cuiab\u00e1 e da Empresa Cuiabana de Sa\u00fade P\u00fablica. A Prefeitura de Cuiab\u00e1 retomou \u00e0 gest\u00e3o da Sa\u00fade P\u00fablica da capital mato-grossense no dia 1\u00ba de janeiro ap\u00f3s Termo de Ajustamento de Conduta que encerrou o per\u00edodo de atua\u00e7\u00e3o do gabinete de interven\u00e7\u00e3o do Estado na data de 31\/12\/2023.\u00a0<\/p>\n<p>A medida considera a necessidade de adequa\u00e7\u00e3o do quadro de funcion\u00e1rios.<\/p>\n<p>Por meio do Decreto ficam exonerados todos os servidores nomeados at\u00e9 o dia 31 de dezembro de 2023, nas estruturas administrativas da SMS e ECSP, os ocupantes de qualquer cargo de natureza pol\u00edtica, ocupantes em cargo em \u00a0comiss\u00e3o sem v\u00ednculo com o servi\u00e7o p\u00fablico e\u00a0seus equivalentes e ocupante dos demais cargos em comiss\u00e3o sem v\u00ednculo com o servi\u00e7o\u00a0p\u00fablico e ainda o servidor p\u00fablico ocupante de fun\u00e7\u00e3o de confian\u00e7a.<\/p>\n<p>De acordo com Par\u00e1grafo \u00danico do Decreto, a exonera\u00e7\u00e3o de que n\u00e3o exclui a responsabilidade de repassar aos novos titulares a atual situa\u00e7\u00e3o em que a unidade se encontra.\u00a0Os titulares dos \u00f3rg\u00e3os de que trata o caput do art. l\u00b0 devem providenciar o registro do presente Decreto nos assentamentos funcionais dos servidores alcan\u00e7ados pelo mesmo.\u00a0J\u00e1 os servidores exonerados que tenham v\u00ednculo efetivo com o Poder Municipal dever\u00e1 retornar automaticamente a lota\u00e7\u00e3o de origem.<\/p>\n<p>O Decreto ser\u00e1 publicado na Gazeta Municipal de Cuiab\u00e1.<\/p>\n<p>Por determina\u00e7\u00e3o do prefeito Emanuel Pinheiro para assegurar o atendimento nas unidades de sa\u00fade foram nomeados para atua\u00e7\u00e3o em regime de plant\u00e3o o especialista em Sa\u00fade, Oscarlino Alves e o m\u00e9dico Anderson Torres. Ambos s\u00e3o respons\u00e1veis por detalhar em relat\u00f3rio o atual cen\u00e1rio das unidades de sa\u00fade ap\u00f3s o per\u00edodo interventivo.<\/p>\n<\/div><\/div>\n","protected":false},"excerpt":{"rendered":"<p>O prefeito de Cuiab\u00e1, Emanuel Pinheiro, editou \u00a0Decreto 10.028\/2023, na manh\u00e3 desta\u00a0 ter\u00e7a-feira (2), que disp\u00f5em sobre a exonera\u00e7\u00e3o dos titulares dos cargos comissionados e fun\u00e7\u00f5es de confian\u00e7a da Secretaria Municipal de Sa\u00fade de Cuiab\u00e1 e da Empresa Cuiabana de Sa\u00fade P\u00fablica. A Prefeitura de Cuiab\u00e1 retomou \u00e0 gest\u00e3o da Sa\u00fade P\u00fablica da capital mato-grossense &#8230; <a title=\"Prefeitura de Cuiab | Prefeito assina decreto e exonera titulares de cargos comissionados e funes de confiana da SMS e ECSP\" class=\"read-more\" href=\"https:\/\/superinteressantes.com.br\/index.php\/2024\/01\/03\/prefeitura-de-cuiab-prefeito-assina-decreto-e-exonera-titulares-de-cargos-comissionados-e-funes-de-confiana-da-sms-e-ecsp\/\" aria-label=\"More on Prefeitura de Cuiab | Prefeito assina decreto e exonera titulares de cargos comissionados e funes de confiana da SMS e ECSP\">Ler mais<\/a><\/p>\n","protected":false},"author":1,"featured_media":0,"comment_status":"open","ping_status":"open","sticky":false,"template":"","format":"standard","meta":{"footnotes":""},"categories":[1],"tags":[],"class_list":["post-5339","post","type-post","status-publish","format-standard","hentry","category-sem-categoria"],"amp_enabled":true,"_links":{"self":[{"href":"https:\/\/superinteressantes.com.br\/index.php\/wp-json\/wp\/v2\/posts\/5339","targetHints":{"allow":["GET"]}}],"collection":[{"href":"https:\/\/superinteressantes.com.br\/index.php\/wp-json\/wp\/v2\/posts"}],"about":[{"href":"https:\/\/superinteressantes.com.br\/index.php\/wp-json\/wp\/v2\/types\/post"}],"author":[{"embeddable":true,"href":"https:\/\/superinteressantes.com.br\/index.php\/wp-json\/wp\/v2\/users\/1"}],"replies":[{"embeddable":true,"href":"https:\/\/superinteressantes.com.br\/index.php\/wp-json\/wp\/v2\/comments?post=5339"}],"version-history":[{"count":0,"href":"https:\/\/superinteressantes.com.br\/index.php\/wp-json\/wp\/v2\/posts\/5339\/revisions"}],"wp:attachment":[{"href":"https:\/\/superinteressantes.com.br\/index.php\/wp-json\/wp\/v2\/media?parent=5339"}],"wp:term":[{"taxonomy":"category","embeddable":true,"href":"https:\/\/superinteressantes.com.br\/index.php\/wp-json\/wp\/v2\/categories?post=5339"},{"taxonomy":"post_tag","embeddable":true,"href":"https:\/\/superinteressantes.com.br\/index.php\/wp-json\/wp\/v2\/tags?post=5339"}],"curies":[{"name":"wp","href":"https:\/\/api.w.org\/{rel}","templated":true}]}}