{"id":5337,"date":"2024-01-03T01:13:32","date_gmt":"2024-01-03T04:13:32","guid":{"rendered":"http:\/\/superinteressantes.com.br\/index.php\/2024\/01\/03\/der-libera-trecho-de-quase-14km-da-rodovia-lazaro-cordeiro-de-campos\/"},"modified":"2024-01-03T01:13:32","modified_gmt":"2024-01-03T04:13:32","slug":"der-libera-trecho-de-quase-14km-da-rodovia-lazaro-cordeiro-de-campos","status":"publish","type":"post","link":"https:\/\/superinteressantes.com.br\/index.php\/2024\/01\/03\/der-libera-trecho-de-quase-14km-da-rodovia-lazaro-cordeiro-de-campos\/","title":{"rendered":"DER libera trecho de quase 14km da Rodovia L\u00e1zaro Cordeiro de Campos"},"content":{"rendered":"<p><img decoding=\"async\" src=\"https:\/\/www.saopaulo.sp.gov.br\/wp-content\/uploads\/2024\/01\/2023_12_WhatsApp-Image-2023-12-30-at-14.13.19-1-1024x768-1.jpeg\" \/><\/p>\n<div id=\"\">&#13;<br \/>\n                                <!-- Title -->&#13;<br \/>\n                                &#13;<br \/>\n&#13;<br \/>\n                                <!-- Excerpt -->&#13;<\/p>\n<p class=\"excerpt\">Tr\u00e1fego na SP 147 est\u00e1 liberado entre os quil\u00f4metros 238 e 252, no acesso \u00e0 Rodovia Marechal Rondon<\/p>\n<p>&#13;<br \/>\n&#13;<br \/>\n                                &#13;\n                            <\/p><\/div>\n<div id=\"\">&#13;<\/p>\n<p>O Departamento de Estradas de Rodagem (DER), vinculado \u00e0 Secretaria de Meio Ambiente, Infraestrutura e Log\u00edstica (Semil), liberou no dia 31 de dezembro, uma extens\u00e3o de 13,9 quil\u00f4metros da Rodovia L\u00e1zaro Cordeiro de Campos (SP147), que serve de acesso da Rodovia Marechal Rondon (SP 300) ao munic\u00edpio de Bofete, na regi\u00e3o de Itapetininga.<\/p>\n<p>O trecho entre os quil\u00f4metros 238,47 e 252,37, estava interditado para interven\u00e7\u00f5es e melhorias na rodovia, que recebe servi\u00e7os de recupera\u00e7\u00e3o da pista e implanta\u00e7\u00e3o de acostamentos, macro e microdrenagem e implanta\u00e7\u00e3o de dispositivos.<\/p>\n<p>A libera\u00e7\u00e3o trar\u00e1 grandes benef\u00edcios de mobilidade e seguran\u00e7a aos usu\u00e1rios, pois se trata da principal via de acesso dos munic\u00edpios de Bofete e Anhembi \u00e0 Marechal Rondon (SP 300). Com isso, melhorar\u00e1, significativamente, a acessibilidade, promovendo o desenvolvimento e facilitando o tr\u00e1fego para os moradores, funcion\u00e1rios das empresas locais e visitantes.<\/p>\n<p>O local tamb\u00e9m j\u00e1 conta com apoio da parte operacional do DER e com viaturas de inspe\u00e7\u00e3o, garantindo a seguran\u00e7a vi\u00e1ria e assist\u00eancia imediata em qualquer necessidade que possa surgir. J\u00e1 o trecho entre Bofete e a Rodovia Castelo Branco (SP-280) encontra-se liberado para os usu\u00e1rios. Os servi\u00e7os de melhorias e recupera\u00e7\u00e3o da pista iniciar\u00e3o em 2024 e ser\u00e3o conduzidos utilizando o sistema \u201cpare e siga\u201d, que permitir\u00e1 a continuidade dos servi\u00e7os sem a necessidade de interdi\u00e7\u00e3o da via de acesso.<\/p>\n<p>O Departamento investe R$ 154,8 milh\u00f5es nas obras de restaura\u00e7\u00e3o e melhorias da Rodovia Lazaro Cordeiro de Campos (SP 147), em uma extens\u00e3o de 30,22 quil\u00f4metros (do Km 238,47 ao Km 268,69), no trecho entre os munic\u00edpios de Bofete e Anhembi. Est\u00e3o em andamentos os servi\u00e7os de recupera\u00e7\u00e3o da pista, terraplenagem, drenagem e pavimenta\u00e7\u00e3o do acostamento. O projeto inclui tamb\u00e9m a implanta\u00e7\u00e3o de dispositivos de n\u00edveis alongados nos acessos \u00e0s rodovias Marechal Rondon (SP-300) e Castelo Branco (SP-280).<\/p>\n<\/p><\/div>\n","protected":false},"excerpt":{"rendered":"<p>&#13; &#13; &#13; &#13; &#13; Tr\u00e1fego na SP 147 est\u00e1 liberado entre os quil\u00f4metros 238 e 252, no acesso \u00e0 Rodovia Marechal Rondon &#13; &#13; &#13; &#13; O Departamento de Estradas de Rodagem (DER), vinculado \u00e0 Secretaria de Meio Ambiente, Infraestrutura e Log\u00edstica (Semil), liberou no dia 31 de dezembro, uma extens\u00e3o de 13,9 quil\u00f4metros &#8230; <a title=\"DER libera trecho de quase 14km da Rodovia L\u00e1zaro Cordeiro de Campos\" class=\"read-more\" href=\"https:\/\/superinteressantes.com.br\/index.php\/2024\/01\/03\/der-libera-trecho-de-quase-14km-da-rodovia-lazaro-cordeiro-de-campos\/\" aria-label=\"More on DER libera trecho de quase 14km da Rodovia L\u00e1zaro Cordeiro de Campos\">Ler mais<\/a><\/p>\n","protected":false},"author":1,"featured_media":0,"comment_status":"open","ping_status":"open","sticky":false,"template":"","format":"standard","meta":{"footnotes":""},"categories":[1],"tags":[],"class_list":["post-5337","post","type-post","status-publish","format-standard","hentry","category-sem-categoria"],"amp_enabled":true,"_links":{"self":[{"href":"https:\/\/superinteressantes.com.br\/index.php\/wp-json\/wp\/v2\/posts\/5337","targetHints":{"allow":["GET"]}}],"collection":[{"href":"https:\/\/superinteressantes.com.br\/index.php\/wp-json\/wp\/v2\/posts"}],"about":[{"href":"https:\/\/superinteressantes.com.br\/index.php\/wp-json\/wp\/v2\/types\/post"}],"author":[{"embeddable":true,"href":"https:\/\/superinteressantes.com.br\/index.php\/wp-json\/wp\/v2\/users\/1"}],"replies":[{"embeddable":true,"href":"https:\/\/superinteressantes.com.br\/index.php\/wp-json\/wp\/v2\/comments?post=5337"}],"version-history":[{"count":0,"href":"https:\/\/superinteressantes.com.br\/index.php\/wp-json\/wp\/v2\/posts\/5337\/revisions"}],"wp:attachment":[{"href":"https:\/\/superinteressantes.com.br\/index.php\/wp-json\/wp\/v2\/media?parent=5337"}],"wp:term":[{"taxonomy":"category","embeddable":true,"href":"https:\/\/superinteressantes.com.br\/index.php\/wp-json\/wp\/v2\/categories?post=5337"},{"taxonomy":"post_tag","embeddable":true,"href":"https:\/\/superinteressantes.com.br\/index.php\/wp-json\/wp\/v2\/tags?post=5337"}],"curies":[{"name":"wp","href":"https:\/\/api.w.org\/{rel}","templated":true}]}}