{"id":4706,"date":"2023-12-15T03:01:32","date_gmt":"2023-12-15T06:01:32","guid":{"rendered":"http:\/\/superinteressantes.com.br\/index.php\/2023\/12\/15\/hospital-municipal-santa-isabel-compartilha-experiencias-de-sucesso-em-i-simposio-cientifico\/"},"modified":"2023-12-15T03:01:32","modified_gmt":"2023-12-15T06:01:32","slug":"hospital-municipal-santa-isabel-compartilha-experiencias-de-sucesso-em-i-simposio-cientifico","status":"publish","type":"post","link":"https:\/\/superinteressantes.com.br\/index.php\/2023\/12\/15\/hospital-municipal-santa-isabel-compartilha-experiencias-de-sucesso-em-i-simposio-cientifico\/","title":{"rendered":"Hospital Municipal Santa Isabel compartilha experi\u00eancias de sucesso em I Simp\u00f3sio Cient\u00edfico"},"content":{"rendered":"<p><\/p>\n<div>\n<p>Com o objetivo de compartilhar as experi\u00eancias exitosas e os resultados impactantes junto \u00e0 comunidade assistida e cient\u00edfica, o Hospital Municipal Santa Isabel (HMSI), atrav\u00e9s do Centro de Estudos Afonso Pereira da Silva (Ceapes), realizou, nesta quinta-feira (14), seu I Simp\u00f3sio Cient\u00edfico. A iniciativa reuniu profissionais de sa\u00fade, residentes, estudantes, extensionistas, servidores e colaboradores que atuam na unidade. \u00a0 <\/p>\n<figure class=\"wp-block-gallery has-nested-images columns-default is-cropped wp-block-gallery-1 is-layout-flex wp-block-gallery-is-layout-flex\">\n<figure class=\"wp-block-image size-large\"><\/figure>\n<\/figure>\n<p>No evento foram inscritos 20 trabalhos acad\u00eamicos, envolvendo as mais diversas \u00e1reas do hospital, entre eles o Laborat\u00f3rio de An\u00e1lises Cl\u00ednicas, conduzido pela bioqu\u00edmica Patr\u00edcia Urquiza Lundgren Bolognini, que apresentou o trabalho \u2018Pesquisa de satisfa\u00e7\u00e3o entre os usu\u00e1rios do Laborat\u00f3rio de An\u00e1lises Cl\u00ednicas do Hospital Municipal Santa Isabel no Munic\u00edpio de Jo\u00e3o Pessoa. Uma experi\u00eancia exitosa\u2019, onde apresentou estudo que mostra uma avalia\u00e7\u00e3o positiva por parte dos usu\u00e1rios dos servi\u00e7os realizados no laborat\u00f3rio da unidade. \u00a0 <\/p>\n<p>O N\u00facleo de Seguran\u00e7a do Paciente (NSP), respons\u00e1vel por v\u00e1rios pr\u00eamios conquistados pelo HMSI, promovendo as seis metas internacionais de seguran\u00e7a do paciente, apresentou o trabalho \u2018Um novo olhar para a assist\u00eancia em sa\u00fade do Hospital Municipal Santa Isabel\u2019. No trabalho, apresentado pelo NSP, que \u00e9 coordenado pela nutricionista Danielly de Moraes Santos Chiappetta, foi enfatizado que o hospital, em rela\u00e7\u00e3o \u00e0 seguran\u00e7a do paciente, trabalha a cultura justa, onde, com as notifica\u00e7\u00f5es, visa identificar ocorr\u00eancias no processo de assist\u00eancia e adequar para um servi\u00e7o de melhor qualidade. \u00a0 <\/p>\n<p>O Banco de Sangue apresentou o trabalho \u2018Transformando pr\u00e1ticas hematol\u00f3gicas\u2019, onde, conforme a coordenadora de enfermagem da Ag\u00eancia Transfusional do HMSI, Alinne Albuquerque de Carvalho, compartilhou a experi\u00eancia de sucesso vivenciada durante a implanta\u00e7\u00e3o do formul\u00e1rio de administra\u00e7\u00e3o segura de homocomponentes como um instrumento estrat\u00e9gico nas rotinas de hemotransfus\u00e3o. \u00a0 <\/p>\n<p>J\u00e1 o setor de Fisioterapia apresentou o trabalho \u2018Efeitos positivos da mobiliza\u00e7\u00e3o precoce em pacientes internos na Cl\u00ednica M\u00e9dica e Unidade de Terapia Intensiva do Hospital Municipal Santa Isabel\u2019, cujo protocolo aplicado em todos os pacientes nos setores da Cl\u00ednica M\u00e9dica e UTI, conforme dados repassados pela fisioterapeuta Maria Nel\u00fasia de Souza, coordenadora do setor, apontam melhoras na qualidade da assist\u00eancia prestada aos usu\u00e1rios. \u00a0 <\/p>\n<figure class=\"wp-block-gallery has-nested-images columns-default is-cropped wp-block-gallery-3 is-layout-flex wp-block-gallery-is-layout-flex\">\n<figure class=\"wp-block-image size-large\"><\/figure>\n<\/figure>\n<p>Al\u00e9m destes setores, tamb\u00e9m apresentaram trabalhos durante o simp\u00f3sio os servi\u00e7os de Nutri\u00e7\u00e3o, Psicologia e Ceapes, entre outros. Dos trabalhos apresentados, seis receberam pontua\u00e7\u00e3o m\u00e1xima, entre eles o Projeto de Coopera\u00e7\u00e3o em Sa\u00fade Mental, que atende servidores de toda rede municipal de sa\u00fade e que abriu espa\u00e7o para a inicia\u00e7\u00e3o cient\u00edfica dentro do hospital no que diz respeito \u00e0 participa\u00e7\u00e3o de estudantes e de extensionistas, em colabora\u00e7\u00e3o com as institui\u00e7\u00f5es formadoras. Tamb\u00e9m, entre os trabalhos avaliados com nota m\u00e1xima, estavam projetos dos residentes, que apresentaram seis estudos decorrente da pr\u00e1tica vivenciada por eles no Santa Isabel. \u00a0 <\/p>\n<p>O I Simp\u00f3sio Cient\u00edfico, al\u00e9m de compartilhar as experi\u00eancias exitosas provenientes do corpo cl\u00ednico do Santa Isabel, de acordo com a psic\u00f3loga Karla Fernandes de Albuquerque, que coordena o Ceapes e organizou e coordenou o evento, tamb\u00e9m teve como objetivo estimular todo o corpo discente, os alunos, a enveredar pela pesquisa e extens\u00e3o.<\/p>\n<p>\u201cNosso intuito \u00e9 fazer com que o Centro de Estudos desenvolva sua atividade fim, que est\u00e1 direcionada a forma\u00e7\u00e3o acad\u00eamica, ao est\u00edmulo, a pesquisa e a extens\u00e3o, que \u00e9 o trip\u00e9 que constitui a forma\u00e7\u00e3o como um todo\u201d, disse Karla Fernandes. \u00a0 <\/p>\n<figure class=\"wp-block-gallery has-nested-images columns-default is-cropped wp-block-gallery-5 is-layout-flex wp-block-gallery-is-layout-flex\">\n<figure class=\"wp-block-image size-large\"><\/figure>\n<\/figure>\n<p>Diante do sucesso do evento, que marcou o encerramento das atividades do Ceapes em 2023, a ideia \u00e9, a partir de agora, concluir as atividades anuais do Centro de Estudos com um simp\u00f3sio, apresentando as experi\u00eancias exitosas e os resultados impactantes junto \u00e0 comunidade assistida no HMSI e \u00e0 comunidade cient\u00edfica.<\/p>\n<\/p><\/div>\n","protected":false},"excerpt":{"rendered":"<p>Com o objetivo de compartilhar as experi\u00eancias exitosas e os resultados impactantes junto \u00e0 comunidade assistida e cient\u00edfica, o Hospital Municipal Santa Isabel (HMSI), atrav\u00e9s do Centro de Estudos Afonso Pereira da Silva (Ceapes), realizou, nesta quinta-feira (14), seu I Simp\u00f3sio Cient\u00edfico. A iniciativa reuniu profissionais de sa\u00fade, residentes, estudantes, extensionistas, servidores e colaboradores que &#8230; <a title=\"Hospital Municipal Santa Isabel compartilha experi\u00eancias de sucesso em I Simp\u00f3sio Cient\u00edfico\" class=\"read-more\" href=\"https:\/\/superinteressantes.com.br\/index.php\/2023\/12\/15\/hospital-municipal-santa-isabel-compartilha-experiencias-de-sucesso-em-i-simposio-cientifico\/\" aria-label=\"More on Hospital Municipal Santa Isabel compartilha experi\u00eancias de sucesso em I Simp\u00f3sio Cient\u00edfico\">Ler mais<\/a><\/p>\n","protected":false},"author":1,"featured_media":0,"comment_status":"open","ping_status":"open","sticky":false,"template":"","format":"standard","meta":{"footnotes":""},"categories":[1],"tags":[],"class_list":["post-4706","post","type-post","status-publish","format-standard","hentry","category-sem-categoria"],"amp_enabled":true,"_links":{"self":[{"href":"https:\/\/superinteressantes.com.br\/index.php\/wp-json\/wp\/v2\/posts\/4706","targetHints":{"allow":["GET"]}}],"collection":[{"href":"https:\/\/superinteressantes.com.br\/index.php\/wp-json\/wp\/v2\/posts"}],"about":[{"href":"https:\/\/superinteressantes.com.br\/index.php\/wp-json\/wp\/v2\/types\/post"}],"author":[{"embeddable":true,"href":"https:\/\/superinteressantes.com.br\/index.php\/wp-json\/wp\/v2\/users\/1"}],"replies":[{"embeddable":true,"href":"https:\/\/superinteressantes.com.br\/index.php\/wp-json\/wp\/v2\/comments?post=4706"}],"version-history":[{"count":0,"href":"https:\/\/superinteressantes.com.br\/index.php\/wp-json\/wp\/v2\/posts\/4706\/revisions"}],"wp:attachment":[{"href":"https:\/\/superinteressantes.com.br\/index.php\/wp-json\/wp\/v2\/media?parent=4706"}],"wp:term":[{"taxonomy":"category","embeddable":true,"href":"https:\/\/superinteressantes.com.br\/index.php\/wp-json\/wp\/v2\/categories?post=4706"},{"taxonomy":"post_tag","embeddable":true,"href":"https:\/\/superinteressantes.com.br\/index.php\/wp-json\/wp\/v2\/tags?post=4706"}],"curies":[{"name":"wp","href":"https:\/\/api.w.org\/{rel}","templated":true}]}}