{"id":4697,"date":"2023-12-14T21:20:50","date_gmt":"2023-12-15T00:20:50","guid":{"rendered":"http:\/\/superinteressantes.com.br\/index.php\/2023\/12\/14\/ifsp-participa-do-5o-encontro-nacional-de-popularizacao-da-ciencia-ifsp\/"},"modified":"2023-12-14T21:20:50","modified_gmt":"2023-12-15T00:20:50","slug":"ifsp-participa-do-5o-encontro-nacional-de-popularizacao-da-ciencia-ifsp","status":"publish","type":"post","link":"https:\/\/superinteressantes.com.br\/index.php\/2023\/12\/14\/ifsp-participa-do-5o-encontro-nacional-de-popularizacao-da-ciencia-ifsp\/","title":{"rendered":"IFSP participa do 5\u00ba Encontro Nacional de Populariza\u00e7\u00e3o da Ci\u00eancia\u00a0 &#8211; IFSP"},"content":{"rendered":"<p><\/p>\n<div>\n<div class=\"subtitle\">\n<p><span data-contrast=\"none\">Evento ocorreu nos dias 12 e 13 de dezembro, em Bras\u00edlia<\/span><\/p>\n<\/div>\n<p><!-- fim .content-header-options-1 --><\/p>\n<p><span data-ccp-props=\"{&quot;201341983&quot;:0,&quot;335551550&quot;:0,&quot;335551620&quot;:0,&quot;335559739&quot;:160,&quot;335559740&quot;:360}\"><span class=\"easy_img_caption\" style=\"display:inline-table;max-width:100%;box-sizing:border-box;vertical-align:top;background-color:#F2F2F2;padding:6px 6px 0px 6px;width:479px;float:left;margin: 10px;\"><span class=\"easy_img_caption_inner\" style=\"display:block;\"><span style=\"display:block;color:#000000;font-size:13px;line-height:1.3;font-weight:normal;font-style:normal;text-align:left;padding:4px 0px 4px 0px;margin:0px;\">Da esquerda para a direita: Paulo Souza, K\u00eania Cristina, Felipe Almeida, Renata Porto, Eder Sacconi e Caroline Jango.\u00a0<\/span><\/span><\/span><\/span><span data-contrast=\"none\">O IFSP esteve representado no 5\u00ba Encontro Nacional de Populariza\u00e7\u00e3o da Ci\u00eancia \u2014 Ennio Candotti 2023, que ocorreu nos dias 12 e 13 de dezembro, em Bras\u00edlia-DF. O evento reuniu mais de 300 coordenadores de todo o Brasil para debater pol\u00edticas p\u00fablicas de ci\u00eancia e tecnologia.\u00a0<\/span><span data-ccp-props=\"{&quot;134233117&quot;:false,&quot;134233118&quot;:false,&quot;201341983&quot;:0,&quot;335551550&quot;:0,&quot;335551620&quot;:0,&quot;335559738&quot;:0,&quot;335559739&quot;:0,&quot;335559740&quot;:360}\">\u00a0<\/span><\/p>\n<p><span data-contrast=\"none\">O evento \u00e9 organizado pelo Minist\u00e9rio da Ci\u00eancia, Tecnologia e Inova\u00e7\u00e3o (MCTI), por meio da Diretoria de Populariza\u00e7\u00e3o da Ci\u00eancia, Tecnologia e Educa\u00e7\u00e3o Cient\u00edfica, com o objetivo de reunir coordenadores de projetos de divulga\u00e7\u00e3o cient\u00edfica (Feiras, Mostras, Olimp\u00edadas Cient\u00edficas, Museus, entre outros) para discuss\u00e3o de dados, desafios e resultados relativos \u00e0 pol\u00edtica de populariza\u00e7\u00e3o da ci\u00eancia no Brasil.<\/span><span data-ccp-props=\"{&quot;134233117&quot;:false,&quot;134233118&quot;:false,&quot;201341983&quot;:0,&quot;335551550&quot;:0,&quot;335551620&quot;:0,&quot;335559738&quot;:0,&quot;335559739&quot;:0,&quot;335559740&quot;:360}\">\u00a0<\/span><\/p>\n<p><span data-contrast=\"none\">Participaram pelos projetos da Semana Nacional de Ci\u00eancia e Tecnologia (SNCT) do Campus Hortol\u00e2ndia Caroline Jango e K\u00eania Silva; do Campus Boituva, Felipe Ferreira de Almeida; do Campus Araraquara, Renata Maria Porto Vanni.<\/span><span data-ccp-props=\"{&quot;134233117&quot;:false,&quot;134233118&quot;:false,&quot;201341983&quot;:0,&quot;335551550&quot;:0,&quot;335551620&quot;:0,&quot;335559738&quot;:0,&quot;335559739&quot;:0,&quot;335559740&quot;:360}\">\u00a0<\/span><\/p>\n<p><span data-contrast=\"none\">Para Caroline Jango, o evento propiciou debates e reflex\u00f5es acerca da efetiva amplia\u00e7\u00e3o do acesso ao fazer cient\u00edfico a partir das pr\u00e1ticas j\u00e1 desenvolvidas nas institui\u00e7\u00f5es educativas, acad\u00eamicas e cient\u00edficas do pa\u00eds. \u201cFoi um \u00f3timo momento de troca de experi\u00eancias e constru\u00e7\u00e3o de novas propostas que v\u00e3o compor a pol\u00edtica de populariza\u00e7\u00e3o da ci\u00eancia do governo federal\u201d<\/span><span data-ccp-props=\"{&quot;134233117&quot;:false,&quot;134233118&quot;:false,&quot;201341983&quot;:0,&quot;335551550&quot;:0,&quot;335551620&quot;:0,&quot;335559738&quot;:0,&quot;335559739&quot;:0,&quot;335559740&quot;:360}\">\u00a0, contou.<\/span><\/p>\n<p><span data-contrast=\"none\">Segundo K\u00eania Silva, \u00e9 fundamental que as pessoas que desenvolvem as a\u00e7\u00f5es nas institui\u00e7\u00f5es tamb\u00e9m participem dos momentos de constru\u00e7\u00e3o das pol\u00edticas. \u201cOs debates realizados nesses dois dias evidenciaram tanto desafios comuns, quanto desafios regionais e,\u00a0de maneira coletiva,\u00a0foi poss\u00edvel pensarmos e sugerimos caminhos para o aprimoramento das a\u00e7\u00f5es\u201d.<\/span><span data-ccp-props=\"{&quot;134233117&quot;:false,&quot;134233118&quot;:false,&quot;201341983&quot;:0,&quot;335551550&quot;:0,&quot;335551620&quot;:0,&quot;335559738&quot;:0,&quot;335559739&quot;:0,&quot;335559740&quot;:360}\">\u00a0<\/span><\/p>\n<p><span data-contrast=\"none\">J\u00e1 Felipe Almeida destaca que a import\u00e2ncia da troca de experi\u00eancias entre os coordenadores das SNCTs de todo o pa\u00eds faz com que a cada ano seja poss\u00edvel melhorar o evento local. \u201cA possibilidade de contribui\u00e7\u00e3o no texto do pr\u00f3ximo edital tamb\u00e9m \u00e9 fundamental para o aprimoramento da a\u00e7\u00e3o de populariza\u00e7\u00e3o da ci\u00eancia em cada campi.\u201d<\/span><span data-ccp-props=\"{&quot;134233117&quot;:false,&quot;134233118&quot;:false,&quot;201341983&quot;:0,&quot;335551550&quot;:0,&quot;335551620&quot;:0,&quot;335559738&quot;:0,&quot;335559739&quot;:0,&quot;335559740&quot;:360}\">\u00a0<\/span><\/p>\n<p><span data-contrast=\"none\">A professora Renata Vanni afirmou que esses encontros estabelecem redes de apoio para a implanta\u00e7\u00e3o de projetos regionais, estaduais e nacionais de divulga\u00e7\u00e3o cient\u00edfica, considerando as especificidades de cada projeto para o desenvolvimento sustent\u00e1vel social.\u00a0<\/span><span data-ccp-props=\"{&quot;134233117&quot;:false,&quot;134233118&quot;:false,&quot;201341983&quot;:0,&quot;335551550&quot;:0,&quot;335551620&quot;:0,&quot;335559738&quot;:0,&quot;335559739&quot;:0,&quot;335559740&quot;:360}\">\u00a0<\/span><\/p>\n<p><span data-contrast=\"none\">O coordenador da Feira Estadual de Ci\u00eancia e Cultura do IFSP &#8211; FECCIF, Paulo Renato de Souza, do Campus Suzano, tamb\u00e9m participou do evento.\u00a0Ele destacou a import\u00e2ncia das feiras e mostras de ci\u00eancia como ferramentas de divulga\u00e7\u00e3o e populariza\u00e7\u00e3o do conhecimento cient\u00edfico e tecnol\u00f3gico, que incentiva alunos e professores do ensino fundamental, m\u00e9dio e t\u00e9cnico a planejar e executar trabalhos cient\u00edficos, possibilitando aos estudantes a constru\u00e7\u00e3o de conhecimento de forma interdisciplinar, criativa e contextualizada. <\/span><span data-ccp-props=\"{&quot;134233117&quot;:false,&quot;134233118&quot;:false,&quot;201341983&quot;:0,&quot;335551550&quot;:1,&quot;335551620&quot;:1,&quot;335559685&quot;:0,&quot;335559737&quot;:0,&quot;335559738&quot;:0,&quot;335559739&quot;:0,&quot;335559740&quot;:360}\">\u00a0<\/span><\/p>\n<p><span data-contrast=\"none\">Segundo ele, o\u00a0Encontro Nacional de Populariza\u00e7\u00e3o da Ci\u00eancia Ennio Candotti, por meio das iniciativas propostas pelo Decreto Nacional No 11.754, de 25 de outubro de 2023, que institui o Programa Nacional de Populariza\u00e7\u00e3o da Ci\u00eancia \u2014 Pop Ci\u00eancia e o Comit\u00ea de Populariza\u00e7\u00e3o da Ci\u00eancia e Tecnologia \u2014 Comit\u00ea Pop fortalece n\u00e3o s\u00f3 o movimento de feiras e mostras de ci\u00eancia, como todas as poss\u00edveis a\u00e7\u00f5es relacionadas com esta tem\u00e1tica, possibilitando almejar novos desafios para os pr\u00f3ximos anos. \u201cEste encontro possibilita tamb\u00e9m a troca experi\u00eancias entre os agentes promotores de ci\u00eancia de todo o territ\u00f3rio nacional e oportuniza o desenvolvimento de projetos de coopera\u00e7\u00e3o interinstitucionais, que n\u00e3o seriam poss\u00edveis sem este tipo de a\u00e7\u00e3o.\u201d Paulo ressalta tamb\u00e9m a import\u00e2ncia do apoio institucional dos gestores do IFSP que promovem a\u00e7\u00f5es de populariza\u00e7\u00e3o da ci\u00eancia e incentivam a participa\u00e7\u00e3o nesses eventos.<\/span><span data-ccp-props=\"{&quot;134233117&quot;:false,&quot;134233118&quot;:false,&quot;201341983&quot;:0,&quot;335551550&quot;:1,&quot;335551620&quot;:1,&quot;335559685&quot;:0,&quot;335559737&quot;:0,&quot;335559738&quot;:0,&quot;335559739&quot;:0,&quot;335559740&quot;:360}\">\u00a0<\/span><\/p>\n<p><span data-contrast=\"none\">O Diretor da Ag\u00eancia de Inova\u00e7\u00e3o do IFSP, Eder Sacconi, participou pelo edital de olimp\u00edadas cient\u00edficas, da Inova. Ele destaca que as olimp\u00edadas cient\u00edficas buscam promover a excel\u00eancia acad\u00eamica e a pesquisa em diversas \u00e1reas do conhecimento, de maneira semelhante aos valores e objetivos das Olimp\u00edadas esportivas. \u201cEssas competi\u00e7\u00f5es, que podem ser desenvolvidas em n\u00edvel regional, nacional ou internacional, t\u00eam como objetivo identificar e desenvolver talentos intelectuais.\u201d Eder contou ainda que no ano de 2024 a Olimp\u00edada Brasileira de Agropecu\u00e1ria ser\u00e1 realizada no Campus<\/span><i><span data-contrast=\"none\">\u00a0<\/span><\/i><span data-contrast=\"none\">Barretos do IFSP.<\/span><span data-ccp-props=\"{&quot;134233117&quot;:false,&quot;134233118&quot;:false,&quot;201341983&quot;:0,&quot;335551550&quot;:0,&quot;335551620&quot;:0,&quot;335559738&quot;:0,&quot;335559739&quot;:0,&quot;335559740&quot;:360}\">\u00a0<\/span><\/p>\n<p><span data-ccp-props=\"{&quot;201341983&quot;:0,&quot;335551550&quot;:0,&quot;335551620&quot;:0,&quot;335559739&quot;:160,&quot;335559740&quot;:360}\">\u00a0<\/span><span data-contrast=\"none\">O material do encontro est\u00e1 dispon\u00edvel em: <\/span><span data-contrast=\"none\">https:\/\/bit.ly\/3TdioI5<\/span><span data-ccp-props=\"{&quot;134233117&quot;:false,&quot;134233118&quot;:false,&quot;201341983&quot;:0,&quot;335551550&quot;:0,&quot;335551620&quot;:0,&quot;335559738&quot;:0,&quot;335559739&quot;:0,&quot;335559740&quot;:360}\">\u00a0<\/span><span data-ccp-props=\"{&quot;201341983&quot;:0,&quot;335551550&quot;:0,&quot;335551620&quot;:0,&quot;335559739&quot;:160,&quot;335559740&quot;:360}\">\u00a0<\/span><\/p>\n<p><b><span data-contrast=\"none\">MCTI<\/span><\/b><span data-ccp-props=\"{&quot;134233117&quot;:false,&quot;134233118&quot;:false,&quot;201341983&quot;:0,&quot;335551550&quot;:0,&quot;335551620&quot;:0,&quot;335559738&quot;:0,&quot;335559739&quot;:0,&quot;335559740&quot;:360}\">\u00a0<\/span><\/p>\n<p><span data-contrast=\"none\">A ministra da Ci\u00eancia, Tecnologia e Inova\u00e7\u00e3o, Luciana Santos, anunciou nesta ter\u00e7a-feira (12) mais R$ 3,5 milh\u00f5es para o edital voltado \u00e0 realiza\u00e7\u00e3o de feiras e olimp\u00edadas do conhecimento.<\/span><span data-ccp-props=\"{&quot;134233117&quot;:false,&quot;134233118&quot;:false,&quot;201341983&quot;:0,&quot;335551550&quot;:0,&quot;335551620&quot;:0,&quot;335559738&quot;:0,&quot;335559739&quot;:0,&quot;335559740&quot;:360}\">\u00a0<\/span><\/p>\n<p><span data-contrast=\"none\">\u201cQueremos este pa\u00eds repleto de feiras, mostras, olimp\u00edadas cient\u00edficas e espa\u00e7os cient\u00edfico-culturais. Por isso, fico muito feliz de poder anunciar que teremos mais tr\u00eas milh\u00f5es e meio de reais para investimentos na realiza\u00e7\u00e3o de feiras e olimp\u00edadas cient\u00edficas em 2024\u201d, afirmou a ministra.<\/span><span data-ccp-props=\"{&quot;134233117&quot;:false,&quot;134233118&quot;:false,&quot;201341983&quot;:0,&quot;335551550&quot;:0,&quot;335551620&quot;:0,&quot;335559738&quot;:0,&quot;335559739&quot;:0,&quot;335559740&quot;:360}\">\u00a0<\/span><\/p>\n<p><span data-contrast=\"none\">No evento, ela homenageou o f\u00edsico e professor Ennio Candotti, que faleceu na semana passada. \u201cEle era um defensor da ci\u00eancia, da tecnologia e da inova\u00e7\u00e3o como propulsoras do desenvolvimento nacional, sempre com aten\u00e7\u00e3o especial para as causas humanit\u00e1rias. E eu n\u00e3o poderia deixar de citar aqui este homem que fez tanto pela divulga\u00e7\u00e3o cient\u00edfica e pela populariza\u00e7\u00e3o da ci\u00eancia. Que ele siga nos inspirando com o seu legado.\u201d<\/span><span data-ccp-props=\"{&quot;134233117&quot;:false,&quot;134233118&quot;:false,&quot;201341983&quot;:0,&quot;335551550&quot;:0,&quot;335551620&quot;:0,&quot;335559738&quot;:0,&quot;335559739&quot;:0,&quot;335559740&quot;:360}\">\u00a0<\/span><\/p>\n<p><span data-contrast=\"none\">\u201cNossa ci\u00eancia \u00e9 feita por quem tem cren\u00e7a nela e por quem acredita que a ci\u00eancia \u00e9 para todos. A ci\u00eancia deve ser discutida em todos os lugares. A solu\u00e7\u00e3o tecnol\u00f3gica pode vir de qualquer lugar, a exemplo de uma comunidade\u201d, acrescentou o secret\u00e1rio de Ci\u00eancia e Tecnologia para o Desenvolvimento Social, In\u00e1cio Arruda.<\/span><span data-ccp-props=\"{&quot;134233117&quot;:false,&quot;134233118&quot;:false,&quot;201341983&quot;:0,&quot;335551550&quot;:0,&quot;335551620&quot;:0,&quot;335559738&quot;:0,&quot;335559739&quot;:0,&quot;335559740&quot;:360}\">\u00a0<\/span><span data-ccp-props=\"{&quot;134233117&quot;:false,&quot;134233118&quot;:false,&quot;201341983&quot;:0,&quot;335551550&quot;:0,&quot;335551620&quot;:0,&quot;335559738&quot;:0,&quot;335559739&quot;:0,&quot;335559740&quot;:360}\">\u00a0<\/span><\/p>\n<p><b><span data-contrast=\"none\">Consecti<\/span><\/b><span data-ccp-props=\"{&quot;134233117&quot;:false,&quot;134233118&quot;:false,&quot;201341983&quot;:0,&quot;335551550&quot;:0,&quot;335551620&quot;:0,&quot;335559738&quot;:0,&quot;335559739&quot;:0,&quot;335559740&quot;:360}\">\u00a0<\/span><span data-ccp-props=\"{&quot;134233117&quot;:false,&quot;134233118&quot;:false,&quot;201341983&quot;:0,&quot;335551550&quot;:0,&quot;335551620&quot;:0,&quot;335559738&quot;:0,&quot;335559739&quot;:0,&quot;335559740&quot;:360}\">\u00a0<\/span><\/p>\n<p><span data-contrast=\"none\">Durante o evento, a ministra assinou o repasse de R$ 500 mil para a elabora\u00e7\u00e3o de um estudo pelo Ibict sobre as iniciativas de populariza\u00e7\u00e3o da ci\u00eancia no Brasil. De acordo com o presidente do Consecti, S\u00edlvio Bulh\u00f5es, o trabalho ser\u00e1 de extrema import\u00e2ncia. \u201cPor meio dele, teremos dados suficientes e completos para planejar as pol\u00edticas p\u00fablicas de populariza\u00e7\u00e3o da ci\u00eancia e entregar resultados ainda melhores para a sociedade\u201d, observou.<\/span><span data-ccp-props=\"{&quot;134233117&quot;:false,&quot;134233118&quot;:false,&quot;201341983&quot;:0,&quot;335551550&quot;:0,&quot;335551620&quot;:0,&quot;335559738&quot;:0,&quot;335559739&quot;:0,&quot;335559740&quot;:360}\">\u00a0<\/span><\/p>\n<p><span data-ccp-props=\"{&quot;201341983&quot;:0,&quot;335551550&quot;:0,&quot;335551620&quot;:0,&quot;335559739&quot;:160,&quot;335559740&quot;:360}\">\u00a0<\/span><\/p>\n<p><span data-ccp-props=\"{&quot;201341983&quot;:0,&quot;335559739&quot;:160,&quot;335559740&quot;:360}\">\u00a0<\/span><\/p>\n<\/div>\n<p><script>(function(d, s, id) {\n  var js, fjs = d.getElementsByTagName(s)[0];\n  if (d.getElementById(id)) return;\n  js = d.createElement(s); js.id = id;\n  js.src = \"\/\/connect.facebook.net\/pt_BR\/all.js#xfbml=1&appId=509544779073047\";\n  fjs.parentNode.insertBefore(js, fjs);\n }(document, 'script', 'facebook-jssdk'));<\/script><\/p>\n","protected":false},"excerpt":{"rendered":"<p>Evento ocorreu nos dias 12 e 13 de dezembro, em Bras\u00edlia Da esquerda para a direita: Paulo Souza, K\u00eania Cristina, Felipe Almeida, Renata Porto, Eder Sacconi e Caroline Jango.\u00a0O IFSP esteve representado no 5\u00ba Encontro Nacional de Populariza\u00e7\u00e3o da Ci\u00eancia \u2014 Ennio Candotti 2023, que ocorreu nos dias 12 e 13 de dezembro, em Bras\u00edlia-DF. &#8230; <a title=\"IFSP participa do 5\u00ba Encontro Nacional de Populariza\u00e7\u00e3o da Ci\u00eancia\u00a0 &#8211; IFSP\" class=\"read-more\" href=\"https:\/\/superinteressantes.com.br\/index.php\/2023\/12\/14\/ifsp-participa-do-5o-encontro-nacional-de-popularizacao-da-ciencia-ifsp\/\" aria-label=\"More on IFSP participa do 5\u00ba Encontro Nacional de Populariza\u00e7\u00e3o da Ci\u00eancia\u00a0 &#8211; IFSP\">Ler mais<\/a><\/p>\n","protected":false},"author":1,"featured_media":0,"comment_status":"open","ping_status":"open","sticky":false,"template":"","format":"standard","meta":{"footnotes":""},"categories":[1],"tags":[],"class_list":["post-4697","post","type-post","status-publish","format-standard","hentry","category-sem-categoria"],"amp_enabled":true,"_links":{"self":[{"href":"https:\/\/superinteressantes.com.br\/index.php\/wp-json\/wp\/v2\/posts\/4697","targetHints":{"allow":["GET"]}}],"collection":[{"href":"https:\/\/superinteressantes.com.br\/index.php\/wp-json\/wp\/v2\/posts"}],"about":[{"href":"https:\/\/superinteressantes.com.br\/index.php\/wp-json\/wp\/v2\/types\/post"}],"author":[{"embeddable":true,"href":"https:\/\/superinteressantes.com.br\/index.php\/wp-json\/wp\/v2\/users\/1"}],"replies":[{"embeddable":true,"href":"https:\/\/superinteressantes.com.br\/index.php\/wp-json\/wp\/v2\/comments?post=4697"}],"version-history":[{"count":0,"href":"https:\/\/superinteressantes.com.br\/index.php\/wp-json\/wp\/v2\/posts\/4697\/revisions"}],"wp:attachment":[{"href":"https:\/\/superinteressantes.com.br\/index.php\/wp-json\/wp\/v2\/media?parent=4697"}],"wp:term":[{"taxonomy":"category","embeddable":true,"href":"https:\/\/superinteressantes.com.br\/index.php\/wp-json\/wp\/v2\/categories?post=4697"},{"taxonomy":"post_tag","embeddable":true,"href":"https:\/\/superinteressantes.com.br\/index.php\/wp-json\/wp\/v2\/tags?post=4697"}],"curies":[{"name":"wp","href":"https:\/\/api.w.org\/{rel}","templated":true}]}}