{"id":4613,"date":"2023-12-12T14:58:30","date_gmt":"2023-12-12T17:58:30","guid":{"rendered":"http:\/\/superinteressantes.com.br\/index.php\/2023\/12\/12\/sabado-tem-feira-de-adocao-de-pets-e-vacinacao-antirrabica\/"},"modified":"2023-12-12T14:58:30","modified_gmt":"2023-12-12T17:58:30","slug":"sabado-tem-feira-de-adocao-de-pets-e-vacinacao-antirrabica","status":"publish","type":"post","link":"https:\/\/superinteressantes.com.br\/index.php\/2023\/12\/12\/sabado-tem-feira-de-adocao-de-pets-e-vacinacao-antirrabica\/","title":{"rendered":"S\u00e1bado tem feira de ado\u00e7\u00e3o de pets e vacina\u00e7\u00e3o antirr\u00e1bica"},"content":{"rendered":"<p><\/p>\n<div>\n<p><b>Cl\u00e1udio Souza<\/b><br \/>&#13;<br \/>\n&#13;<br \/>\n                <span style=\"font-weight: bold;\">Secretaria de Sa\u00fade<\/span><\/p>\n<p align=\"justify\"><span><em>Colabora\u00e7\u00e3o da estagi\u00e1ria Rayane Ricardo<\/em><\/span><\/p>\n<p align=\"justify\"><span>A Prefeitura de S\u00e3o Jos\u00e9 dos Campos realiza neste s\u00e1bado (16), das 8h30 \u00e0s 13h30, a \u00faltima feira de ado\u00e7\u00e3o de c\u00e3es e gatos deste ano no CCZ (Centro de Controle de Zoonoses), localizado na rua George Williams, 581, no Parque Industrial, na regi\u00e3o sul.<br \/><\/span><\/p>\n<p align=\"justify\">Estar\u00e3o dispon\u00edveis 72 animais, todos castrados e microchipados, cuja lista pode ser consultada na<span>\u00a0<\/span><span>\u00a0<\/span><span>p\u00e1gina do CCZ<\/span><span>.<\/span><span>\u00a0<\/span>S\u00e3o 70 c\u00e3es (59 machos e 11 f\u00eameas) e 2 gatas.\u00a0<span>Os requisitos para poder adotar s\u00e3o ter 18 anos ou mais, morar em S\u00e3o Jos\u00e9 e apresentar documento original com foto e CPF para a formaliza\u00e7\u00e3o do processo.<\/span><\/p>\n<p align=\"justify\"><span>Ap\u00f3s o procedimento ser conclu\u00eddo, a equipe respons\u00e1vel agenda uma visita na casa do dono na semana seguinte para avaliar a adapta\u00e7\u00e3o do animal.<\/span><\/p>\n<p align=\"justify\"><span>Durante a feira, os visitantes poder\u00e3o levar o animalzinho de estima\u00e7\u00e3o para tomar a vacina antirr\u00e1bica.<br \/><\/span><\/p>\n<p align=\"justify\"><span>A recomenda\u00e7\u00e3o \u00e9 de que os pets sejam conduzidos com coleira e guia, acompanhados por uma pessoa adulta. Tamb\u00e9m \u00e9 importante que os tutores levem a caderneta de vacina\u00e7\u00e3o.<br \/><\/span><\/p>\n<p align=\"justify\"><span>Adotar um animal requer responsabilidade e dedica\u00e7\u00e3o. Neste ano,\u00a0<\/span><span>85<\/span><span>\u00a0pets ganharam novos amigos, dispostos a cuidar bem deles.<\/span><\/p>\n<p align=\"justify\">Somente neste ano, foram adotados 91 pets, sendo 54 gatos e 37 c\u00e3es, e vacinados 5.705 animais, sendo 4.450 c\u00e3es e 1.255 gatos.<\/p>\n<p align=\"justify\"><span class=\"intertitulo\">Bem-estar animal<\/span><\/p>\n<p align=\"justify\"><span>Criado em 2018, o programa Meu Pet Feliz tem como objetivo estimular a sa\u00fade e o bem-estar de c\u00e3es e gatos, com \u00eanfase na posse respons\u00e1vel.<\/span><\/p>\n<p align=\"justify\"><span>Engloba diversas a\u00e7\u00f5es cont\u00ednuas,\u00a0<\/span>como as feiras de ado\u00e7\u00e3o de c\u00e3es e gatos, as vacina\u00e7\u00f5es antirr\u00e1bicas, as castra\u00e7\u00f5es e microchipagens de pets e as a\u00e7\u00f5es do castram\u00f3vel, a unidade m\u00f3vel implementada pela Prefeitura.\u00a0<\/p>\n<p align=\"justify\"><span>Desde 2018, j\u00e1 foram realizadas\u00a0<\/span><span>24.715 castra\u00e7\u00f5es de pets, sendo 7.627 com apoio do castram\u00f3vel.<\/span><\/p>\n<p align=\"justify\"><span>A amplia\u00e7\u00e3o do atendimento gratuito do programa Meu Pet Feliz \u00e9 mais um compromisso cumprido do Plano de Gest\u00e3o 2021-2024.<\/span><\/p>\n<p>&#13;<br \/>\n                        <strong>MAIS NOT\u00cdCIAS<\/strong><br \/>&#13;<br \/>\n                        Secretaria de Sa\u00fade&#13;\n                    <\/p>\n<\/p><\/div>\n","protected":false},"excerpt":{"rendered":"<p>Cl\u00e1udio Souza&#13; &#13; Secretaria de Sa\u00fade Colabora\u00e7\u00e3o da estagi\u00e1ria Rayane Ricardo A Prefeitura de S\u00e3o Jos\u00e9 dos Campos realiza neste s\u00e1bado (16), das 8h30 \u00e0s 13h30, a \u00faltima feira de ado\u00e7\u00e3o de c\u00e3es e gatos deste ano no CCZ (Centro de Controle de Zoonoses), localizado na rua George Williams, 581, no Parque Industrial, na regi\u00e3o &#8230; <a title=\"S\u00e1bado tem feira de ado\u00e7\u00e3o de pets e vacina\u00e7\u00e3o antirr\u00e1bica\" class=\"read-more\" href=\"https:\/\/superinteressantes.com.br\/index.php\/2023\/12\/12\/sabado-tem-feira-de-adocao-de-pets-e-vacinacao-antirrabica\/\" aria-label=\"More on S\u00e1bado tem feira de ado\u00e7\u00e3o de pets e vacina\u00e7\u00e3o antirr\u00e1bica\">Ler mais<\/a><\/p>\n","protected":false},"author":1,"featured_media":0,"comment_status":"open","ping_status":"open","sticky":false,"template":"","format":"standard","meta":{"footnotes":""},"categories":[1],"tags":[],"class_list":["post-4613","post","type-post","status-publish","format-standard","hentry","category-sem-categoria"],"amp_enabled":true,"_links":{"self":[{"href":"https:\/\/superinteressantes.com.br\/index.php\/wp-json\/wp\/v2\/posts\/4613","targetHints":{"allow":["GET"]}}],"collection":[{"href":"https:\/\/superinteressantes.com.br\/index.php\/wp-json\/wp\/v2\/posts"}],"about":[{"href":"https:\/\/superinteressantes.com.br\/index.php\/wp-json\/wp\/v2\/types\/post"}],"author":[{"embeddable":true,"href":"https:\/\/superinteressantes.com.br\/index.php\/wp-json\/wp\/v2\/users\/1"}],"replies":[{"embeddable":true,"href":"https:\/\/superinteressantes.com.br\/index.php\/wp-json\/wp\/v2\/comments?post=4613"}],"version-history":[{"count":0,"href":"https:\/\/superinteressantes.com.br\/index.php\/wp-json\/wp\/v2\/posts\/4613\/revisions"}],"wp:attachment":[{"href":"https:\/\/superinteressantes.com.br\/index.php\/wp-json\/wp\/v2\/media?parent=4613"}],"wp:term":[{"taxonomy":"category","embeddable":true,"href":"https:\/\/superinteressantes.com.br\/index.php\/wp-json\/wp\/v2\/categories?post=4613"},{"taxonomy":"post_tag","embeddable":true,"href":"https:\/\/superinteressantes.com.br\/index.php\/wp-json\/wp\/v2\/tags?post=4613"}],"curies":[{"name":"wp","href":"https:\/\/api.w.org\/{rel}","templated":true}]}}