{"id":4608,"date":"2023-12-12T11:00:08","date_gmt":"2023-12-12T14:00:08","guid":{"rendered":"http:\/\/superinteressantes.com.br\/index.php\/2023\/12\/12\/escola-de-formacao-da-gcm-de-sorocaba-gradua-38-novos-guardas-para-atuacao-em-cidades-da-regiao-noticias\/"},"modified":"2023-12-12T11:00:08","modified_gmt":"2023-12-12T14:00:08","slug":"escola-de-formacao-da-gcm-de-sorocaba-gradua-38-novos-guardas-para-atuacao-em-cidades-da-regiao-noticias","status":"publish","type":"post","link":"https:\/\/superinteressantes.com.br\/index.php\/2023\/12\/12\/escola-de-formacao-da-gcm-de-sorocaba-gradua-38-novos-guardas-para-atuacao-em-cidades-da-regiao-noticias\/","title":{"rendered":"Escola de Forma\u00e7\u00e3o da GCM de Sorocaba gradua 38 novos guardas para atua\u00e7\u00e3o em cidades da regi\u00e3o \u2013 Noticias"},"content":{"rendered":"<p><\/p>\n<div>\n<p>\u00a0<\/p>\n<p><em>Fotos: GCM<\/em><\/p>\n<p><strong>Por: Eduardo Santinon<\/strong><\/p>\n<p>\u00a0<\/p>\n<p>A Prefeitura de Sorocaba, por meio da Secretaria de Seguran\u00e7a Urbana (Sesu) e da Escola de Forma\u00e7\u00e3o, Aperfei\u00e7oamento e Especializa\u00e7\u00e3o (Efae) da Guarda Civil Municipal (GCM) de Sorocaba, graduou 38 guardas civil que v\u00e3o atuam em quatro cidades da Regi\u00e3o Metropolitana: Pilar do Sul, Capela do Alto, Salto de Pirapora e Iper\u00f3. A solenidade de formatura ocorreu na \u00faltima semana, no audit\u00f3rio do Parque Tecnol\u00f3gico de Sorocaba (PTS).<\/p>\n<p>As aulas do curso de forma\u00e7\u00e3o, mediante conv\u00eanio assinado com as Prefeituras dessas localidades, teve in\u00edcio em 5 de junho deste ano e terminaram no \u00faltimo dia 1 de dezembro.\u00a0 Foram 800 horas de aulas, ao longo de seis meses de ensinamento t\u00e9cnico-profissional, necess\u00e1rio ao exerc\u00edcio do of\u00edcio de guarda civil, seguindo matriz curricular da Secretaria Nacional de Seguran\u00e7a P\u00fablica, para forma\u00e7\u00e3o b\u00e1sica em Seguran\u00e7a P\u00fablica para Guardas Municipais.<\/p>\n<p>\u201cSorocaba \u00e9 refer\u00eancia na Regi\u00e3o Metropolitana, tamb\u00e9m em termos de forma\u00e7\u00e3o de GCMs. Tenho certeza que cada um desses novos guardas municipais far\u00e3o a diferen\u00e7a no dia a dia, em seus respectivos munic\u00edpios, garantindo a preserva\u00e7\u00e3o do patrim\u00f4nio p\u00fablico e a seguran\u00e7a da popula\u00e7\u00e3o local. Todos os envolvidos, assim como os formandos, merecem o nosso reconhecimento e est\u00e3o de parab\u00e9ns!\u201d, destacou\u00a0 o secret\u00e1rio da Sesu de Sorocaba, Alexandre Caixeiro.<\/p>\n<p>Tamb\u00e9m participaram do evento o deputado federal Coronel Telhada; o deputado estadual Danilo Balas; os prefeitos Matheus Marum (Salto de Pirapora) e Pericles Gon\u00e7alves (Capela do Alto); o Comandante do 7\u00ba Batalh\u00e3o da Pol\u00edcia Militar do Interior, Tenente-Coronel Sidney Vieira; o delegado Seccional de Pol\u00edcia de Sorocaba, Jos\u00e9 Humberto Urban Filho; o delegado de pol\u00edcia Luiz Lara, representando o Departamento de Pol\u00edcia Judici\u00e1ria de S\u00e3o Paulo Interior\u00a0 7 (Deinter-7); O Capit\u00e3o-Tenente Muniz, do Centro Experimental Aramar; o Capit\u00e3o PM Gutierrez, do Comando de Policiamento do Interior 7 (CPI-7); o subtenente Magnaldo Lima Barbosa, do Tiro de Guerra de Sorocaba; o Comandante-Geral da GCM de Sorocaba, Davi Dutra; Juliana Neves, vice-presidente do Conselho de Seguran\u00e7a (Conseg) Norte Sorocaba; Vera Helena Oliva de Moraes, presidente do Conseg Leste\/Oeste Sorocaba; vereadores da regi\u00e3o; representantes das GCMs, formandos, padrinhos, amigos e instrutores da Efae.<\/p>\n<p>Durante o treinamento, os GCMS rec\u00e9m-formados participaram, inclusive, de est\u00e1gio em plant\u00f5es de pol\u00edcia e atuaram em eventos no munic\u00edpio de Sorocaba, como a Festa Junina Beneficente e o Dia das Crian\u00e7as, sempre supervisionados por instrutores, a fim de colocar em pr\u00e1tica os ensinamentos adquiridos em sala de aula.<\/p>\n<p>O efetivo foi atualizado em mat\u00e9rias de legisla\u00e7\u00e3o, administrativa, operacional e de t\u00e1ticas especializadas, inclusive com \u00eanfase em novas tecnologias, como: estat\u00edstica e mapeamento estrat\u00e9gico; registro eletr\u00f4nico de ocorr\u00eancias; monitoramento de viaturas por Sistema de Posicionamento Global \u2013 GPS, opera\u00e7\u00e3o de c\u00e2meras de videomonitoramento; monitoramento das instala\u00e7\u00f5es e pr\u00e9dios p\u00fablicos, assim como de casos recebidos via aplicativos de seguran\u00e7a.<\/p>\n<p>A Efae adota um modelo moderno de ensino em Pol\u00edcia Administrativa de Aproxima\u00e7\u00e3o e Prote\u00e7\u00e3o Comunit\u00e1ria, com corpo docente composto por instrutores pr\u00f3prios e convidados, cada qual com excel\u00eancia de conhecimento e not\u00f3rio saber na disciplina que ministra. A unidade opera na Rua Gustavo \u00c2ngelo Alvarenga, 634, Jardim Ana Maria, espa\u00e7o que foi totalmente revitalizado, neste ano, e que conta com instala\u00e7\u00f5es modernas e adequadas para o treinamento de guardas civis municipais de Sorocaba e regi\u00e3o.<\/p>\n<p>\u201cO que buscamos \u00e9 a padroniza\u00e7\u00e3o na forma\u00e7\u00e3o da Guarda, sendo que os instrutores s\u00e3o agentes multiplicadores das novas realidades t\u00e9cnicas em se fazer seguran\u00e7a p\u00fablica, voltada \u00e0 prote\u00e7\u00e3o municipal. A coopera\u00e7\u00e3o m\u00fatua e a troca de experi\u00eancias entre as GCMs e outras for\u00e7as de seguran\u00e7a p\u00fablica tamb\u00e9m s\u00e3o fundamentais nessa capacita\u00e7\u00e3o, sempre de maneira integrada\u201d, aponta o Comandante-Geral da GCM de Sorocaba, Davi Dutra.<\/p>\n<p>Segundo o regimento interno da GCM, \u00e9 principio fundamental da Efae, dentre outros, a forma\u00e7\u00e3o acad\u00eamica com primazia e zelo, al\u00e9m do ber\u00e7o da boa e ilibada norma de conduta da Corpora\u00e7\u00e3o. A Efae come\u00e7ou em 2003, como escola de forma\u00e7\u00e3o, mas, antes disso, j\u00e1 atuava como N\u00facleo de Capacita\u00e7\u00e3o T\u00e9cnica. Agora, estabelece-se como verdadeira Academia Metropolitana de Guardas Civis, conveniada \u00e0 Pol\u00edcia Federal e com respaldo de todas as demais for\u00e7as policiais.<\/p>\n<p>\u00a0<\/p>\n<\/p><\/div>\n","protected":false},"excerpt":{"rendered":"<p>\u00a0 Fotos: GCM Por: Eduardo Santinon \u00a0 A Prefeitura de Sorocaba, por meio da Secretaria de Seguran\u00e7a Urbana (Sesu) e da Escola de Forma\u00e7\u00e3o, Aperfei\u00e7oamento e Especializa\u00e7\u00e3o (Efae) da Guarda Civil Municipal (GCM) de Sorocaba, graduou 38 guardas civil que v\u00e3o atuam em quatro cidades da Regi\u00e3o Metropolitana: Pilar do Sul, Capela do Alto, Salto &#8230; <a title=\"Escola de Forma\u00e7\u00e3o da GCM de Sorocaba gradua 38 novos guardas para atua\u00e7\u00e3o em cidades da regi\u00e3o \u2013 Noticias\" class=\"read-more\" href=\"https:\/\/superinteressantes.com.br\/index.php\/2023\/12\/12\/escola-de-formacao-da-gcm-de-sorocaba-gradua-38-novos-guardas-para-atuacao-em-cidades-da-regiao-noticias\/\" aria-label=\"More on Escola de Forma\u00e7\u00e3o da GCM de Sorocaba gradua 38 novos guardas para atua\u00e7\u00e3o em cidades da regi\u00e3o \u2013 Noticias\">Ler mais<\/a><\/p>\n","protected":false},"author":1,"featured_media":0,"comment_status":"open","ping_status":"open","sticky":false,"template":"","format":"standard","meta":{"footnotes":""},"categories":[1],"tags":[],"class_list":["post-4608","post","type-post","status-publish","format-standard","hentry","category-sem-categoria"],"amp_enabled":true,"_links":{"self":[{"href":"https:\/\/superinteressantes.com.br\/index.php\/wp-json\/wp\/v2\/posts\/4608","targetHints":{"allow":["GET"]}}],"collection":[{"href":"https:\/\/superinteressantes.com.br\/index.php\/wp-json\/wp\/v2\/posts"}],"about":[{"href":"https:\/\/superinteressantes.com.br\/index.php\/wp-json\/wp\/v2\/types\/post"}],"author":[{"embeddable":true,"href":"https:\/\/superinteressantes.com.br\/index.php\/wp-json\/wp\/v2\/users\/1"}],"replies":[{"embeddable":true,"href":"https:\/\/superinteressantes.com.br\/index.php\/wp-json\/wp\/v2\/comments?post=4608"}],"version-history":[{"count":0,"href":"https:\/\/superinteressantes.com.br\/index.php\/wp-json\/wp\/v2\/posts\/4608\/revisions"}],"wp:attachment":[{"href":"https:\/\/superinteressantes.com.br\/index.php\/wp-json\/wp\/v2\/media?parent=4608"}],"wp:term":[{"taxonomy":"category","embeddable":true,"href":"https:\/\/superinteressantes.com.br\/index.php\/wp-json\/wp\/v2\/categories?post=4608"},{"taxonomy":"post_tag","embeddable":true,"href":"https:\/\/superinteressantes.com.br\/index.php\/wp-json\/wp\/v2\/tags?post=4608"}],"curies":[{"name":"wp","href":"https:\/\/api.w.org\/{rel}","templated":true}]}}