{"id":4605,"date":"2023-12-12T10:11:05","date_gmt":"2023-12-12T13:11:05","guid":{"rendered":"http:\/\/superinteressantes.com.br\/index.php\/2023\/12\/12\/eugenio-de-melo-tera-presepio-especial-na-casa-de-cultura\/"},"modified":"2023-12-12T10:11:05","modified_gmt":"2023-12-12T13:11:05","slug":"eugenio-de-melo-tera-presepio-especial-na-casa-de-cultura","status":"publish","type":"post","link":"https:\/\/superinteressantes.com.br\/index.php\/2023\/12\/12\/eugenio-de-melo-tera-presepio-especial-na-casa-de-cultura\/","title":{"rendered":"Eug\u00eanio de Melo ter\u00e1 pres\u00e9pio especial na Casa de Cultura"},"content":{"rendered":"<p><\/p>\n<div>\n<p><b>Bianca de Aquino<\/b><br \/>&#13;<br \/>\n&#13;<br \/>\n                <span style=\"font-weight: bold;\">Funda\u00e7\u00e3o Cultural Cassiano Ricardo<\/span><\/p>\n<p>A Casa de Cultura Rancho do Tropeiro Ernesto Villela, no distrito de Eug\u00eanio de Melo, abre o tradicional pres\u00e9pio natalino nesta sexta-feira, \u00e0s 17h. Para trazer ainda mais encanto ao evento, participam tamb\u00e9m grupos de Folia de Reis &#8220;Mestre Z\u00e9 Mira\u201d (in memoriam) e &#8220;Mestre Giba Reys, com Coletivo Figureiras Santo de Casa. O evento \u00e9 uma realiza\u00e7\u00e3o da Prefeitura de S\u00e3o Jos\u00e9 dos Campos e Funda\u00e7\u00e3o Cultural Cassiano Ricardo.<\/p>\n<p>Este ano o pres\u00e9pio foi feito de materiais recicl\u00e1veis por Terezinha Reis e com figuras confeccionadas pelos aprendizes das oficinas de Modelagem em Argila, sob a orienta\u00e7\u00e3o da figureira Mirna Tominaga. O pres\u00e9pio ficar\u00e1 exposto para visita\u00e7\u00e3o at\u00e9 o dia 31 de janeiro de 2024.<\/p>\n<p>\u00a0<\/p>\n<p><strong>Exposi\u00e7\u00e3o do Pres\u00e9pio<br \/><\/strong>15 de dezembro \u00e0 31 de janeiro de 2024<\/p>\n<p><strong>Casa de Cultura Rancho do Tropeiro Ernesto Villela<\/strong><span><br \/><\/span>Rua Ambr\u00f3sio Molina, 184 &#8211; Eug\u00eanio de Melo<\/p>\n<p>\u00a0<\/p>\n<p>&#13;<br \/>\n                        <strong>MAIS NOT\u00cdCIAS<\/strong><br \/>&#13;<br \/>\n                        Funda\u00e7\u00e3o Cultural Cassiano Ricardo&#13;\n                    <\/p>\n<\/p><\/div>\n","protected":false},"excerpt":{"rendered":"<p>Bianca de Aquino&#13; &#13; Funda\u00e7\u00e3o Cultural Cassiano Ricardo A Casa de Cultura Rancho do Tropeiro Ernesto Villela, no distrito de Eug\u00eanio de Melo, abre o tradicional pres\u00e9pio natalino nesta sexta-feira, \u00e0s 17h. Para trazer ainda mais encanto ao evento, participam tamb\u00e9m grupos de Folia de Reis &#8220;Mestre Z\u00e9 Mira\u201d (in memoriam) e &#8220;Mestre Giba Reys, &#8230; <a title=\"Eug\u00eanio de Melo ter\u00e1 pres\u00e9pio especial na Casa de Cultura\" class=\"read-more\" href=\"https:\/\/superinteressantes.com.br\/index.php\/2023\/12\/12\/eugenio-de-melo-tera-presepio-especial-na-casa-de-cultura\/\" aria-label=\"More on Eug\u00eanio de Melo ter\u00e1 pres\u00e9pio especial na Casa de Cultura\">Ler mais<\/a><\/p>\n","protected":false},"author":1,"featured_media":0,"comment_status":"open","ping_status":"open","sticky":false,"template":"","format":"standard","meta":{"footnotes":""},"categories":[1],"tags":[],"class_list":["post-4605","post","type-post","status-publish","format-standard","hentry","category-sem-categoria"],"amp_enabled":true,"_links":{"self":[{"href":"https:\/\/superinteressantes.com.br\/index.php\/wp-json\/wp\/v2\/posts\/4605","targetHints":{"allow":["GET"]}}],"collection":[{"href":"https:\/\/superinteressantes.com.br\/index.php\/wp-json\/wp\/v2\/posts"}],"about":[{"href":"https:\/\/superinteressantes.com.br\/index.php\/wp-json\/wp\/v2\/types\/post"}],"author":[{"embeddable":true,"href":"https:\/\/superinteressantes.com.br\/index.php\/wp-json\/wp\/v2\/users\/1"}],"replies":[{"embeddable":true,"href":"https:\/\/superinteressantes.com.br\/index.php\/wp-json\/wp\/v2\/comments?post=4605"}],"version-history":[{"count":0,"href":"https:\/\/superinteressantes.com.br\/index.php\/wp-json\/wp\/v2\/posts\/4605\/revisions"}],"wp:attachment":[{"href":"https:\/\/superinteressantes.com.br\/index.php\/wp-json\/wp\/v2\/media?parent=4605"}],"wp:term":[{"taxonomy":"category","embeddable":true,"href":"https:\/\/superinteressantes.com.br\/index.php\/wp-json\/wp\/v2\/categories?post=4605"},{"taxonomy":"post_tag","embeddable":true,"href":"https:\/\/superinteressantes.com.br\/index.php\/wp-json\/wp\/v2\/tags?post=4605"}],"curies":[{"name":"wp","href":"https:\/\/api.w.org\/{rel}","templated":true}]}}