{"id":4532,"date":"2023-12-10T10:16:07","date_gmt":"2023-12-10T13:16:07","guid":{"rendered":"http:\/\/superinteressantes.com.br\/index.php\/2023\/12\/10\/prefeitura-de-cuiab-carreta-do-natal-da-gente-2023-ir-percorrer-as-regies-sul-oeste-norte-e-leste-da-capital-lanamento-ser-no-dia-10\/"},"modified":"2023-12-10T10:16:07","modified_gmt":"2023-12-10T13:16:07","slug":"prefeitura-de-cuiab-carreta-do-natal-da-gente-2023-ir-percorrer-as-regies-sul-oeste-norte-e-leste-da-capital-lanamento-ser-no-dia-10","status":"publish","type":"post","link":"https:\/\/superinteressantes.com.br\/index.php\/2023\/12\/10\/prefeitura-de-cuiab-carreta-do-natal-da-gente-2023-ir-percorrer-as-regies-sul-oeste-norte-e-leste-da-capital-lanamento-ser-no-dia-10\/","title":{"rendered":"Prefeitura de Cuiab | Carreta do &#8216;Natal da Gente 2023&#8217; ir percorrer as regies Sul, Oeste, Norte e Leste da capital; Lanamento ser no dia 10"},"content":{"rendered":"<p><\/p>\n<div itemprop=\"articleBody\">\n<p>A programa\u00e7\u00e3o do \u2018Natal da Gente 2023\u2019, uma parceria da Prefeitura de Cuiab\u00e1, Coral da UFMT, Energisa, O Botic\u00e1rio, \u00c1guas Cuiab\u00e1 e Assembleia Legislativa de Mato Grosso, levar\u00e1 encantamento \u00e0 popula\u00e7\u00e3o das regi\u00f5es Sul, Oeste, Norte e Leste de Cuiab\u00e1. O lan\u00e7amento da programa\u00e7\u00e3o ser\u00e1 no domingo (10), a partir das 19h, no Parque das \u00c1guas. Haver\u00e1 a apresenta\u00e7\u00e3o de corais do programa Siminina e Universidade Federal de Mato Grosso, e a chegada do bom velhinho ser\u00e1 realizada pelos personagens da Disney, Mickey Mouse e Minnie. A iniciativa \u00e9 coordenada pela Secretaria Municipal de Cultura, Esporte e Lazer.<\/p>\n<p>O Papai Noel ter\u00e1 uma carreta especialmente decorada e com estrutura que promover\u00e1 a acessibilidade para pessoas com dificuldade de mobilidade e ir\u00e1 percorrer dez bairros, prometendo espalhar a magia do Natal em diferentes bairros da cidade.<\/p>\n<p>\u201cA\u00e7\u00f5es l\u00fadicas relacionadas ao Natal ajudam a criar um ambiente festivo e a transmitir valores, como generosidade, solidariedade e amor ao pr\u00f3ximo. Essas experi\u00eancias contribuem para a forma\u00e7\u00e3o da identidade cultural da crian\u00e7a\u201d, explica o prefeito de Cuiab\u00e1, Emanuel Pinheiro, lembrando que dezenas de pessoas est\u00e3o engajadas para a execu\u00e7\u00e3o do projeto.<\/p>\n<p>A regi\u00e3o Sul ser\u00e1 a primeira contemplada com a programa\u00e7\u00e3o, que ser\u00e1 realizada sempre das 19h \u00e0s 22h. Na segunda-feira (11), na Pra\u00e7a Cultura do Pedra 90. No dia 12 (ter\u00e7a-feira), a Avenida Espig\u00e3o\/Tijucal ser\u00e1 iluminada com as luzes do Natal da Gente 2023. Em seguida, ser\u00e1 a vez dos moradores da regi\u00e3o Oeste. A Pra\u00e7a Cultural do Parque Cuiab\u00e1 ser\u00e1 o cen\u00e1rio m\u00e1gico no dia 13, seguida pelo Campo do Are\u00e3o\/Santa Isabel no dia 14 de dezembro. A programa\u00e7\u00e3o ter\u00e1 in\u00edcio sempre \u00e0s 19h at\u00e9 as 22h.<\/p>\n<p>No bairro do Distrito do Coxip\u00f3, regi\u00e3o Norte da capital, a carreta estar\u00e1 no local para fazer a alegria dos moradores com muita m\u00fasica, alegria e divers\u00e3o. Entre os dias 16 e 17, as festividades ocorrer\u00e3o no campo de futebol do bairro Jardim Uni\u00e3o e no campo de futebol do bairro Tr\u00eas Barras. Os moradores do CPA I tamb\u00e9m ir\u00e3o receber a visita do Papai Noel. O local escolhido foi a pra\u00e7a pr\u00f3xima ao Terminal, no dia 18 de dezembro. Lembrando que a programa\u00e7\u00e3o come\u00e7a \u00e0s 19h. Na ter\u00e7a-feira (19), a carreta estar\u00e1 no bairro Campo Velho. E para encerrar com chave de ouro, no dia 20 (quarta-feira), a a\u00e7\u00e3o do Natal da Gente 2023 ser\u00e1 no Parque Tia Nair.<\/p>\n<\/div>\n","protected":false},"excerpt":{"rendered":"<p>A programa\u00e7\u00e3o do \u2018Natal da Gente 2023\u2019, uma parceria da Prefeitura de Cuiab\u00e1, Coral da UFMT, Energisa, O Botic\u00e1rio, \u00c1guas Cuiab\u00e1 e Assembleia Legislativa de Mato Grosso, levar\u00e1 encantamento \u00e0 popula\u00e7\u00e3o das regi\u00f5es Sul, Oeste, Norte e Leste de Cuiab\u00e1. O lan\u00e7amento da programa\u00e7\u00e3o ser\u00e1 no domingo (10), a partir das 19h, no Parque das &#8230; <a title=\"Prefeitura de Cuiab | Carreta do &#8216;Natal da Gente 2023&#8217; ir percorrer as regies Sul, Oeste, Norte e Leste da capital; Lanamento ser no dia 10\" class=\"read-more\" href=\"https:\/\/superinteressantes.com.br\/index.php\/2023\/12\/10\/prefeitura-de-cuiab-carreta-do-natal-da-gente-2023-ir-percorrer-as-regies-sul-oeste-norte-e-leste-da-capital-lanamento-ser-no-dia-10\/\" aria-label=\"More on Prefeitura de Cuiab | Carreta do &#8216;Natal da Gente 2023&#8217; ir percorrer as regies Sul, Oeste, Norte e Leste da capital; Lanamento ser no dia 10\">Ler mais<\/a><\/p>\n","protected":false},"author":1,"featured_media":0,"comment_status":"open","ping_status":"open","sticky":false,"template":"","format":"standard","meta":{"footnotes":""},"categories":[1],"tags":[],"class_list":["post-4532","post","type-post","status-publish","format-standard","hentry","category-sem-categoria"],"amp_enabled":true,"_links":{"self":[{"href":"https:\/\/superinteressantes.com.br\/index.php\/wp-json\/wp\/v2\/posts\/4532","targetHints":{"allow":["GET"]}}],"collection":[{"href":"https:\/\/superinteressantes.com.br\/index.php\/wp-json\/wp\/v2\/posts"}],"about":[{"href":"https:\/\/superinteressantes.com.br\/index.php\/wp-json\/wp\/v2\/types\/post"}],"author":[{"embeddable":true,"href":"https:\/\/superinteressantes.com.br\/index.php\/wp-json\/wp\/v2\/users\/1"}],"replies":[{"embeddable":true,"href":"https:\/\/superinteressantes.com.br\/index.php\/wp-json\/wp\/v2\/comments?post=4532"}],"version-history":[{"count":0,"href":"https:\/\/superinteressantes.com.br\/index.php\/wp-json\/wp\/v2\/posts\/4532\/revisions"}],"wp:attachment":[{"href":"https:\/\/superinteressantes.com.br\/index.php\/wp-json\/wp\/v2\/media?parent=4532"}],"wp:term":[{"taxonomy":"category","embeddable":true,"href":"https:\/\/superinteressantes.com.br\/index.php\/wp-json\/wp\/v2\/categories?post=4532"},{"taxonomy":"post_tag","embeddable":true,"href":"https:\/\/superinteressantes.com.br\/index.php\/wp-json\/wp\/v2\/tags?post=4532"}],"curies":[{"name":"wp","href":"https:\/\/api.w.org\/{rel}","templated":true}]}}