{"id":4428,"date":"2023-12-07T15:22:03","date_gmt":"2023-12-07T18:22:03","guid":{"rendered":"http:\/\/superinteressantes.com.br\/index.php\/2023\/12\/07\/defesa-civil-recomenda-retirada-de-restante-do-teto-da-academia-de-comercio\/"},"modified":"2023-12-07T15:22:03","modified_gmt":"2023-12-07T18:22:03","slug":"defesa-civil-recomenda-retirada-de-restante-do-teto-da-academia-de-comercio","status":"publish","type":"post","link":"https:\/\/superinteressantes.com.br\/index.php\/2023\/12\/07\/defesa-civil-recomenda-retirada-de-restante-do-teto-da-academia-de-comercio\/","title":{"rendered":"Defesa Civil recomenda retirada de restante do teto da Academia de Com\u00e9rcio"},"content":{"rendered":"<p><\/p>\n<div>\n<h5 class=\"text-primary\">Ap\u00f3s desabamento<\/h5>\n<p>                        <!-- Mostra o t&iacute;tulo como um link para o link permanente do post --><\/p>\n<h2 class=\"mb-3\">Defesa Civil recomenda retirada de restante do teto da Academia de Com\u00e9rcio<\/h2>\n<p class=\"text-secondary font-italic mb-3 p-0\">&#13;<br \/>\n                            <i class=\"fa fa-calendar\"\/> 07\/12\/2023 | &#13;<br \/>\n                            <i class=\"fa fa-clock-o\"\/> 15:00 |&#13;<br \/>\n                            <i class=\"fa fa-eye\"\/> 39                        <\/p>\n<p>                        <!-- Mostra o conte&uacute;do do post em uma DIV --><\/p>\n<div class=\"\">\n<p>A Coordenadoria Municipal de Prote\u00e7\u00e3o e Defesa Civil (Compdec-JP) foi acionada, na manh\u00e3 desta quinta-feira (7), devido ao desabamento de parte da estrutura de coberta da antiga Academia de Com\u00e9rcio, na Rua das Trincheiras, no Centro de Jo\u00e3o Pessoa. Apesar do incidente, n\u00e3o houve feridos. \u00a0 <\/p>\n<p>O im\u00f3vel est\u00e1 abandonado e pertence \u00e0 Universidade Federal da Para\u00edba (UFPB), que ser\u00e1 notificada para retirar o restante da estrutura de coberta e garantir a integridade estrutural do pr\u00e9dio. \u00a0 <\/p>\n<figure class=\"wp-block-gallery has-nested-images columns-default is-cropped wp-block-gallery-1 is-layout-flex wp-block-gallery-is-layout-flex\">\n<figure class=\"wp-block-image size-large\"><\/figure>\n<figure class=\"wp-block-image size-large\"><\/figure>\n<figure class=\"wp-block-image size-large\"><\/figure>\n<\/figure>\n<p>Segundo o diretor de Minimiza\u00e7\u00e3o de Desastres da Defesa Civil, Antonio Esteves, o colapso da estrutura ocorreu por causa do apodrecimento das pe\u00e7as de madeira por excesso de umidade e praga de cupins. \u00a0<\/p>\n<\/p><\/div>\n<\/p><\/div>\n","protected":false},"excerpt":{"rendered":"<p>Ap\u00f3s desabamento Defesa Civil recomenda retirada de restante do teto da Academia de Com\u00e9rcio &#13; 07\/12\/2023 | &#13; 15:00 |&#13; 39 A Coordenadoria Municipal de Prote\u00e7\u00e3o e Defesa Civil (Compdec-JP) foi acionada, na manh\u00e3 desta quinta-feira (7), devido ao desabamento de parte da estrutura de coberta da antiga Academia de Com\u00e9rcio, na Rua das Trincheiras, &#8230; <a title=\"Defesa Civil recomenda retirada de restante do teto da Academia de Com\u00e9rcio\" class=\"read-more\" href=\"https:\/\/superinteressantes.com.br\/index.php\/2023\/12\/07\/defesa-civil-recomenda-retirada-de-restante-do-teto-da-academia-de-comercio\/\" aria-label=\"More on Defesa Civil recomenda retirada de restante do teto da Academia de Com\u00e9rcio\">Ler mais<\/a><\/p>\n","protected":false},"author":1,"featured_media":0,"comment_status":"open","ping_status":"open","sticky":false,"template":"","format":"standard","meta":{"footnotes":""},"categories":[1],"tags":[],"class_list":["post-4428","post","type-post","status-publish","format-standard","hentry","category-sem-categoria"],"amp_enabled":true,"_links":{"self":[{"href":"https:\/\/superinteressantes.com.br\/index.php\/wp-json\/wp\/v2\/posts\/4428","targetHints":{"allow":["GET"]}}],"collection":[{"href":"https:\/\/superinteressantes.com.br\/index.php\/wp-json\/wp\/v2\/posts"}],"about":[{"href":"https:\/\/superinteressantes.com.br\/index.php\/wp-json\/wp\/v2\/types\/post"}],"author":[{"embeddable":true,"href":"https:\/\/superinteressantes.com.br\/index.php\/wp-json\/wp\/v2\/users\/1"}],"replies":[{"embeddable":true,"href":"https:\/\/superinteressantes.com.br\/index.php\/wp-json\/wp\/v2\/comments?post=4428"}],"version-history":[{"count":0,"href":"https:\/\/superinteressantes.com.br\/index.php\/wp-json\/wp\/v2\/posts\/4428\/revisions"}],"wp:attachment":[{"href":"https:\/\/superinteressantes.com.br\/index.php\/wp-json\/wp\/v2\/media?parent=4428"}],"wp:term":[{"taxonomy":"category","embeddable":true,"href":"https:\/\/superinteressantes.com.br\/index.php\/wp-json\/wp\/v2\/categories?post=4428"},{"taxonomy":"post_tag","embeddable":true,"href":"https:\/\/superinteressantes.com.br\/index.php\/wp-json\/wp\/v2\/tags?post=4428"}],"curies":[{"name":"wp","href":"https:\/\/api.w.org\/{rel}","templated":true}]}}