{"id":4427,"date":"2023-12-07T14:33:37","date_gmt":"2023-12-07T17:33:37","guid":{"rendered":"http:\/\/superinteressantes.com.br\/index.php\/2023\/12\/07\/maternidade-mariana-bulhoes-entrega-kits-para-gestantes\/"},"modified":"2023-12-07T14:33:37","modified_gmt":"2023-12-07T17:33:37","slug":"maternidade-mariana-bulhoes-entrega-kits-para-gestantes","status":"publish","type":"post","link":"https:\/\/superinteressantes.com.br\/index.php\/2023\/12\/07\/maternidade-mariana-bulhoes-entrega-kits-para-gestantes\/","title":{"rendered":"Maternidade Mariana Bulh\u00f5es entrega kits para gestantes"},"content":{"rendered":"<p><\/p>\n<div id=\"post_30274\">\n<header>\n<h2>Maternidade Mariana Bulh\u00f5es entrega kits para gestantes<\/h2>\n<h4>\n                <em><br \/>\n                    <time class=\"text-muted\" datetime=\"07-12-2023\">07 de dezembro de 2023<\/time><br \/>\n                <\/em><br \/>\n            <\/h4>\n<\/header>\n<section>\n<p style=\"text-align: justify;\">Gr\u00e1vida de sua segunda filha, a dona de casa Ingrid Gon\u00e7alves Gomes, de 20 anos, foi uma das nove m\u00e3es que receberam, nesta quarta-feira (6), kits para gestantes inscritas no projeto \u201cMam\u00e3e Presente\u201d, da Secretaria Municipal de Assist\u00eancia Social (Semas) de Nova Igua\u00e7u. Com uma gesta\u00e7\u00e3o de risco, ela est\u00e1 internada na Maternidade Mariana Bulh\u00f5es a espera do nascimento de Manuela, previsto para mar\u00e7o. Desde o lan\u00e7amento do projeto, em dezembro de 2019, mais de quatro mil gestantes foram contempladas com kits compostos por banheira, shampoo, condicionador, len\u00e7o umedecido, fraldinha, toalha de banho, body, meias e bolsa maternidade.<\/p>\n<p style=\"text-align: justify;\">\u201cReceber esses mimos do Mam\u00e3e Presente alegra nosso dia, pois representam carinho e conforto para todas as m\u00e3es, ainda mais para quem est\u00e1 internada na maternidade. Tenho uma gravidez de risco e esse gesto, al\u00e9m de ajudar com produtos para o beb\u00ea, melhora nossa autoestima\u201d, disse Ingrid.<\/p>\n<p style=\"text-align: justify;\">\n<p style=\"text-align: justify;\">Assim como ela, m\u00e3es que seguem acompanhando seus filhos na Maternidade Mariana Bulh\u00f5es tamb\u00e9m receberam os kits. O \u201cMam\u00e3e Presente\u201d promove o acolhimento e d\u00e1 apoio \u00e0s mulheres com importantes informa\u00e7\u00f5es para uma gravidez saud\u00e1vel e tamb\u00e9m para o bom desenvolvimento do beb\u00ea. Al\u00e9m de garantir o pr\u00e9-natal durante todo o per\u00edodo de gesta\u00e7\u00e3o, o projeto trata de temas como as vacinas necess\u00e1rias \u00e0 m\u00e3e e ao beb\u00ea, o aleitamento materno, a valoriza\u00e7\u00e3o da vida e o fortalecimento de v\u00ednculos.<\/p>\n<p style=\"text-align: justify;\">Diretora da Primeira Inf\u00e2ncia na Secretaria Municipal de Assist\u00eancia Social, Louise Fernandes explicou que o \u201cMam\u00e3e Presente\u201d faz o acompanhamento das gestantes e do beb\u00ea.<\/p>\n<p style=\"text-align: justify;\">\u201cA gente tem parceria com a maternidade e com toda a rede de sa\u00fade. Fazemos o acompanhamento dessas gestantes com encontros regulares e, ao final do encontro, entregamos o kit. Esse projeto come\u00e7ou em 2019, mas parou por conta da pandemia, por\u00e9m n\u00e3o deixamos de assistir essas m\u00e3es. Criamos uma modalidade online e retornamos com encontros presenciais nos equipamentos da Secretaria\u201d, destacou.<\/p>\n<\/p>\n<p style=\"text-align: justify;\">O diretor-geral da Maternidade Mariana Bulh\u00f5es, Adriano Pereira, destacou que a entrega dos kits \u00e9 uma forma singela de homenagear as m\u00e3es que est\u00e3o internadas e acompanhando seus filhos.<\/p>\n<p style=\"text-align: justify;\">\u201c\u00c9 um gesto de carinho que pode ajudar muito. A gestante tem um m\u00faltiplo de emo\u00e7\u00f5es hormonais e isso sempre afeta. Ent\u00e3o ela, com esse carinho, se sente acolhida, agraciada e ela se sinta importante nesse momento da chegada de um novo beb\u00ea\u201d,\u00a0 garantiu o diretor da unidade, refer\u00eancia em cuidados na gesta\u00e7\u00e3o de alto risco, que realiza uma m\u00e9dia de 400 partos por m\u00eas.<\/p>\n<\/section><\/div>\n","protected":false},"excerpt":{"rendered":"<p>Maternidade Mariana Bulh\u00f5es entrega kits para gestantes 07 de dezembro de 2023 Gr\u00e1vida de sua segunda filha, a dona de casa Ingrid Gon\u00e7alves Gomes, de 20 anos, foi uma das nove m\u00e3es que receberam, nesta quarta-feira (6), kits para gestantes inscritas no projeto \u201cMam\u00e3e Presente\u201d, da Secretaria Municipal de Assist\u00eancia Social (Semas) de Nova Igua\u00e7u. &#8230; <a title=\"Maternidade Mariana Bulh\u00f5es entrega kits para gestantes\" class=\"read-more\" href=\"https:\/\/superinteressantes.com.br\/index.php\/2023\/12\/07\/maternidade-mariana-bulhoes-entrega-kits-para-gestantes\/\" aria-label=\"More on Maternidade Mariana Bulh\u00f5es entrega kits para gestantes\">Ler mais<\/a><\/p>\n","protected":false},"author":1,"featured_media":0,"comment_status":"open","ping_status":"open","sticky":false,"template":"","format":"standard","meta":{"footnotes":""},"categories":[1],"tags":[],"class_list":["post-4427","post","type-post","status-publish","format-standard","hentry","category-sem-categoria"],"amp_enabled":true,"_links":{"self":[{"href":"https:\/\/superinteressantes.com.br\/index.php\/wp-json\/wp\/v2\/posts\/4427","targetHints":{"allow":["GET"]}}],"collection":[{"href":"https:\/\/superinteressantes.com.br\/index.php\/wp-json\/wp\/v2\/posts"}],"about":[{"href":"https:\/\/superinteressantes.com.br\/index.php\/wp-json\/wp\/v2\/types\/post"}],"author":[{"embeddable":true,"href":"https:\/\/superinteressantes.com.br\/index.php\/wp-json\/wp\/v2\/users\/1"}],"replies":[{"embeddable":true,"href":"https:\/\/superinteressantes.com.br\/index.php\/wp-json\/wp\/v2\/comments?post=4427"}],"version-history":[{"count":0,"href":"https:\/\/superinteressantes.com.br\/index.php\/wp-json\/wp\/v2\/posts\/4427\/revisions"}],"wp:attachment":[{"href":"https:\/\/superinteressantes.com.br\/index.php\/wp-json\/wp\/v2\/media?parent=4427"}],"wp:term":[{"taxonomy":"category","embeddable":true,"href":"https:\/\/superinteressantes.com.br\/index.php\/wp-json\/wp\/v2\/categories?post=4427"},{"taxonomy":"post_tag","embeddable":true,"href":"https:\/\/superinteressantes.com.br\/index.php\/wp-json\/wp\/v2\/tags?post=4427"}],"curies":[{"name":"wp","href":"https:\/\/api.w.org\/{rel}","templated":true}]}}