{"id":40047,"date":"2026-09-05T22:39:29","date_gmt":"2026-09-06T01:39:29","guid":{"rendered":"https:\/\/superinteressantes.com.br\/index.php\/2026\/09\/05\/flamengo-encara-sao-paulo-em-uma-das-semifinais\/"},"modified":"2026-09-05T22:39:29","modified_gmt":"2026-09-06T01:39:29","slug":"flamengo-encara-sao-paulo-em-uma-das-semifinais","status":"publish","type":"post","link":"https:\/\/superinteressantes.com.br\/index.php\/2026\/09\/05\/flamengo-encara-sao-paulo-em-uma-das-semifinais\/","title":{"rendered":"Flamengo encara S\u00e3o Paulo em uma das semifinais"},"content":{"rendered":"<p><\/p>\n<div>\n<p><strong>Um dos confrontos pelas semifinais da S\u00e9rie A1 (primeira divis\u00e3o) do Campeonato Brasileiro Feminino de futebol est\u00e1 definido.<\/strong> <strong>Neste s\u00e1bado (5), Flamengo e S\u00e3o Paulo levaram a melhor nos respectivos confrontos pelas quartas de final e ser\u00e3o advers\u00e1rios por um lugar na decis\u00e3o.<\/strong><\/p>\n<p>Na Arena da Fonte Luminosa, em Araraquara (SP), <strong>as Meninas da G\u00e1vea seguraram o empate por 2 a 2 com a Ferrovi\u00e1ria<\/strong>, atuando mais da metade do segundo tempo com uma jogadora a menos diante do time que passou de fase com a quarta melhor campanha. A partida foi transmitida ao vivo pela\u00a0<strong>TV Brasil<\/strong>.<\/p>\n<p>As rubro-negras, que avan\u00e7aram ao mata-mata na quinta posi\u00e7\u00e3o, beneficiaram-se da vit\u00f3ria por 1 a 0 na partida de ida, uma semana antes, no Est\u00e1dio Luso-Brasileiro, no Rio de Janeiro. Desde 2019, a equipe carioca, campe\u00e3 em 2016, n\u00e3o chegava \u00e0s semifinais do Brasileir\u00e3o.<\/p>\n<p><strong><a href=\"https:\/\/mrnews.com.br\/index.php\/2026\/09\/05\/bahia-abre-26a-rodada-do-brasileirao-com-triunfo-sobre-o-bragantino\/\">Bahia abre 26\u00aa rodada do Brasileir\u00e3o com triunfo sobre o Bragantino<\/a><\/strong><\/p>\n<p><strong><a href=\"https:\/\/mrnews.com.br\/index.php\/2026\/09\/05\/ex-tecnico-da-selecao-parreira-recebe-alta-apos-80-dias-internado\/\">Ex-t\u00e9cnico da Sele\u00e7\u00e3o, Parreira recebe alta ap\u00f3s 80 dias internado<\/a><\/strong><\/p>\n<p>Pressionando desde o come\u00e7o, o Flamengo foi recompensado pela postura logo aos 11 minutos. A ponta Fabi Sim\u00f5es foi acionada na entrada da \u00e1rea pela meia Fernanda e bateu no \u00e2ngulo esquerdo de Luciana. A goleira ainda encostou na bola, mas n\u00e3o conseguiu defender.<\/p>\n<p>A resposta da Ferrovi\u00e1ria veio quatro minutos depois. A zagueira Fl\u00e1via Mota tentou evitar a sa\u00edda da bola pela linha lateral e foi desarmada por Dos Santos. Desde a ponta esquerda, ela lan\u00e7ou a tamb\u00e9m atacante Thayslane, que teve calma na \u00e1rea para deslocar a goleira Vivi e deixar tudo igual.<\/p>\n<p>Aos 19, as Guerreiras Gren\u00e1s tomaram a frente no placar. Desta vez, Thayslane escapou da zagueira N\u00fabia pela direita e cruzou. A lateral F\u00e1tima Dutra ajeitou de cabe\u00e7a e Dos Santos, no meio da \u00e1rea, chutou de primeira, marcando um bonito gol na Fonte Luminosa.<\/p>\n<p>As Meninas da G\u00e1vea reagiram e empataram aos 30 minutos. A meia Djeni, na sequ\u00eancia de uma troca de passes, encontrou Jucinara invadindo a \u00e1rea pela esquerda. A lateral recebeu, levou a bola para a perna direita e mandou para as redes de Luciana.<\/p>\n<p><strong><a href=\"https:\/\/mrnews.com.br\/index.php\/2026\/09\/05\/elo-anuncia-campanha-com-ate-40-mil-pontos-extras-e-promete-novidades-importantes-a-partir-de-9-de-setembro\/\">Elo anuncia campanha com at\u00e9 40 mil pontos extras e promete novidades importantes a partir de 9 de setembro<\/a><\/strong><\/p>\n<p><strong><a href=\"https:\/\/mrnews.com.br\/index.php\/2026\/09\/05\/tv-brasil-transmite-domingo-decisao-entre-itabirito-e-minas-brasilia\/\">TV Brasil transmite domingo decis\u00e3o entre Itabirito e Minas Bras\u00edlia<\/a><\/strong><\/p>\n<p>Na etapa final, logo aos tr\u00eas minutos, o Flamengo ficou com uma jogadora a menos. A lateral Monalisa deu uma entrada forte em cima de F\u00e1tima Dutra e recebeu o segundo cart\u00e3o amarelo, sendo expulsa.<\/p>\n<p>A Ferrovi\u00e1ria se lan\u00e7ou ao ataque para aproveitar a superioridade num\u00e9rica. Aos 25 minutos, F\u00e1tima Dutra foi acionada pela esquerda, dentro da \u00e1rea, e acabou caindo em disputa de bola com Fl\u00e1via Mota. A \u00e1rbitra Ruthyanna Medeiros da Silva, inicialmente, deu p\u00eanalti, mas ap\u00f3s ver o lance no v\u00eddeo, cancelou a marca\u00e7\u00e3o.<\/p>\n<p>Aos 39, as Guerreiras Gren\u00e1s at\u00e9 balan\u00e7aram as redes mais uma vez, com Rhaissa, na sobra de um chute da lateral Kati que acabou desviado pela zaga. O gol, no entanto, foi anulado por impedimento da atacante.<\/p>\n<p>Nos acr\u00e9scimos, o clube paulista ainda acertou o travess\u00e3o em finaliza\u00e7\u00e3o da zagueira Monique, que Vivi ainda desviou. Foi a \u00faltima chance real das anfitri\u00e3s. No fim, a festa foi rubro-negra em Araraquara.<\/p>\n<h2>S\u00e3o Paulo na briga<\/h2>\n<p>A cerca de 180 quil\u00f4metros dali, em Campinas (SP), <strong>o S\u00e3o Paulo venceu o Gr\u00eamio por 2 a 0 no Est\u00e1dio Brinco de Ouro da Princesa<\/strong>. Na partida de ida, h\u00e1 uma semana, os tricolores ficaram no zero no Est\u00e1dio Alfredo Jaconi, em Caxias do Sul (RS).<\/p>\n<p>Os gols sa\u00edram todos no fim do segundo tempo. Aos 44 minutos, a lateral Carol Gil recebeu pela direita e cruzou. Em meio ao bate-rebate na \u00e1rea, a bola sobrou com a atacante Giovanna Crivelari, que finalizou no canto esquerdo da goleira Sol.<\/p>\n<p>As Mosqueteiras partiram com tudo para o ataque nos minutos finais em busca do empate, mas cederam espa\u00e7o para o contra-ataque que decidiu o confronto. Aos 50, j\u00e1 nos acr\u00e9scimos, Kesia avan\u00e7ou da direita para o centro e abriu na esquerda para a tamb\u00e9m atacante Vi Amaral, que chutou cruzado para fazer o gol da classifica\u00e7\u00e3o.<\/p>\n<p>Dono da melhor campanha da primeira fase, o S\u00e3o Paulo ter\u00e1 a vantagem do mando de campo no jogo de volta do confronto diante do Flamengo. Desde que subiram \u00e0 S\u00e9rie A1, em 2020, as Soberanas ficaram fora das semifinais somente em 2021, quando ca\u00edram nas quartas de final. As tricolores alcan\u00e7aram a final em 2024, sendo vices para o Corinthians.<\/p>\n<h2>Bahia faz hist\u00f3ria<\/h2>\n<p>O primeiro classificado \u00e0s semifinais do Brasileir\u00e3o Feminino foi o Bahia. Na noite da \u00faltima sexta-feira (4), <strong>as Mulheres de A\u00e7o derrotaram o Palmeiras por 5 a 4<\/strong>, nos p\u00eanaltis, ap\u00f3s empate por 1 a 1 na Arena Barueri durante o tempo normal.<\/p>\n<p>A ponta Raissa Bahia abriu o marcador para as Palestrinas e a lateral Dan igualou para as visitantes. O duelo foi transmitido ao vivo pela\u00a0<strong>TV Brasil<\/strong>.<\/p>\n<p>\u00c9 a primeira vez que o Tricolor baiano se coloca entre os quatro primeiros. Al\u00e9m disso, desde 2015 um clube do Nordeste n\u00e3o alcan\u00e7ava as semifinais do principal torneio do futebol de mulheres do pa\u00eds. Na ocasi\u00e3o, a regi\u00e3o foi representada pelo Tiradentes-PI, em outro formato de disputa.<\/p>\n<p>A hero\u00edna do Bahia foi Yanne. Na \u00faltima segunda-feira (31), quando as equipes ficaram no 1 a 1 na Casa de Apostas Arena Fonte Nova, em Salvador, a goleira j\u00e1 tinha defendido um p\u00eanalti de Bia Zaneratto. Em Barueri (SP), a camisa 12 das Mulheres de A\u00e7o brilhou na disputa de penalidades, salvando o chute de Taina Maranh\u00e3o. A tamb\u00e9m atacante Cassia fez o gol da classifica\u00e7\u00e3o tricolor.<\/p>\n<p>As baianas aguardam quem passar no confronto entre Corinthians e Cruzeiro, que se reencontram nesta segunda-feira (7), \u00e0s 17h (hor\u00e1rio de Bras\u00edlia), no Canind\u00e9, em S\u00e3o Paulo. No jogo de ida, uma semana antes, o time paulista venceu por 1 a 0 na Arena Independ\u00eancia, em Belo Horizonte, com gol da atacante Vic Albuquerque.<\/p>\n<p>As Brabas t\u00eam a vantagem do empate na partida de volta. As Cabulosas t\u00eam de ganhar por dois ou mais gols de diferen\u00e7a para se classificarem no tempo normal. Caso as mineiras igualem o placar agregado, a vaga \u00e0s semifinais ser\u00e1 decidida nos p\u00eanaltis.<\/p>\n<\/div>\n","protected":false},"excerpt":{"rendered":"<p>Um dos confrontos pelas semifinais da S\u00e9rie A1 (primeira divis\u00e3o) do Campeonato Brasileiro Feminino de futebol est\u00e1 definido. Neste s\u00e1bado (5), Flamengo e S\u00e3o Paulo levaram a melhor nos respectivos confrontos pelas quartas de final e ser\u00e3o advers\u00e1rios por um lugar na decis\u00e3o. Na Arena da Fonte Luminosa, em Araraquara (SP), as Meninas da G\u00e1vea &#8230; <a title=\"Flamengo encara S\u00e3o Paulo em uma das semifinais\" class=\"read-more\" href=\"https:\/\/superinteressantes.com.br\/index.php\/2026\/09\/05\/flamengo-encara-sao-paulo-em-uma-das-semifinais\/\" aria-label=\"More on Flamengo encara S\u00e3o Paulo em uma das semifinais\">Ler mais<\/a><\/p>\n","protected":false},"author":3,"featured_media":0,"comment_status":"","ping_status":"","sticky":false,"template":"","format":"standard","meta":{"footnotes":""},"categories":[1],"tags":[],"class_list":["post-40047","post","type-post","status-publish","format-standard","hentry","category-sem-categoria"],"amp_enabled":true,"_links":{"self":[{"href":"https:\/\/superinteressantes.com.br\/index.php\/wp-json\/wp\/v2\/posts\/40047","targetHints":{"allow":["GET"]}}],"collection":[{"href":"https:\/\/superinteressantes.com.br\/index.php\/wp-json\/wp\/v2\/posts"}],"about":[{"href":"https:\/\/superinteressantes.com.br\/index.php\/wp-json\/wp\/v2\/types\/post"}],"author":[{"embeddable":true,"href":"https:\/\/superinteressantes.com.br\/index.php\/wp-json\/wp\/v2\/users\/3"}],"replies":[{"embeddable":true,"href":"https:\/\/superinteressantes.com.br\/index.php\/wp-json\/wp\/v2\/comments?post=40047"}],"version-history":[{"count":0,"href":"https:\/\/superinteressantes.com.br\/index.php\/wp-json\/wp\/v2\/posts\/40047\/revisions"}],"wp:attachment":[{"href":"https:\/\/superinteressantes.com.br\/index.php\/wp-json\/wp\/v2\/media?parent=40047"}],"wp:term":[{"taxonomy":"category","embeddable":true,"href":"https:\/\/superinteressantes.com.br\/index.php\/wp-json\/wp\/v2\/categories?post=40047"},{"taxonomy":"post_tag","embeddable":true,"href":"https:\/\/superinteressantes.com.br\/index.php\/wp-json\/wp\/v2\/tags?post=40047"}],"curies":[{"name":"wp","href":"https:\/\/api.w.org\/{rel}","templated":true}]}}