{"id":40019,"date":"2026-09-04T20:30:13","date_gmt":"2026-09-04T23:30:13","guid":{"rendered":"https:\/\/superinteressantes.com.br\/index.php\/2026\/09\/04\/confira-a-agenda-do-medico-na-praca-da-proxima-semana-agencia-de-noticias\/"},"modified":"2026-09-04T20:30:13","modified_gmt":"2026-09-04T23:30:13","slug":"confira-a-agenda-do-medico-na-praca-da-proxima-semana-agencia-de-noticias","status":"publish","type":"post","link":"https:\/\/superinteressantes.com.br\/index.php\/2026\/09\/04\/confira-a-agenda-do-medico-na-praca-da-proxima-semana-agencia-de-noticias\/","title":{"rendered":"Confira a agenda do \u2018M\u00e9dico na Pra\u00e7a\u2019 da pr\u00f3xima semana \u2013 Ag\u00eancia de Not\u00edcias"},"content":{"rendered":"<p><\/p>\n<div>\n<div class=\"col\">\n<p class=\"mt-0\">\n\t\t\t\t\t\t<strong><br \/>\n\t\t\t\t\t\t\t<span class=\"far fa-calendar mr-1 mt-2\"\/><br \/>\n\t\t\t\t\t\t\t4 de setembro de 2026<br \/>\n\t\t\t\t\t\t\t<span class=\"far fa-clock ml-3 mt-2\"\/><br \/>\n\t\t\t\t\t\t\t19:27<br \/>\n\t\t\t\t\t\t<\/strong>\n\t\t\t\t\t<\/p>\n<p class=\"mb-0\">Por: <strong>Bruno Monteiro Rodrigues<\/strong><\/p>\n<\/p><\/div>\n<\/p><\/div>\n<div>\n<p class=\"p1\"><span class=\"s2\">A Prefeitura de Sorocaba, por meio da Secretaria da Sa\u00fade (SES), segue com o \u201cM\u00e9dico na Pra\u00e7a\u201d na pr\u00f3xima semana.<\/span><\/p>\n<p class=\"p1\"><span class=\"s2\">Na ter\u00e7a-feira (8), o \u201cM\u00e9dico na Pra\u00e7a\u201d estar\u00e1 no Jardim Santo Andr\u00e9, das 8h \u00e0s 12h, na Rua Luiz Rubinho Orosco. Na quarta-feira (9), o atendimento ser\u00e1 no Maria Eug\u00eania, das 14h30 \u00e0s 18h, em frente \u00e0 Base da GCM.<\/span><\/p>\n<p class=\"p1\"><span class=\"s2\">Na quinta (10) e sexta-feira (11), o servi\u00e7o ser\u00e1 realizado no Carand\u00e1, das 9h30 \u00e0s 18h, na Rua Abdias Ribeiro dos Santos, 73. <\/span><\/p>\n<p class=\"p1\"><span class=\"s2\">A a\u00e7\u00e3o conta com uma cl\u00ednica m\u00f3vel e estrutura com acomoda\u00e7\u00e3o para aguardar a consulta, permitindo o acolhimento por demanda espont\u00e2nea de adultos. \u00c9 necess\u00e1rio apresentar documento de identifica\u00e7\u00e3o com foto. O atendimento visa trazer diagn\u00f3stico precoce de condi\u00e7\u00f5es cr\u00f4nicas, como hipertens\u00e3o e diabetes, al\u00e9m de fortalecer o v\u00ednculo entre a popula\u00e7\u00e3o e a rede de sa\u00fade.<\/span><\/p>\n<p class=\"p1\"><span class=\"s2\">A iniciativa atua como extens\u00e3o da rede assistencial, sendo direcionada prioritariamente a bairros e territ\u00f3rios com maior vulnerabilidade social ou que apresentem barreiras geogr\u00e1ficas que dificultem o acesso aos servi\u00e7os de sa\u00fade. Tamb\u00e9m s\u00e3o ofertados aferi\u00e7\u00e3o de press\u00e3o arterial, glicemia capilar, entre outros; atendimento de enfermagem, al\u00e9m da consulta m\u00e9dica do projeto.<\/span><\/p>\n<\/p><\/div>\n","protected":false},"excerpt":{"rendered":"<p>4 de setembro de 2026 19:27 Por: Bruno Monteiro Rodrigues A Prefeitura de Sorocaba, por meio da Secretaria da Sa\u00fade (SES), segue com o \u201cM\u00e9dico na Pra\u00e7a\u201d na pr\u00f3xima semana. Na ter\u00e7a-feira (8), o \u201cM\u00e9dico na Pra\u00e7a\u201d estar\u00e1 no Jardim Santo Andr\u00e9, das 8h \u00e0s 12h, na Rua Luiz Rubinho Orosco. Na quarta-feira (9), o &#8230; <a title=\"Confira a agenda do \u2018M\u00e9dico na Pra\u00e7a\u2019 da pr\u00f3xima semana \u2013 Ag\u00eancia de Not\u00edcias\" class=\"read-more\" href=\"https:\/\/superinteressantes.com.br\/index.php\/2026\/09\/04\/confira-a-agenda-do-medico-na-praca-da-proxima-semana-agencia-de-noticias\/\" aria-label=\"More on Confira a agenda do \u2018M\u00e9dico na Pra\u00e7a\u2019 da pr\u00f3xima semana \u2013 Ag\u00eancia de Not\u00edcias\">Ler mais<\/a><\/p>\n","protected":false},"author":1,"featured_media":0,"comment_status":"","ping_status":"","sticky":false,"template":"","format":"standard","meta":{"footnotes":""},"categories":[1],"tags":[],"class_list":["post-40019","post","type-post","status-publish","format-standard","hentry","category-sem-categoria"],"amp_enabled":true,"_links":{"self":[{"href":"https:\/\/superinteressantes.com.br\/index.php\/wp-json\/wp\/v2\/posts\/40019","targetHints":{"allow":["GET"]}}],"collection":[{"href":"https:\/\/superinteressantes.com.br\/index.php\/wp-json\/wp\/v2\/posts"}],"about":[{"href":"https:\/\/superinteressantes.com.br\/index.php\/wp-json\/wp\/v2\/types\/post"}],"author":[{"embeddable":true,"href":"https:\/\/superinteressantes.com.br\/index.php\/wp-json\/wp\/v2\/users\/1"}],"replies":[{"embeddable":true,"href":"https:\/\/superinteressantes.com.br\/index.php\/wp-json\/wp\/v2\/comments?post=40019"}],"version-history":[{"count":0,"href":"https:\/\/superinteressantes.com.br\/index.php\/wp-json\/wp\/v2\/posts\/40019\/revisions"}],"wp:attachment":[{"href":"https:\/\/superinteressantes.com.br\/index.php\/wp-json\/wp\/v2\/media?parent=40019"}],"wp:term":[{"taxonomy":"category","embeddable":true,"href":"https:\/\/superinteressantes.com.br\/index.php\/wp-json\/wp\/v2\/categories?post=40019"},{"taxonomy":"post_tag","embeddable":true,"href":"https:\/\/superinteressantes.com.br\/index.php\/wp-json\/wp\/v2\/tags?post=40019"}],"curies":[{"name":"wp","href":"https:\/\/api.w.org\/{rel}","templated":true}]}}