{"id":40018,"date":"2026-09-04T20:13:13","date_gmt":"2026-09-04T23:13:13","guid":{"rendered":"https:\/\/superinteressantes.com.br\/index.php\/2026\/09\/04\/wsl-exclui-etapa-de-abu-dhabi-do-circuito-mundial-de-surfe-deste-ano\/"},"modified":"2026-09-04T20:13:13","modified_gmt":"2026-09-04T23:13:13","slug":"wsl-exclui-etapa-de-abu-dhabi-do-circuito-mundial-de-surfe-deste-ano","status":"publish","type":"post","link":"https:\/\/superinteressantes.com.br\/index.php\/2026\/09\/04\/wsl-exclui-etapa-de-abu-dhabi-do-circuito-mundial-de-surfe-deste-ano\/","title":{"rendered":"WSL exclui etapa de Abu Dhabi do circuito mundial de surfe deste ano"},"content":{"rendered":"<p><\/p>\n<div>\n<p>A Liga Mundial de Surfe (World Surf League-WSL) excluiu a etapa de Abu Dhabi Pro, nos Emirados \u00c1rabes Unidos, do calend\u00e1rio deste ano do circuito mundial. A decis\u00e3o foi anunciada nesta sexta-feira (4) pela entidade, que alegou limita\u00e7\u00f5es log\u00edsticas como restri\u00e7\u00f5es de v\u00f4os na regi\u00e3o, que sofre com a guerra entre Estados Unidos e Ir\u00e3. \u00a0<\/p>\n<p>A etapa de Abu Dhabi, inicialmente programada outubro, j\u00e1 fora remarcada pela WSL para o per\u00edodo de 25 a 29 de novembro, na tentativa de manter a competi\u00e7\u00e3o no calend\u00e1rio de 2025..<\/p>\n<blockquote>\n<p>\u201cExploramos todas as op\u00e7\u00f5es para manter o Surf Abu Dhabi Pro no calend\u00e1rio deste ano\u201d, disse Ryan Crosby, diretor-executivo da WSL, em <strong>nota oficial.<\/strong> \u201cInfelizmente, as condi\u00e7\u00f5es atuais e as limita\u00e7\u00f5es log\u00edsticas tornaram imposs\u00edvel seguirmos em frente. Foi uma decis\u00e3o dif\u00edcil, mas a certa neste momento. Valorizamos nossa parceria com o Surf Abu Dhabi e esperamos retornar\u201d, concluiu.<\/p>\n<p><strong><a href=\"https:\/\/mrnews.com.br\/index.php\/2026\/09\/04\/brasileirao-feminino-comeca-a-definir-semifinalistas-nesta-sexta-feira\/\">Brasileir\u00e3o Feminino come\u00e7a a definir semifinalistas nesta sexta-feira<\/a><\/strong><\/p>\n<p><strong><a href=\"https:\/\/mrnews.com.br\/index.php\/2026\/09\/03\/dupla-de-luisa-stefani-vence-estreia-e-avanca-a-2a-rodada-do-us-open\/\">Dupla de Luisa Stefani vence estreia e avan\u00e7a \u00e0 2\u00aa rodada do US Open<\/a><\/strong><\/p>\n<\/blockquote>\n<p>Com a retirada da etapa dos Emirados \u00c1rabes, o circuito mundial de surfe seguir\u00e1 com 12 etapas. O formato do Mundial, segundo a WSL, ser\u00e1 mantido, com tr\u00eas resultados descart\u00e1veis ao longo da temporada. \u00a0<\/p>\n<p>Faltam apenas quatro etapas para o t\u00e9rmino do circuito, sendo que a pr\u00f3xima em Trestles, na Calif\u00f3rnia (EUA), definir\u00e1 os 22 melhores surfistas homens e as 14 melhores atletas mulheres que avan\u00e7ar\u00e3o para a p\u00f3s-temporada (etapas de Peniche, em Portugal; e Cloud 9, nas Filipinas). Os campe\u00f5es mundiais ser\u00e3o conhecidos na grande etapa final, a Pipe Masters, no ic\u00f4nico pico de surfe no Hava\u00ed.<\/p>\n<p>Atualmente o potiguar \u00cdtalo Ferreira ocupa a vice-lideran\u00e7a do <strong>ranking mundial<\/strong>, atr\u00e1s apena do italiano Fioravanti. Completando o top 5 est\u00e3o o atual campe\u00e3o Yago Dora, o tricampe\u00e3o Gabriel Medina, e o paulista Miguel Pupo. Na disputa feminina, a brasileira-americana Luana Silva ocupa a quinta posi\u00e7\u00e3o.<\/p>\n<h2>Pr\u00f3ximas etapas do Mundial 2026<\/h2>\n<p>Etapa 9 \u2013 Lexus Trestles Pro \u2013 11 a 20 de setembro de 2026;<\/p>\n<p><strong><a href=\"https:\/\/mrnews.com.br\/index.php\/2026\/09\/03\/vasco-e-palmeiras-avancam-e-se-enfrentam-na-semi-da-copa-do-brasil\/\">Vasco e Palmeiras avan\u00e7am e se enfrentam na semi da Copa do Brasil<\/a><\/strong><\/p>\n<p><strong><a href=\"https:\/\/mrnews.com.br\/index.php\/2026\/09\/03\/flamengo-vence-e-fica-a-um-ponto-do-palmeiras-lider-do-brasileirao\/\">Flamengo vence e fica a um ponto do Palmeiras, l\u00edder do Brasileir\u00e3o<\/a><\/strong><\/p>\n<p>Etapa\u00a010 \u2013 MEO Rip Curl Pro Portugal \u2013 16 a 25 de outubro de 2026;<\/p>\n<p>Etapa 11 \u2013 Philippines Pro apresentado pela Philippine Sports Commission \u2013 31 de outubro a 10 de novembro de 2026;<\/p>\n<p>Etapa\u00a012 \u2013 Lexus Pipe Masters \u2013 8 a 20 de dezembro de 2026.<\/p>\n<\/div>\n","protected":false},"excerpt":{"rendered":"<p>A Liga Mundial de Surfe (World Surf League-WSL) excluiu a etapa de Abu Dhabi Pro, nos Emirados \u00c1rabes Unidos, do calend\u00e1rio deste ano do circuito mundial. A decis\u00e3o foi anunciada nesta sexta-feira (4) pela entidade, que alegou limita\u00e7\u00f5es log\u00edsticas como restri\u00e7\u00f5es de v\u00f4os na regi\u00e3o, que sofre com a guerra entre Estados Unidos e Ir\u00e3. &#8230; <a title=\"WSL exclui etapa de Abu Dhabi do circuito mundial de surfe deste ano\" class=\"read-more\" href=\"https:\/\/superinteressantes.com.br\/index.php\/2026\/09\/04\/wsl-exclui-etapa-de-abu-dhabi-do-circuito-mundial-de-surfe-deste-ano\/\" aria-label=\"More on WSL exclui etapa de Abu Dhabi do circuito mundial de surfe deste ano\">Ler mais<\/a><\/p>\n","protected":false},"author":3,"featured_media":0,"comment_status":"","ping_status":"","sticky":false,"template":"","format":"standard","meta":{"footnotes":""},"categories":[1],"tags":[],"class_list":["post-40018","post","type-post","status-publish","format-standard","hentry","category-sem-categoria"],"amp_enabled":true,"_links":{"self":[{"href":"https:\/\/superinteressantes.com.br\/index.php\/wp-json\/wp\/v2\/posts\/40018","targetHints":{"allow":["GET"]}}],"collection":[{"href":"https:\/\/superinteressantes.com.br\/index.php\/wp-json\/wp\/v2\/posts"}],"about":[{"href":"https:\/\/superinteressantes.com.br\/index.php\/wp-json\/wp\/v2\/types\/post"}],"author":[{"embeddable":true,"href":"https:\/\/superinteressantes.com.br\/index.php\/wp-json\/wp\/v2\/users\/3"}],"replies":[{"embeddable":true,"href":"https:\/\/superinteressantes.com.br\/index.php\/wp-json\/wp\/v2\/comments?post=40018"}],"version-history":[{"count":0,"href":"https:\/\/superinteressantes.com.br\/index.php\/wp-json\/wp\/v2\/posts\/40018\/revisions"}],"wp:attachment":[{"href":"https:\/\/superinteressantes.com.br\/index.php\/wp-json\/wp\/v2\/media?parent=40018"}],"wp:term":[{"taxonomy":"category","embeddable":true,"href":"https:\/\/superinteressantes.com.br\/index.php\/wp-json\/wp\/v2\/categories?post=40018"},{"taxonomy":"post_tag","embeddable":true,"href":"https:\/\/superinteressantes.com.br\/index.php\/wp-json\/wp\/v2\/tags?post=40018"}],"curies":[{"name":"wp","href":"https:\/\/api.w.org\/{rel}","templated":true}]}}