{"id":39963,"date":"2026-09-02T22:28:21","date_gmt":"2026-09-03T01:28:21","guid":{"rendered":"https:\/\/superinteressantes.com.br\/index.php\/2026\/09\/02\/mesmo-com-nota-10-medina-e-vice-campeao-da-etapa-de-fiji-da-wsl\/"},"modified":"2026-09-02T22:28:21","modified_gmt":"2026-09-03T01:28:21","slug":"mesmo-com-nota-10-medina-e-vice-campeao-da-etapa-de-fiji-da-wsl","status":"publish","type":"post","link":"https:\/\/superinteressantes.com.br\/index.php\/2026\/09\/02\/mesmo-com-nota-10-medina-e-vice-campeao-da-etapa-de-fiji-da-wsl\/","title":{"rendered":"Mesmo com nota 10, Medina \u00e9 vice-campe\u00e3o da etapa de Fiji da WSL"},"content":{"rendered":"<p><\/p>\n<div>\n<p>O surfista brasileiro Gabriel Medina \u00e9 vice-campe\u00e3o da etapa de Fiji (Oceania), a oitava do circuito de surfe, a World Surf League (WSL). O paulista de S\u00e3o Sebasti\u00e3o ficou bem perto do t\u00edtulo durante uma final eletrizante contra o norte-americano Cole Houshmand na noite desta quarta-feira (2). O brasileiro saiu atr\u00e1s do placar e a cinco minutos do fim da bateria, quando precisava de nota 9.66 para virar o marcador, desceu um \u00f3tima onda que lhe valeu nota 10. No fim, o norte-americano cravou outra boa nota (8.37) e fechou com somat\u00f3rio mais alto: 16.87 contra 15.17 do brasileiro.<\/p>\n<p>Antes da decis\u00e3o do t\u00edtulo, tamb\u00e9m nesta quarta, Medina cravou duas vit\u00f3rias seguidas. Tricampe\u00e3o mundial (2014, 2018 e 2021), o paulista subiu da quinta para a quarta posi\u00e7\u00e3o no ranking da temporada. O compatriota \u00cdtalo Ferreira segue na lideran\u00e7a, seguido pelo italiano Leonardo Fioravanti em segundo. Completam o top 5 o catarinense Yago Dora (4\u00ba) e o paulista Miguel Pupo (5\u00ba).\u00a0 J\u00e1 o norte-americano\u00a0Cole Houshmand, campe\u00e3o em Fiji, subiu da 22\u00aa para a 17\u00aa posi\u00e7\u00e3o na tabela.\u00a0<\/p>\n<p>Na disputa feminina, o t\u00edtulo ficou com a canadense Erin Brooks, em raz\u00e3o da desist\u00eancia da advers\u00e1ria, a\u00a0australiana Isabela Nichols, que se lesionou.\u00a0\u00a0<\/p>\n<p><strong><a href=\"https:\/\/mrnews.com.br\/index.php\/2026\/09\/02\/selecao-brasileira-tera-1a-convocacao-pos-copa-em-9-de-setembro\/\">Sele\u00e7\u00e3o brasileira ter\u00e1 1\u00aa convoca\u00e7\u00e3o p\u00f3s-Copa em 9 de setembro<\/a><\/strong><\/p>\n<p><strong><a href=\"https:\/\/mrnews.com.br\/index.php\/2026\/09\/01\/brasileirao-feminino-bahia-e-palmeiras-ficam-no-1-a-1-pelas-quartas\/\">Brasileir\u00e3o Feminino: Bahia e Palmeiras ficam no 1 a 1 pelas quartas<\/a><\/strong><\/p>\n<blockquote class=\"instagram-media\" data-instgrm-captioned=\"\" data-instgrm-permalink=\"https:\/\/www.instagram.com\/reel\/DczVZ15hm9K\/?utm_source=ig_embed&amp;utm_campaign=loading\" data-instgrm-version=\"14\" style=\" background:#FFF; border:0; border-radius:3px; box-shadow:0 0 1px 0 rgba(0,0,0,0.5),0 1px 10px 0 rgba(0,0,0,0.15); margin: 1px; max-width:540px; min-width:326px; padding:0; width:99.375%; width:-webkit-calc(100% - 2px); width:calc(100% - 2px);\"\/>\n<p>\u00a0<\/p>\n<p>Natural de S\u00e3o Sebasti\u00e3o, no litoral paulista, Medina come\u00e7ou a quarta-feira\u00a0esbanjando precis\u00e3o t\u00e9cnica nas ondas tubulares de esquerda de Cloudbreak, um dos famosos picos de surfe das Ilha Fiji. O brasileiro eliminou o franc\u00eas Kauli Vasst, que derrotara antes o compatriota Miguel Pupo nas oitavas, com somat\u00f3rio de 15.66 (9.33 + 6.33), contra 7.55 (5.33 + 2.00) do europeu.<\/p>\n<p>Depois nas semifinais, Medina voltou a brilhar ao cravar 9.77 \u2013 a segunda melhor nota do dia \u2013\u00a0ao pegar um tubo perfeito na disputa contra o norte-americano Griffin Colapinto. O brasileiro avan\u00e7ou \u00e0 final com somat\u00f3rio 19.04 (notas 9.77 e 9.27), enquanto Colapinto totalizou apenas 14.57 (7.50 e 7.07).<\/p>\n<h2>Hist\u00f3rico da etapa<\/h2>\n<p>A etapa de Fiji foi retomada na tarde de ter\u00e7a (1\u00ba), ap\u00f3s alguns dias de paralisa\u00e7\u00e3o por conta das condi\u00e7\u00f5es do mar. A disputa recome\u00e7ou com as baterias das oitavas de final, com cinco brasileiros ainda na disputa, dos quais s\u00f3 avan\u00e7aram Yago Dora e Medina.<\/p>\n<p><strong><a href=\"https:\/\/mrnews.com.br\/index.php\/2026\/08\/31\/de-virada-coritiba-vence-remo-no-fim-da-25a-rodada-do-brasileirao\/\">De virada, Coritiba vence Remo no fim da 25\u00aa rodada do Brasileir\u00e3o<\/a><\/strong><\/p>\n<p><strong><a href=\"https:\/\/mrnews.com.br\/index.php\/2026\/08\/31\/brasileiro-feminino-planalto-go-larga-em-vantagem-na-final-da-a3\/\">Brasileiro Feminino: Planalto (GO) larga em vantagem na final da A3<\/a><\/strong><\/p>\n<p>Atual campe\u00e3o mundial, Dora sobrou diante do japon\u00eas Kanoa Igarashi com somat\u00f3rio 14.40 contra 6.83 do asi\u00e1tico. No entanto, foi eliminado na primeira bateria das quartas \u2013 \u00fanica disputada na madrugada de hoje (2) \u2013 pelo norte-americano Cole Housmand. J\u00e1 Medina se classificou \u00e0s quartas com cent\u00e9simos de vantagem sobre Barron Mamiya (13.77 contra 13.33).<\/p>\n<p>L\u00edder da temporada, o potiguar \u00cdtalo Ferreira caiu na oitavas, assim como os irm\u00e3os Samuel e Miguel Pupo. O Brasil contou com outros cinco representantes desde o in\u00edcio da etapa, que come\u00e7ou em 25 de agosto. Filipe Toledo, Alejo Muniz, Matheus Herdy e Jo\u00e3o Chianca se despediram precocemente na estreia, assim como Luana Silva, \u00fanica representante feminina do pa\u00eds na temporada.<\/p>\n<p>Na disputa feminina, o t\u00edtulo ficou com a canadense Erin Brooks, em raz\u00e3o da desist\u00eancia da advers\u00e1ria, a\u00a0australiana Isabela Nichols, que se lesionou.\u00a0\u00a0<\/p>\n<\/div>\n<p><script async src=\"\/\/www.instagram.com\/embed.js\"><\/script><\/p>\n","protected":false},"excerpt":{"rendered":"<p>O surfista brasileiro Gabriel Medina \u00e9 vice-campe\u00e3o da etapa de Fiji (Oceania), a oitava do circuito de surfe, a World Surf League (WSL). O paulista de S\u00e3o Sebasti\u00e3o ficou bem perto do t\u00edtulo durante uma final eletrizante contra o norte-americano Cole Houshmand na noite desta quarta-feira (2). O brasileiro saiu atr\u00e1s do placar e a &#8230; <a title=\"Mesmo com nota 10, Medina \u00e9 vice-campe\u00e3o da etapa de Fiji da WSL\" class=\"read-more\" href=\"https:\/\/superinteressantes.com.br\/index.php\/2026\/09\/02\/mesmo-com-nota-10-medina-e-vice-campeao-da-etapa-de-fiji-da-wsl\/\" aria-label=\"More on Mesmo com nota 10, Medina \u00e9 vice-campe\u00e3o da etapa de Fiji da WSL\">Ler mais<\/a><\/p>\n","protected":false},"author":3,"featured_media":0,"comment_status":"","ping_status":"","sticky":false,"template":"","format":"standard","meta":{"footnotes":""},"categories":[1],"tags":[],"class_list":["post-39963","post","type-post","status-publish","format-standard","hentry","category-sem-categoria"],"amp_enabled":true,"_links":{"self":[{"href":"https:\/\/superinteressantes.com.br\/index.php\/wp-json\/wp\/v2\/posts\/39963","targetHints":{"allow":["GET"]}}],"collection":[{"href":"https:\/\/superinteressantes.com.br\/index.php\/wp-json\/wp\/v2\/posts"}],"about":[{"href":"https:\/\/superinteressantes.com.br\/index.php\/wp-json\/wp\/v2\/types\/post"}],"author":[{"embeddable":true,"href":"https:\/\/superinteressantes.com.br\/index.php\/wp-json\/wp\/v2\/users\/3"}],"replies":[{"embeddable":true,"href":"https:\/\/superinteressantes.com.br\/index.php\/wp-json\/wp\/v2\/comments?post=39963"}],"version-history":[{"count":0,"href":"https:\/\/superinteressantes.com.br\/index.php\/wp-json\/wp\/v2\/posts\/39963\/revisions"}],"wp:attachment":[{"href":"https:\/\/superinteressantes.com.br\/index.php\/wp-json\/wp\/v2\/media?parent=39963"}],"wp:term":[{"taxonomy":"category","embeddable":true,"href":"https:\/\/superinteressantes.com.br\/index.php\/wp-json\/wp\/v2\/categories?post=39963"},{"taxonomy":"post_tag","embeddable":true,"href":"https:\/\/superinteressantes.com.br\/index.php\/wp-json\/wp\/v2\/tags?post=39963"}],"curies":[{"name":"wp","href":"https:\/\/api.w.org\/{rel}","templated":true}]}}