{"id":39960,"date":"2026-09-02T19:25:16","date_gmt":"2026-09-02T22:25:16","guid":{"rendered":"https:\/\/superinteressantes.com.br\/index.php\/2026\/09\/02\/selecao-brasileira-tera-1a-convocacao-pos-copa-em-9-de-setembro\/"},"modified":"2026-09-02T19:25:16","modified_gmt":"2026-09-02T22:25:16","slug":"selecao-brasileira-tera-1a-convocacao-pos-copa-em-9-de-setembro","status":"publish","type":"post","link":"https:\/\/superinteressantes.com.br\/index.php\/2026\/09\/02\/selecao-brasileira-tera-1a-convocacao-pos-copa-em-9-de-setembro\/","title":{"rendered":"Sele\u00e7\u00e3o brasileira ter\u00e1 1\u00aa convoca\u00e7\u00e3o p\u00f3s-Copa em 9 de setembro"},"content":{"rendered":"<p><\/p>\n<div>\n<p>A primeira convoca\u00e7\u00e3o da sele\u00e7\u00e3o brasileira p\u00f3s-Copa do Mundo est\u00e1 programada para a pr\u00f3xima quarta-feira (9), a partir das 15h (hor\u00e1rio de Bras\u00edlia). A data foi confirmada hoje pela CBF. O t\u00e9cnico italiano Carlo Ancelotti anunciar\u00e1 os 26 jogadores que enfrentar\u00e3o Austr\u00e1lia e \u00cdndia em tr\u00eas amistosos fora do pa\u00eds na pr\u00f3xima Data Fifa (entre 21 de setembro e 6 de outubro). Os jogos ser\u00e3o os primeiros do ciclo de prepara\u00e7\u00e3o para o Mundial de 2030, com sedes em Espanha, Portugal, Marrocos, Uruguai, Argentina e Paraguai.<\/p>\n<p>Ancelotti divulgar\u00e1 a lista de convocados na sede da CBF, no Rio de Janeiro, com <strong>transmiss\u00e3o ao vivo<\/strong> na CBF TV, no YouTube. \u00c9 grande a expectativa em torno da primeira lista do t\u00e9cnico italiano ap\u00f3s a <strong>elimina\u00e7\u00e3o precoce do Brasil para a Noruega,<\/strong> nas oitavas de final do Mundial deste ano. Al\u00e9m de acompanhar os jogos no pa\u00eds, o treinador passou a \u00faltima semana na Europa, acompanhando jogos com atletas brasileiros que defendem clubes franceses e ingleses. \u00a0<\/p>\n<blockquote class=\"twitter-tweet\">\n<p dir=\"ltr\" lang=\"pt\" xml:lang=\"pt\">A Super Data FIFA vem a\u00ed! \ud83c\udde7\ud83c\uddf7\ud83d\udc9b<\/p>\n<p><strong><a href=\"https:\/\/mrnews.com.br\/index.php\/2026\/09\/01\/brasileirao-feminino-bahia-e-palmeiras-ficam-no-1-a-1-pelas-quartas\/\">Brasileir\u00e3o Feminino: Bahia e Palmeiras ficam no 1 a 1 pelas quartas<\/a><\/strong><\/p>\n<p><strong><a href=\"https:\/\/mrnews.com.br\/index.php\/2026\/08\/31\/de-virada-coritiba-vence-remo-no-fim-da-25a-rodada-do-brasileirao\/\">De virada, Coritiba vence Remo no fim da 25\u00aa rodada do Brasileir\u00e3o<\/a><\/strong><\/p>\n<p>Na pr\u00f3xima quarta-feira, 9 de Setembro, \u00e0s 15h (de Bras\u00edlia), teremos a divulga\u00e7\u00e3o dos 26 nomes que disputar\u00e3o os tr\u00eas amistosos que fazem parte da agenda da Sele\u00e7\u00e3o nos meses de setembro e outubro.<\/p>\n<p>25\/09 \u2022 \ud83c\udde6\ud83c\uddfavs\ud83c\udde7\ud83c\uddf7<br \/>29\/09 \u2022 \ud83c\udde6\ud83c\uddfavs\ud83c\udde7\ud83c\uddf7<br \/>03\/10 \u2022 \ud83c\uddee\ud83c\uddf3vs\ud83c\udde7\ud83c\uddf7\u2026 <a href=\"https:\/\/t.co\/8xu6MMmj5g\">pic.twitter.com\/8xu6MMmj5g<\/a><\/p>\n<p>\u2014 brasil (@CBF_Futebol) September 2, 2026<\/p>\n<\/blockquote>\n<p>O Brasil enfrentar\u00e1 a Austr\u00e1lia duas vezes na casa dos advers\u00e1rios. O primeiro confronto ser\u00e1 em 25 de setembro (uma sexta-feira), \u00e0s 7h (hor\u00e1rio de Bras\u00edlia), no est\u00e1dio Queensland Country Bank, em Townsville. Quatro dias depois, as duas sele\u00e7\u00f5es voltam a duelar, no mesmo hor\u00e1rio, no est\u00e1dio Suncorp, em Brisbane. J\u00e1 a partida contra a \u00cdndia est\u00e1 programada para 3 de outubro (um s\u00e1bado), \u00e0s 11h, no est\u00e1dio Salt Lake, em Calcut\u00e1.<\/p>\n<p><strong><a href=\"https:\/\/mrnews.com.br\/index.php\/2026\/08\/31\/brasileiro-feminino-planalto-go-larga-em-vantagem-na-final-da-a3\/\">Brasileiro Feminino: Planalto (GO) larga em vantagem na final da A3<\/a><\/strong><\/p>\n<p><strong><a href=\"https:\/\/mrnews.com.br\/index.php\/2026\/08\/30\/neste-domingo-radio-nacional-transmite-classico-flamengo-x-botafogo\/\">Neste domingo, R\u00e1dio Nacional transmite cl\u00e1ssico Flamengo x Botafogo<\/a><\/strong><\/p>\n<\/div>\n<p><script async src=\"\/\/platform.twitter.com\/widgets.js\" charset=\"utf-8\"><\/script><\/p>\n","protected":false},"excerpt":{"rendered":"<p>A primeira convoca\u00e7\u00e3o da sele\u00e7\u00e3o brasileira p\u00f3s-Copa do Mundo est\u00e1 programada para a pr\u00f3xima quarta-feira (9), a partir das 15h (hor\u00e1rio de Bras\u00edlia). A data foi confirmada hoje pela CBF. O t\u00e9cnico italiano Carlo Ancelotti anunciar\u00e1 os 26 jogadores que enfrentar\u00e3o Austr\u00e1lia e \u00cdndia em tr\u00eas amistosos fora do pa\u00eds na pr\u00f3xima Data Fifa (entre &#8230; <a title=\"Sele\u00e7\u00e3o brasileira ter\u00e1 1\u00aa convoca\u00e7\u00e3o p\u00f3s-Copa em 9 de setembro\" class=\"read-more\" href=\"https:\/\/superinteressantes.com.br\/index.php\/2026\/09\/02\/selecao-brasileira-tera-1a-convocacao-pos-copa-em-9-de-setembro\/\" aria-label=\"More on Sele\u00e7\u00e3o brasileira ter\u00e1 1\u00aa convoca\u00e7\u00e3o p\u00f3s-Copa em 9 de setembro\">Ler mais<\/a><\/p>\n","protected":false},"author":3,"featured_media":0,"comment_status":"","ping_status":"","sticky":false,"template":"","format":"standard","meta":{"footnotes":""},"categories":[1],"tags":[],"class_list":["post-39960","post","type-post","status-publish","format-standard","hentry","category-sem-categoria"],"amp_enabled":true,"_links":{"self":[{"href":"https:\/\/superinteressantes.com.br\/index.php\/wp-json\/wp\/v2\/posts\/39960","targetHints":{"allow":["GET"]}}],"collection":[{"href":"https:\/\/superinteressantes.com.br\/index.php\/wp-json\/wp\/v2\/posts"}],"about":[{"href":"https:\/\/superinteressantes.com.br\/index.php\/wp-json\/wp\/v2\/types\/post"}],"author":[{"embeddable":true,"href":"https:\/\/superinteressantes.com.br\/index.php\/wp-json\/wp\/v2\/users\/3"}],"replies":[{"embeddable":true,"href":"https:\/\/superinteressantes.com.br\/index.php\/wp-json\/wp\/v2\/comments?post=39960"}],"version-history":[{"count":0,"href":"https:\/\/superinteressantes.com.br\/index.php\/wp-json\/wp\/v2\/posts\/39960\/revisions"}],"wp:attachment":[{"href":"https:\/\/superinteressantes.com.br\/index.php\/wp-json\/wp\/v2\/media?parent=39960"}],"wp:term":[{"taxonomy":"category","embeddable":true,"href":"https:\/\/superinteressantes.com.br\/index.php\/wp-json\/wp\/v2\/categories?post=39960"},{"taxonomy":"post_tag","embeddable":true,"href":"https:\/\/superinteressantes.com.br\/index.php\/wp-json\/wp\/v2\/tags?post=39960"}],"curies":[{"name":"wp","href":"https:\/\/api.w.org\/{rel}","templated":true}]}}