{"id":39958,"date":"2026-09-02T18:21:13","date_gmt":"2026-09-02T21:21:13","guid":{"rendered":"https:\/\/superinteressantes.com.br\/index.php\/2026\/09\/02\/setembro-amarelo-alerta-para-a-promocao-da-saude-mental-e-a-prevencao-ao-suicidio-prefeitura-da-cidade-do-rio-de-janeiro\/"},"modified":"2026-09-02T18:21:13","modified_gmt":"2026-09-02T21:21:13","slug":"setembro-amarelo-alerta-para-a-promocao-da-saude-mental-e-a-prevencao-ao-suicidio-prefeitura-da-cidade-do-rio-de-janeiro","status":"publish","type":"post","link":"https:\/\/superinteressantes.com.br\/index.php\/2026\/09\/02\/setembro-amarelo-alerta-para-a-promocao-da-saude-mental-e-a-prevencao-ao-suicidio-prefeitura-da-cidade-do-rio-de-janeiro\/","title":{"rendered":"Setembro Amarelo alerta para a promo\u00e7\u00e3o da sa\u00fade mental e a preven\u00e7\u00e3o ao suic\u00eddio &#8211; Prefeitura da Cidade do Rio de Janeiro"},"content":{"rendered":"<p><\/p>\n<div wp_automatic_readability=\"84.593729747246\">\n<div class=\"image-post\" wp_automatic_readability=\"33\">\n                     Unidades da rede municipal oferecem cuidado multiprofissional para pessoas em sofrimento ps\u00edquico. Foto: Divulga\u00e7\u00e3o\/SMS<\/p><\/div>\n<p dir=\"ltr\">O Setembro Amarelo alerta para a promo\u00e7\u00e3o da sa\u00fade mental e a preven\u00e7\u00e3o ao suic\u00eddio. Dados da Organiza\u00e7\u00e3o Mundial da Sa\u00fade justificam a import\u00e2ncia da conscientiza\u00e7\u00e3o: mais de 720 mil pessoas tiram as pr\u00f3prias vidas anualmente, e os jovens de 15 a 29 anos est\u00e3o entre os grupos mais afetados. A Secretaria Municipal de Sa\u00fade (SMS) oferece acolhimento, escuta qualificada e cuidado multiprofissional para pessoas em crise e\/ou que necessitem de atendimento por sofrimento emocional e ps\u00edquico. O objetivo \u00e9 incentivar a busca por suporte profissional, combater o tabu e o estigma em torno dos transtornos mentais e auxiliar as fam\u00edlias dos pacientes, promovendo aceita\u00e7\u00e3o, bem-estar e prote\u00e7\u00e3o da vida.<\/p>\n<p>\u00a0<\/p>\n<p dir=\"ltr\">Na rede municipal, o cuidado come\u00e7a na Aten\u00e7\u00e3o Prim\u00e1ria, principal porta de entrada do Sistema \u00danico de Sa\u00fade, com equipe multidisciplinar. Todas as 242 unidades da rede (centros municipais de sa\u00fade e cl\u00ednicas da fam\u00edlia) est\u00e3o preparadas para identificar situa\u00e7\u00f5es de sofrimento ps\u00edquico e definir o acompanhamento mais adequado. De acordo com a necessidade de cada paciente, o cuidado pode ser compartilhado ou encaminhado para os Centros de Aten\u00e7\u00e3o Psicossocial (CAPS), que oferecem atendimento multiprofissional e constroem planos terap\u00eauticos individualizados.<\/p>\n<p>\u00a0<\/p>\n<p dir=\"ltr\">Em situa\u00e7\u00f5es de crise, casos cl\u00ednicos e de trauma relacionados a tentativa de suic\u00eddio, unidades de urg\u00eancia e emerg\u00eancia realizam o atendimento imediato e articulam a continuidade do cuidado com a rede de aten\u00e7\u00e3o psicossocial. A tecnologia do Centro de Intelig\u00eancia Epidemiol\u00f3gica (CIE) tamb\u00e9m auxilia na identifica\u00e7\u00e3o desses casos nos hospitais e envia alertas \u00e0 rede municipal de Sa\u00fade Mental, permitindo busca ativa e acompanhamento dos pacientes. O cuidado \u00e9 mantido ao longo da recupera\u00e7\u00e3o e, ap\u00f3s a alta hospitalar, o paciente \u00e9 encaminhado para continuidade do acompanhamento em uma cl\u00ednica da fam\u00edlia, centro municipal de sa\u00fade ou CAPS, de acordo com suas necessidades.<\/p>\n<p>\u00a0<\/p>\n<p dir=\"ltr\"><strong>Sinais de alerta: orienta\u00e7\u00f5es de preven\u00e7\u00e3o<\/strong><\/p>\n<p>\u00a0<\/p>\n<p dir=\"ltr\">Mudan\u00e7as persistentes de comportamento podem indicar que uma pessoa est\u00e1 passando por sofrimento emocional e precisa de aten\u00e7\u00e3o. Isolamento social, altera\u00e7\u00f5es de humor, perda do autocuidado, aumento do consumo de \u00e1lcool ou outras drogas e falas de desesperan\u00e7a ou autodesvaloriza\u00e7\u00e3o est\u00e3o entre os sinais que devem ser observados por familiares e pessoas pr\u00f3ximas. O hist\u00f3rico de condi\u00e7\u00f5es como depress\u00e3o e ansiedade tamb\u00e9m pode demandar maior aten\u00e7\u00e3o.<\/p>\n<p>\u00a0<\/p>\n<blockquote wp_automatic_readability=\"11\">\n<p dir=\"ltr\">\u2013 Reconhecer o estado emocional do indiv\u00edduo e conversar sobre a situa\u00e7\u00e3o s\u00e3o componentes fundamentais para a preven\u00e7\u00e3o. A conversa sempre vai ser o primeiro passo, mas \u00e9 preciso buscar ajuda profissional das unidades de sa\u00fade. N\u00e3o se deve ter medo ou vergonha de admitir o problema e de procurar ajuda -, orienta Hugo Fagundes, superintendente de Sa\u00fade Mental da SMS.<\/p>\n<\/blockquote>\n<p>\u00a0<\/p>\n<p dir=\"ltr\">Nos casos de sintomas depressivos graves, por exemplo, a equipe do CAPS elabora um plano terap\u00eautico de acordo com o sofrimento ps\u00edquico e as necessidades identificadas. O acompanhamento pode incluir atendimentos individuais, em grupo e com familiares, al\u00e9m de oficinas terap\u00eauticas voltadas \u00e0 reabilita\u00e7\u00e3o psicossocial. O trabalho \u00e9 multiprofissional e articulado com os demais servi\u00e7os da rede de sa\u00fade.<\/p>\n<p>\u00a0<\/p>\n<p dir=\"ltr\">Para familiares e pessoas pr\u00f3ximas que tamb\u00e9m necessitem de apoio, a SMS oferece acompanhamento e espa\u00e7os de escuta. Na Aten\u00e7\u00e3o Prim\u00e1ria, h\u00e1 grupos de suporte, enquanto a Rede de Aten\u00e7\u00e3o Psicossocial (RAPS) realiza acolhimento e acompanhamento de acordo com as necessidades emocionais e psicol\u00f3gicas identificadas.<\/p>\n<p>\u00a0<\/p>\n<blockquote wp_automatic_readability=\"15\">\n<p dir=\"ltr\">\u2013 Percebe-se que os casos de suic\u00eddio ocorrem mais em adultos jovens e est\u00e3o ligados, principalmente, \u00e0 depress\u00e3o. Tamb\u00e9m est\u00e3o fortemente correlacionados com fatores sociais, estrutura familiar, personalidade, transtornos e a rela\u00e7\u00e3o com redes sociais. Nas unidades da rede de aten\u00e7\u00e3o psicossocial, oferecemos todo o aparato necess\u00e1rio para proporcionar escuta ao paciente. S\u00e3o cuidados permanentes. Recomendamos sempre procurar ajuda profissional -, completa Hugo Fagundes.<\/p>\n<\/blockquote>\n<p dir=\"ltr\"><strong>Rede de aten\u00e7\u00e3o psicossocial<\/strong><\/p>\n<p dir=\"ltr\">A rede municipal conta com 40 CAPS, incluindo servi\u00e7os voltados para o cuidado relacionado ao uso de \u00e1lcool e outras drogas (CAPSad) e para crian\u00e7as e adolescentes (CAPSi). As unidades funcionam de segunda a sexta-feira, das 8h \u00e0s 17h, ou, no caso dos CAPS III, 24 horas por dia, todos os dias da semana, oferecendo atendimento cont\u00ednuo para pessoas em situa\u00e7\u00f5es de maior complexidade. Nesses servi\u00e7os, usu\u00e1rios que j\u00e1 est\u00e3o em acompanhamento podem receber acolhimento noturno, conforme avalia\u00e7\u00e3o da equipe e as necessidades identificadas no cuidado. A rede tamb\u00e9m disp\u00f5e de sete emerg\u00eancias em sa\u00fade mental para atendimento de situa\u00e7\u00f5es que demandem cuidado imediato (veja a lista neste link: https:\/\/saude.prefeitura.rio\/unidades-de-saude\/unidades-especializadas\/). E para casos cl\u00ednicos ou de trauma resultantes de tentativa de suic\u00eddio, toda a rede de urg\u00eancia e emerg\u00eancia (UPAs, CERs e hospitais) pode realizar o pronto-atendimento e cuidados espec\u00edficos, at\u00e9 a melhora do quadro e encaminhamento \u00e0 Rede de Aten\u00e7\u00e3o Psicossocial ou de Aten\u00e7\u00e3o Prim\u00e1ria.<\/p>\n<p>             <!-- Compartilhe ---><\/p>\n<p>\t\t\t <!-- TAGS --><\/p>\n<section class=\"category-tags\">\n<div class=\"marcacao-category\">\n<article class=\"category-post\">\n<p>Categoria: <\/p>\n<\/article>\n<li>2 de setembro de 2026<\/li><\/div>\n<article class=\"tags\">\n\t\t\t\t\tMarca\u00e7\u00f5es: Centros de Aten\u00e7\u00e3o Psicossocial (CAPS) Organiza\u00e7\u00e3o Mundial da Sa\u00fade Setembro Amarelo Sistema \u00danico de Sa\u00fade<br \/><\/article>\n<\/section>\n<p>            <!-- Mais Not&iacute;cias --><\/p>\n<p>\t\t<!-- Conte&uacute;do SIDEBAR --><\/p><\/div>\n","protected":false},"excerpt":{"rendered":"<p>Unidades da rede municipal oferecem cuidado multiprofissional para pessoas em sofrimento ps\u00edquico. Foto: Divulga\u00e7\u00e3o\/SMS O Setembro Amarelo alerta para a promo\u00e7\u00e3o da sa\u00fade mental e a preven\u00e7\u00e3o ao suic\u00eddio. Dados da Organiza\u00e7\u00e3o Mundial da Sa\u00fade justificam a import\u00e2ncia da conscientiza\u00e7\u00e3o: mais de 720 mil pessoas tiram as pr\u00f3prias vidas anualmente, e os jovens de 15 &#8230; <a title=\"Setembro Amarelo alerta para a promo\u00e7\u00e3o da sa\u00fade mental e a preven\u00e7\u00e3o ao suic\u00eddio &#8211; Prefeitura da Cidade do Rio de Janeiro\" class=\"read-more\" href=\"https:\/\/superinteressantes.com.br\/index.php\/2026\/09\/02\/setembro-amarelo-alerta-para-a-promocao-da-saude-mental-e-a-prevencao-ao-suicidio-prefeitura-da-cidade-do-rio-de-janeiro\/\" aria-label=\"More on Setembro Amarelo alerta para a promo\u00e7\u00e3o da sa\u00fade mental e a preven\u00e7\u00e3o ao suic\u00eddio &#8211; Prefeitura da Cidade do Rio de Janeiro\">Ler mais<\/a><\/p>\n","protected":false},"author":1,"featured_media":0,"comment_status":"","ping_status":"","sticky":false,"template":"","format":"standard","meta":{"footnotes":""},"categories":[1],"tags":[],"class_list":["post-39958","post","type-post","status-publish","format-standard","hentry","category-sem-categoria"],"amp_enabled":true,"_links":{"self":[{"href":"https:\/\/superinteressantes.com.br\/index.php\/wp-json\/wp\/v2\/posts\/39958","targetHints":{"allow":["GET"]}}],"collection":[{"href":"https:\/\/superinteressantes.com.br\/index.php\/wp-json\/wp\/v2\/posts"}],"about":[{"href":"https:\/\/superinteressantes.com.br\/index.php\/wp-json\/wp\/v2\/types\/post"}],"author":[{"embeddable":true,"href":"https:\/\/superinteressantes.com.br\/index.php\/wp-json\/wp\/v2\/users\/1"}],"replies":[{"embeddable":true,"href":"https:\/\/superinteressantes.com.br\/index.php\/wp-json\/wp\/v2\/comments?post=39958"}],"version-history":[{"count":0,"href":"https:\/\/superinteressantes.com.br\/index.php\/wp-json\/wp\/v2\/posts\/39958\/revisions"}],"wp:attachment":[{"href":"https:\/\/superinteressantes.com.br\/index.php\/wp-json\/wp\/v2\/media?parent=39958"}],"wp:term":[{"taxonomy":"category","embeddable":true,"href":"https:\/\/superinteressantes.com.br\/index.php\/wp-json\/wp\/v2\/categories?post=39958"},{"taxonomy":"post_tag","embeddable":true,"href":"https:\/\/superinteressantes.com.br\/index.php\/wp-json\/wp\/v2\/tags?post=39958"}],"curies":[{"name":"wp","href":"https:\/\/api.w.org\/{rel}","templated":true}]}}