{"id":39954,"date":"2026-09-02T15:13:19","date_gmt":"2026-09-02T18:13:19","guid":{"rendered":"https:\/\/superinteressantes.com.br\/index.php\/2026\/09\/02\/leo-bezerra-visita-casas-de-acolhimento-e-projeta-criacao-de-centros-dia-para-idosos-em-joao-pessoa\/"},"modified":"2026-09-02T15:13:19","modified_gmt":"2026-09-02T18:13:19","slug":"leo-bezerra-visita-casas-de-acolhimento-e-projeta-criacao-de-centros-dia-para-idosos-em-joao-pessoa","status":"publish","type":"post","link":"https:\/\/superinteressantes.com.br\/index.php\/2026\/09\/02\/leo-bezerra-visita-casas-de-acolhimento-e-projeta-criacao-de-centros-dia-para-idosos-em-joao-pessoa\/","title":{"rendered":"Leo Bezerra visita casas de acolhimento e projeta cria\u00e7\u00e3o de Centros Dia para idosos em Jo\u00e3o Pessoa"},"content":{"rendered":"<p><\/p>\n<div id=\"texto\">\n<p>O prefeito Leo Bezerra dedicou uma agenda especial, nesta quarta-feira (2), para visitar casas de acolhimento que desenvolvem um importante trabalho com idosos de Jo\u00e3o Pessoa. Durante as visitas, o gestor projetou a cria\u00e7\u00e3o de Centros Dia no Lar da Provid\u00eancia e na Casa da Divina Miseric\u00f3rdia, oferecendo atividades, cuidados e conviv\u00eancia para os idosos durante o dia, al\u00e9m de apoio da Prefeitura da Capital para a manuten\u00e7\u00e3o das institui\u00e7\u00f5es.<\/p>\n<p>Na agenda, Leo tamb\u00e9m visitou a Vila Vicentina, na Torre; o Nosso Lar, no Castelo Branco; e a Aspan, no Cristo Redentor. O prefeito destacou que a iniciativa faz parte de um projeto maior para fortalecer as pol\u00edticas p\u00fablicas voltadas \u00e0 pessoa idosa e anunciou que, nos pr\u00f3ximos dias, a Prefeitura dever\u00e1 apresentar novas a\u00e7\u00f5es para esse p\u00fablico.<\/p>\n<p>\u201cEstamos aqui para desenvolver novos projetos voltados aos idosos. Certamente, trata-se de pessoas que possuem grande experi\u00eancia e que s\u00e3o refer\u00eancia para todos n\u00f3s, e \u00e9 esse o caminho que seguiremos. Embora eu prefira n\u00e3o antecipar detalhes neste momento, asseguro que, nos pr\u00f3ximos dias, apresentaremos um projeto relevante dedicado aos idosos de nossa Capital\u201d, destacou Leo Bezerra.<\/p>\n<figure class=\"wp-block-gallery has-nested-images columns-default is-cropped wp-block-gallery-1 is-layout-flex wp-block-gallery-is-layout-flex\">\n<figure class=\"wp-block-image size-large\"><\/figure>\n<figure class=\"wp-block-image size-large\"><\/figure>\n<figure class=\"wp-block-image size-large\"><\/figure>\n<\/figure>\n<p>Para a cria\u00e7\u00e3o dos Centros Dia, as institui\u00e7\u00f5es dever\u00e3o apresentar projetos que ser\u00e3o executados com o apoio da Prefeitura de Jo\u00e3o Pessoa. No Lar da Provid\u00eancia, a Irm\u00e3 Raimunda, respons\u00e1vel pela coordena\u00e7\u00e3o da institui\u00e7\u00e3o, destacou que o servi\u00e7o pode ampliar a assist\u00eancia diante da crescente demanda por vagas.<\/p>\n<p>\u201cPara n\u00f3s, \u00e9 uma alegria ter a presen\u00e7a do prefeito aqui, porque n\u00f3s temos muitas demandas. A procura \u00e9 muito grande, s\u00e3o mais de 200 pessoas nos procurando por vagas. Ent\u00e3o, vamos apresentar para o prefeito o Centro Dia, porque seria um projeto em que o idoso viria passar o dia e a fam\u00edlia o buscaria no final da tarde. \u00c9 uma forma de atender um pouco mais as pessoas que est\u00e3o precisando neste momento\u201d, afirmou.<\/p>\n<figure class=\"wp-block-gallery has-nested-images columns-default is-cropped wp-block-gallery-2 is-layout-flex wp-block-gallery-is-layout-flex\">\n<figure class=\"wp-block-image size-large\"><\/figure>\n<figure class=\"wp-block-image size-large\"><\/figure>\n<figure class=\"wp-block-image size-large\"><\/figure>\n<figure class=\"wp-block-image size-large\"><\/figure>\n<figure class=\"wp-block-image size-large\"><\/figure>\n<figure class=\"wp-block-image size-large\"><\/figure>\n<\/figure>\n<p>Na Casa da Divina Miseric\u00f3rdia, localizada no Jardim Cidade Universit\u00e1ria e que atualmente acolhe 34 idosos, Marliete Arruda falou em nome da institui\u00e7\u00e3o e tamb\u00e9m destacou a possibilidade de ampliar os servi\u00e7os com a cria\u00e7\u00e3o do Centro Dia. \u201cTemos \u00e1rea aqui para isso, um espa\u00e7o que vai ser preenchido, se Deus quiser, com mais idosos, porque muita gente nos procura querendo vaga\u201d, pontuou.<\/p>\n<p>Al\u00e9m dos novos projetos, o prefeito determinou a realiza\u00e7\u00e3o de servi\u00e7os de manuten\u00e7\u00e3o e zeladoria nas unidades, bem como a presen\u00e7a das equipes do Centro de Controle de Zoonoses para o cuidado com animais no entorno das casas de acolhimento. Outras demandas apresentadas durante as visitas tamb\u00e9m ser\u00e3o avaliadas pela Prefeitura, com o objetivo de melhorar as condi\u00e7\u00f5es de funcionamento das institui\u00e7\u00f5es e ampliar a rede de cuidado e prote\u00e7\u00e3o \u00e0 pessoa idosa na Capital.<\/p>\n<\/p><\/div>\n","protected":false},"excerpt":{"rendered":"<p>O prefeito Leo Bezerra dedicou uma agenda especial, nesta quarta-feira (2), para visitar casas de acolhimento que desenvolvem um importante trabalho com idosos de Jo\u00e3o Pessoa. Durante as visitas, o gestor projetou a cria\u00e7\u00e3o de Centros Dia no Lar da Provid\u00eancia e na Casa da Divina Miseric\u00f3rdia, oferecendo atividades, cuidados e conviv\u00eancia para os idosos &#8230; <a title=\"Leo Bezerra visita casas de acolhimento e projeta cria\u00e7\u00e3o de Centros Dia para idosos em Jo\u00e3o Pessoa\" class=\"read-more\" href=\"https:\/\/superinteressantes.com.br\/index.php\/2026\/09\/02\/leo-bezerra-visita-casas-de-acolhimento-e-projeta-criacao-de-centros-dia-para-idosos-em-joao-pessoa\/\" aria-label=\"More on Leo Bezerra visita casas de acolhimento e projeta cria\u00e7\u00e3o de Centros Dia para idosos em Jo\u00e3o Pessoa\">Ler mais<\/a><\/p>\n","protected":false},"author":1,"featured_media":0,"comment_status":"","ping_status":"","sticky":false,"template":"","format":"standard","meta":{"footnotes":""},"categories":[1],"tags":[],"class_list":["post-39954","post","type-post","status-publish","format-standard","hentry","category-sem-categoria"],"amp_enabled":true,"_links":{"self":[{"href":"https:\/\/superinteressantes.com.br\/index.php\/wp-json\/wp\/v2\/posts\/39954","targetHints":{"allow":["GET"]}}],"collection":[{"href":"https:\/\/superinteressantes.com.br\/index.php\/wp-json\/wp\/v2\/posts"}],"about":[{"href":"https:\/\/superinteressantes.com.br\/index.php\/wp-json\/wp\/v2\/types\/post"}],"author":[{"embeddable":true,"href":"https:\/\/superinteressantes.com.br\/index.php\/wp-json\/wp\/v2\/users\/1"}],"replies":[{"embeddable":true,"href":"https:\/\/superinteressantes.com.br\/index.php\/wp-json\/wp\/v2\/comments?post=39954"}],"version-history":[{"count":0,"href":"https:\/\/superinteressantes.com.br\/index.php\/wp-json\/wp\/v2\/posts\/39954\/revisions"}],"wp:attachment":[{"href":"https:\/\/superinteressantes.com.br\/index.php\/wp-json\/wp\/v2\/media?parent=39954"}],"wp:term":[{"taxonomy":"category","embeddable":true,"href":"https:\/\/superinteressantes.com.br\/index.php\/wp-json\/wp\/v2\/categories?post=39954"},{"taxonomy":"post_tag","embeddable":true,"href":"https:\/\/superinteressantes.com.br\/index.php\/wp-json\/wp\/v2\/tags?post=39954"}],"curies":[{"name":"wp","href":"https:\/\/api.w.org\/{rel}","templated":true}]}}