{"id":39936,"date":"2026-09-01T20:25:21","date_gmt":"2026-09-01T23:25:21","guid":{"rendered":"https:\/\/superinteressantes.com.br\/index.php\/2026\/09\/01\/prefeitura-de-joao-pessoa-promove-segundo-modulo-do-curso-para-os-guias-de-turismo\/"},"modified":"2026-09-01T20:25:21","modified_gmt":"2026-09-01T23:25:21","slug":"prefeitura-de-joao-pessoa-promove-segundo-modulo-do-curso-para-os-guias-de-turismo","status":"publish","type":"post","link":"https:\/\/superinteressantes.com.br\/index.php\/2026\/09\/01\/prefeitura-de-joao-pessoa-promove-segundo-modulo-do-curso-para-os-guias-de-turismo\/","title":{"rendered":"Prefeitura de Jo\u00e3o Pessoa promove segundo m\u00f3dulo do curso para os guias de turismo"},"content":{"rendered":"<p><\/p>\n<div id=\"texto\">\n<p>A Prefeitura de Jo\u00e3o Pessoa, por meio da Secretaria de Turismo (Setur), segue o processo de capacita\u00e7\u00e3o dos profissionais que atuam nas atividades do segmento com o objetivo de tornar ainda mais eficiente a rela\u00e7\u00e3o entre os colaboradores e os turistas e moradores da cidade. Nesse sentido, ter\u00e1 in\u00edcio nesta quarta-feira (2) o segundo m\u00f3dulo do curso de \u2018Gastronomia, Turismo, Cultura Local e Artesanato\u2019, que ser\u00e1 ministrado pelo professor Bryan Alekssander Ribeiro de Fran\u00e7a. As aulas ser\u00e3o ministradas nesta quarta-feira, al\u00e9m dos dias 04 e 17 de setembro, no Shopping Sebrae, \u00e0s 18h30. As inscri\u00e7\u00f5es continuam abertas e o curso \u00e9 gratuito.<\/p>\n<p>O curso est\u00e1 sendo oferecido exclusivamente para guias de turismo inscritos no Cadastur. Conforme o Instituto Parahyba de Sustentabilidade (IPAS), que atua em parceria com a Setur-JP nesse projeto, est\u00e3o dispon\u00edveis 30 vagas, das quais, h\u00e1 prefer\u00eancia para os profissionais que finalizaram o primeiro m\u00f3dulo. O primeiro curso do \u2018Atualiza Jo\u00e3o Pessoa\u2019 foi ministrado no dia 19 de agosto, quando foi abordado o tema \u2018Normas Legais, Atendimento ao Turista e \u00c9tica Profissional\u2019, com o professor Ca\u00edque Braga.<\/p>\n<p>De acordo com Daniel Rodrigues, secret\u00e1rio de Turismo de Jo\u00e3o Pessoa, a programa\u00e7\u00e3o do curso passa por temas como gastronomia, cultura local e artesanato; patrim\u00f4nio hist\u00f3rico-cultural de Jo\u00e3o Pessoa; tecnologia e inova\u00e7\u00e3o; e sustentabilidade, turismo, meio ambiente e esporte. \u201c\u00c9 fundamental que os profissionais que trabalham na linha de frente do turismo, em contato permanente com os turistas, tenham o m\u00e1ximo de informa\u00e7\u00f5es t\u00e9cnicas e pr\u00e1ticas, facilitando ainda mais a compreens\u00e3o sobre o potencial que Jo\u00e3o Pessoa pode oferecer em todas as \u00e1reas\u201d, disse.<\/p>\n<p>Essas a\u00e7\u00f5es, pontuou Daniel Rodrigues, fazem parte da pol\u00edtica p\u00fablica da gest\u00e3o do prefeito Leo Bezerra, que entende que o Turismo \u00e9 uma \u00e1rea estrat\u00e9gica da economia e que interage com toda a cadeira produtiva da Capital paraibana, seja em atividades como hotelaria, bares e restaurantes, assim como na comercializa\u00e7\u00e3o de pacotes tur\u00edsticos, e ampliam a movimenta\u00e7\u00e3o do transporte p\u00fablico e o com\u00e9rcio em geral.<\/p>\n<p>\u201cQuanto mais oportunidades a Prefeitura de Jo\u00e3o Pessoa coloca \u00e0 disposi\u00e7\u00e3o dos profissionais, melhor ser\u00e1 a apresenta\u00e7\u00e3o do potencial tur\u00edstico que a capital paraibana pode entregar aos nossos visitantes\u201d, concluiu o secret\u00e1rio.<\/p>\n<p><strong>Servi\u00e7o:<\/strong><\/p>\n<p>Dias: 02, 04 e 17 de setembro<\/p>\n<p>Hor\u00e1rio: 18h30<\/p>\n<p>Professor: Bryan Alekssander Ribeiro de Fran\u00e7a<\/p>\n<p>Local: Shopping Sebrae<\/p>\n<p>Inscri\u00e7\u00f5es abertas no link: https:\/\/forms.gle\/F7ENJG3UohUxH2Pt5.<\/p>\n<\/p><\/div>\n","protected":false},"excerpt":{"rendered":"<p>A Prefeitura de Jo\u00e3o Pessoa, por meio da Secretaria de Turismo (Setur), segue o processo de capacita\u00e7\u00e3o dos profissionais que atuam nas atividades do segmento com o objetivo de tornar ainda mais eficiente a rela\u00e7\u00e3o entre os colaboradores e os turistas e moradores da cidade. Nesse sentido, ter\u00e1 in\u00edcio nesta quarta-feira (2) o segundo m\u00f3dulo &#8230; <a title=\"Prefeitura de Jo\u00e3o Pessoa promove segundo m\u00f3dulo do curso para os guias de turismo\" class=\"read-more\" href=\"https:\/\/superinteressantes.com.br\/index.php\/2026\/09\/01\/prefeitura-de-joao-pessoa-promove-segundo-modulo-do-curso-para-os-guias-de-turismo\/\" aria-label=\"More on Prefeitura de Jo\u00e3o Pessoa promove segundo m\u00f3dulo do curso para os guias de turismo\">Ler mais<\/a><\/p>\n","protected":false},"author":1,"featured_media":0,"comment_status":"","ping_status":"","sticky":false,"template":"","format":"standard","meta":{"footnotes":""},"categories":[1],"tags":[],"class_list":["post-39936","post","type-post","status-publish","format-standard","hentry","category-sem-categoria"],"amp_enabled":true,"_links":{"self":[{"href":"https:\/\/superinteressantes.com.br\/index.php\/wp-json\/wp\/v2\/posts\/39936","targetHints":{"allow":["GET"]}}],"collection":[{"href":"https:\/\/superinteressantes.com.br\/index.php\/wp-json\/wp\/v2\/posts"}],"about":[{"href":"https:\/\/superinteressantes.com.br\/index.php\/wp-json\/wp\/v2\/types\/post"}],"author":[{"embeddable":true,"href":"https:\/\/superinteressantes.com.br\/index.php\/wp-json\/wp\/v2\/users\/1"}],"replies":[{"embeddable":true,"href":"https:\/\/superinteressantes.com.br\/index.php\/wp-json\/wp\/v2\/comments?post=39936"}],"version-history":[{"count":0,"href":"https:\/\/superinteressantes.com.br\/index.php\/wp-json\/wp\/v2\/posts\/39936\/revisions"}],"wp:attachment":[{"href":"https:\/\/superinteressantes.com.br\/index.php\/wp-json\/wp\/v2\/media?parent=39936"}],"wp:term":[{"taxonomy":"category","embeddable":true,"href":"https:\/\/superinteressantes.com.br\/index.php\/wp-json\/wp\/v2\/categories?post=39936"},{"taxonomy":"post_tag","embeddable":true,"href":"https:\/\/superinteressantes.com.br\/index.php\/wp-json\/wp\/v2\/tags?post=39936"}],"curies":[{"name":"wp","href":"https:\/\/api.w.org\/{rel}","templated":true}]}}