{"id":39930,"date":"2026-09-01T14:08:15","date_gmt":"2026-09-01T17:08:15","guid":{"rendered":"https:\/\/superinteressantes.com.br\/index.php\/2026\/09\/01\/prefeitura-de-nova-iguacu-aciona-ministerio-publico-para-desfazer-obra-irregular-que-agravava-risco-de-alagamentos\/"},"modified":"2026-09-01T14:08:15","modified_gmt":"2026-09-01T17:08:15","slug":"prefeitura-de-nova-iguacu-aciona-ministerio-publico-para-desfazer-obra-irregular-que-agravava-risco-de-alagamentos","status":"publish","type":"post","link":"https:\/\/superinteressantes.com.br\/index.php\/2026\/09\/01\/prefeitura-de-nova-iguacu-aciona-ministerio-publico-para-desfazer-obra-irregular-que-agravava-risco-de-alagamentos\/","title":{"rendered":"Prefeitura de Nova Igua\u00e7u aciona Minist\u00e9rio P\u00fablico para desfazer obra irregular que agravava risco de alagamentos"},"content":{"rendered":"<p><\/p>\n<div id=\"post_38758\">\n<header>\n<h2>Prefeitura de Nova Igua\u00e7u aciona Minist\u00e9rio P\u00fablico para desfazer obra irregular que agravava risco de alagamentos<\/h2>\n<h4>\n                <em><br \/>\n                    <time class=\"text-muted\" datetime=\"31-08-2026\">31 de agosto de 2026<\/time><br \/>\n                <\/em><br \/>\n            <\/h4>\n<\/header>\n<section>\n<p style=\"text-align: justify;\">A Prefeitura de Nova Igua\u00e7u acionou o Minist\u00e9rio P\u00fablico do Estado do Rio de Janeiro (MPRJ) e solicitou que seja desfeita, em car\u00e1ter emergencial, uma interven\u00e7\u00e3o realizada pelo munic\u00edpio de Belford Roxo em um rio que passa pelo Canal Andrade de Ara\u00fajo, no bairro Engenho Pequeno. O pedido foi feito ap\u00f3s uma vistoria t\u00e9cnica identificar que a obra reduziu a capacidade de vaz\u00e3o do curso d\u2019\u00e1gua e poderia contribuir para o agravamento de alagamentos em \u00e1reas da cidade.<\/p>\n<p style=\"text-align: justify;\">A interven\u00e7\u00e3o foi realizada em 2020 sem autoriza\u00e7\u00e3o do Instituto Estadual do Ambiente (Inea). Segundo o MPRJ, a obra estreitou a passagem do rio, provocando um estrangulamento no curso d\u2019\u00e1gua e dificultando o escoamento. O problema foi identificado pela Prefeitura de Nova Igua\u00e7u durante uma vistoria realizada no ano passado por equipes das secretarias municipais de Infraestrutura e de Servi\u00e7os P\u00fablicos, acompanhadas pela Promotoria do MPRJ. A avalia\u00e7\u00e3o t\u00e9cnica apontou que a interven\u00e7\u00e3o poderia favorecer o retorno da \u00e1gua em dire\u00e7\u00e3o a Nova Igua\u00e7u, aumentando o risco de transbordamento do canal, principalmente durante per\u00edodos de chuvas intensas.<\/p>\n<p style=\"text-align: justify;\">Diante da situa\u00e7\u00e3o, o MPRJ ajuizou uma a\u00e7\u00e3o civil p\u00fablica e obteve uma decis\u00e3o da 7\u00aa Vara C\u00edvel da Comarca de Nova Igua\u00e7u determinando a ado\u00e7\u00e3o de medidas emergenciais para desfazer a interven\u00e7\u00e3o e restabelecer as condi\u00e7\u00f5es adequadas de escoamento da \u00e1gua.<\/p>\n<\/p>\n<p><strong>Preven\u00e7\u00e3o a alagamentos<\/strong><\/p>\n<p style=\"text-align: justify;\">Enquanto a quest\u00e3o relacionada ao Canal Andrade de Ara\u00fajo \u00e9 tratada judicialmente, a Prefeitura de Nova Igua\u00e7u mant\u00e9m a\u00e7\u00f5es de preven\u00e7\u00e3o a alagamentos em diferentes regi\u00f5es do munic\u00edpio, ainda que a a\u00e7\u00e3o seja de responsabilidade do Inea. As equipes municipais realizam periodicamente servi\u00e7os de limpeza e manuten\u00e7\u00e3o de rios e canais, com o objetivo de melhorar o escoamento da \u00e1gua e reduzir os impactos provocados pelas chuvas.<\/p>\n<p style=\"text-align: justify;\">A atua\u00e7\u00e3o inclui a retirada de res\u00edduos, vegeta\u00e7\u00e3o e outros materiais que possam comprometer a vaz\u00e3o dos cursos d\u2019\u00e1gua, al\u00e9m do monitoramento de pontos mais suscet\u00edveis a alagamentos.<\/p>\n<\/p>\n<\/section><\/div>\n","protected":false},"excerpt":{"rendered":"<p>Prefeitura de Nova Igua\u00e7u aciona Minist\u00e9rio P\u00fablico para desfazer obra irregular que agravava risco de alagamentos 31 de agosto de 2026 A Prefeitura de Nova Igua\u00e7u acionou o Minist\u00e9rio P\u00fablico do Estado do Rio de Janeiro (MPRJ) e solicitou que seja desfeita, em car\u00e1ter emergencial, uma interven\u00e7\u00e3o realizada pelo munic\u00edpio de Belford Roxo em um &#8230; <a title=\"Prefeitura de Nova Igua\u00e7u aciona Minist\u00e9rio P\u00fablico para desfazer obra irregular que agravava risco de alagamentos\" class=\"read-more\" href=\"https:\/\/superinteressantes.com.br\/index.php\/2026\/09\/01\/prefeitura-de-nova-iguacu-aciona-ministerio-publico-para-desfazer-obra-irregular-que-agravava-risco-de-alagamentos\/\" aria-label=\"More on Prefeitura de Nova Igua\u00e7u aciona Minist\u00e9rio P\u00fablico para desfazer obra irregular que agravava risco de alagamentos\">Ler mais<\/a><\/p>\n","protected":false},"author":1,"featured_media":0,"comment_status":"","ping_status":"","sticky":false,"template":"","format":"standard","meta":{"footnotes":""},"categories":[1],"tags":[],"class_list":["post-39930","post","type-post","status-publish","format-standard","hentry","category-sem-categoria"],"amp_enabled":true,"_links":{"self":[{"href":"https:\/\/superinteressantes.com.br\/index.php\/wp-json\/wp\/v2\/posts\/39930","targetHints":{"allow":["GET"]}}],"collection":[{"href":"https:\/\/superinteressantes.com.br\/index.php\/wp-json\/wp\/v2\/posts"}],"about":[{"href":"https:\/\/superinteressantes.com.br\/index.php\/wp-json\/wp\/v2\/types\/post"}],"author":[{"embeddable":true,"href":"https:\/\/superinteressantes.com.br\/index.php\/wp-json\/wp\/v2\/users\/1"}],"replies":[{"embeddable":true,"href":"https:\/\/superinteressantes.com.br\/index.php\/wp-json\/wp\/v2\/comments?post=39930"}],"version-history":[{"count":0,"href":"https:\/\/superinteressantes.com.br\/index.php\/wp-json\/wp\/v2\/posts\/39930\/revisions"}],"wp:attachment":[{"href":"https:\/\/superinteressantes.com.br\/index.php\/wp-json\/wp\/v2\/media?parent=39930"}],"wp:term":[{"taxonomy":"category","embeddable":true,"href":"https:\/\/superinteressantes.com.br\/index.php\/wp-json\/wp\/v2\/categories?post=39930"},{"taxonomy":"post_tag","embeddable":true,"href":"https:\/\/superinteressantes.com.br\/index.php\/wp-json\/wp\/v2\/tags?post=39930"}],"curies":[{"name":"wp","href":"https:\/\/api.w.org\/{rel}","templated":true}]}}