{"id":39920,"date":"2026-09-01T05:31:18","date_gmt":"2026-09-01T08:31:18","guid":{"rendered":"https:\/\/superinteressantes.com.br\/index.php\/2026\/09\/01\/joao-pessoa-cresce-acima-da-media-nacional-e-reforca-ambiente-favoravel-para-negocios-e-trabalho\/"},"modified":"2026-09-01T05:31:18","modified_gmt":"2026-09-01T08:31:18","slug":"joao-pessoa-cresce-acima-da-media-nacional-e-reforca-ambiente-favoravel-para-negocios-e-trabalho","status":"publish","type":"post","link":"https:\/\/superinteressantes.com.br\/index.php\/2026\/09\/01\/joao-pessoa-cresce-acima-da-media-nacional-e-reforca-ambiente-favoravel-para-negocios-e-trabalho\/","title":{"rendered":"Jo\u00e3o Pessoa cresce acima da m\u00e9dia nacional e refor\u00e7a ambiente favor\u00e1vel para neg\u00f3cios e trabalho"},"content":{"rendered":"<p><\/p>\n<div id=\"texto\">\n<p>Jo\u00e3o Pessoa segue ampliando sua import\u00e2ncia no cen\u00e1rio econ\u00f4mico regional. A capital paraibana alcan\u00e7ou 906.093 habitantes em 1\u00ba de julho de 2026, segundo as estimativas da popula\u00e7\u00e3o divulgadas pelo Instituto Brasileiro de Geografia e Estat\u00edstica (IBGE), registrando crescimento de 0,94% em um ano. O \u00edndice coloca o munic\u00edpio na lideran\u00e7a entre as capitais nordestinas em crescimento populacional e refor\u00e7a a atratividade da cidade para moradores, trabalhadores, empreendedores e investidores.<\/p>\n<p>Entre 2025 e 2026, Jo\u00e3o Pessoa ganhou 8.460 novos habitantes. O crescimento foi mais de duas vezes superior \u00e0 m\u00e9dia nacional, de 0,37%, e tamb\u00e9m ficou acima dos \u00edndices registrados por outras capitais nordestinas, como Aracaju (0,31%), Teresina (0,26%) e Fortaleza (0,15%). No mesmo per\u00edodo, Natal e Salvador apresentaram redu\u00e7\u00e3o populacional.<\/p>\n<p>Para o secret\u00e1rio de Desenvolvimento Econ\u00f4mico e Trabalho (Sedest), Jo\u00e3o Bosco, esse cen\u00e1rio representa uma oportunidade para fortalecer pol\u00edticas p\u00fablicas voltadas \u00e0 gera\u00e7\u00e3o de emprego e renda, ao est\u00edmulo ao empreendedorismo e \u00e0 constru\u00e7\u00e3o de um ambiente cada vez mais favor\u00e1vel para quem deseja investir e desenvolver atividades econ\u00f4micas na cidade.<\/p>\n<p>\u201cO crescimento da popula\u00e7\u00e3o tamb\u00e9m amplia o mercado consumidor e a demanda por servi\u00e7os, com\u00e9rcio, habita\u00e7\u00e3o e novas oportunidades profissionais. Na avalia\u00e7\u00e3o apresentada no levantamento, uma expans\u00e3o populacional sustentada acima da m\u00e9dia pode estar associada \u00e0 capacidade de atra\u00e7\u00e3o de novos moradores, indicando fatores como mercado de trabalho, qualidade urbana, seguran\u00e7a e custo de vida competitivo\u201d, destaca Jo\u00e3o Bosco.<\/p>\n<figure class=\"wp-block-gallery has-nested-images columns-default is-cropped wp-block-gallery-1 is-layout-flex wp-block-gallery-is-layout-flex\">\n<figure class=\"wp-block-image size-large\"><\/figure>\n<figure class=\"wp-block-image size-large\"><\/figure>\n<\/figure>\n<p><strong>Capital que atrai pessoas e oportunidades \u2013<\/strong> Jo\u00e3o Pessoa concentra 21,7% da popula\u00e7\u00e3o paraibana e responde por aproximadamente 46% do incremento populacional registrado no Estado no per\u00edodo. O avan\u00e7o demogr\u00e1fico refor\u00e7a a posi\u00e7\u00e3o estrat\u00e9gica da Capital como polo de desenvolvimento econ\u00f4mico no Nordeste. A chegada de novos moradores significa tamb\u00e9m novas necessidades, novos mercados e novas possibilidades de gera\u00e7\u00e3o de trabalho e renda.<\/p>\n<p>Nesse contexto, a atua\u00e7\u00e3o da Sedest ganha relev\u00e2ncia ao conectar o crescimento da cidade \u00e0 cria\u00e7\u00e3o de condi\u00e7\u00f5es para que trabalhadores, empreendedores e empresas encontrem oportunidades de desenvolvimento. A l\u00f3gica \u00e9 fazer com que o crescimento da popula\u00e7\u00e3o seja acompanhado pela expans\u00e3o das oportunidades econ\u00f4micas e pela inclus\u00e3o das pessoas no mercado de trabalho.<\/p>\n<figure class=\"wp-block-gallery has-nested-images columns-default is-cropped wp-block-gallery-2 is-layout-flex wp-block-gallery-is-layout-flex\">\n<figure class=\"wp-block-image size-large\"><\/figure>\n<figure class=\"wp-block-image size-large\"><\/figure>\n<figure class=\"wp-block-image size-large\"><\/figure>\n<\/figure>\n<p><strong>N<\/strong><strong>ovas oportunidades<\/strong> \u2013 Jo\u00e3o Pessoa ocupa atualmente a 17\u00aa posi\u00e7\u00e3o entre as capitais mais populosas do Pa\u00eds, com uma diferen\u00e7a de apenas 1.919 habitantes para Teresina. Mantido o ritmo atual de crescimento, a capital paraibana poder\u00e1 superar a popula\u00e7\u00e3o da capital piauiense j\u00e1 na pr\u00f3xima estimativa do IBGE.<\/p>\n<p>\u201cMais do que uma mudan\u00e7a no ranking populacional, o resultado sinaliza o fortalecimento da cidade como destino para quem busca novas oportunidades. Para a gest\u00e3o municipal, o desafio \u00e9 transformar esse cen\u00e1rio de crescimento em desenvolvimento, ampliando as possibilidades de trabalho, estimulando o empreendedorismo e fortalecendo a economia local\u201d, coloca o secret\u00e1rio da Sedest.<\/p>\n<p>O crescimento populacional tamb\u00e9m possui reflexos diretos sobre setores importantes da economia, como com\u00e9rcio e servi\u00e7os, al\u00e9m de ampliar a base de consumidores e refor\u00e7ar o potencial de atra\u00e7\u00e3o de investimentos para a Capital.<\/p>\n<\/p><\/div>\n","protected":false},"excerpt":{"rendered":"<p>Jo\u00e3o Pessoa segue ampliando sua import\u00e2ncia no cen\u00e1rio econ\u00f4mico regional. A capital paraibana alcan\u00e7ou 906.093 habitantes em 1\u00ba de julho de 2026, segundo as estimativas da popula\u00e7\u00e3o divulgadas pelo Instituto Brasileiro de Geografia e Estat\u00edstica (IBGE), registrando crescimento de 0,94% em um ano. O \u00edndice coloca o munic\u00edpio na lideran\u00e7a entre as capitais nordestinas em &#8230; <a title=\"Jo\u00e3o Pessoa cresce acima da m\u00e9dia nacional e refor\u00e7a ambiente favor\u00e1vel para neg\u00f3cios e trabalho\" class=\"read-more\" href=\"https:\/\/superinteressantes.com.br\/index.php\/2026\/09\/01\/joao-pessoa-cresce-acima-da-media-nacional-e-reforca-ambiente-favoravel-para-negocios-e-trabalho\/\" aria-label=\"More on Jo\u00e3o Pessoa cresce acima da m\u00e9dia nacional e refor\u00e7a ambiente favor\u00e1vel para neg\u00f3cios e trabalho\">Ler mais<\/a><\/p>\n","protected":false},"author":1,"featured_media":0,"comment_status":"","ping_status":"","sticky":false,"template":"","format":"standard","meta":{"footnotes":""},"categories":[1],"tags":[],"class_list":["post-39920","post","type-post","status-publish","format-standard","hentry","category-sem-categoria"],"amp_enabled":true,"_links":{"self":[{"href":"https:\/\/superinteressantes.com.br\/index.php\/wp-json\/wp\/v2\/posts\/39920","targetHints":{"allow":["GET"]}}],"collection":[{"href":"https:\/\/superinteressantes.com.br\/index.php\/wp-json\/wp\/v2\/posts"}],"about":[{"href":"https:\/\/superinteressantes.com.br\/index.php\/wp-json\/wp\/v2\/types\/post"}],"author":[{"embeddable":true,"href":"https:\/\/superinteressantes.com.br\/index.php\/wp-json\/wp\/v2\/users\/1"}],"replies":[{"embeddable":true,"href":"https:\/\/superinteressantes.com.br\/index.php\/wp-json\/wp\/v2\/comments?post=39920"}],"version-history":[{"count":0,"href":"https:\/\/superinteressantes.com.br\/index.php\/wp-json\/wp\/v2\/posts\/39920\/revisions"}],"wp:attachment":[{"href":"https:\/\/superinteressantes.com.br\/index.php\/wp-json\/wp\/v2\/media?parent=39920"}],"wp:term":[{"taxonomy":"category","embeddable":true,"href":"https:\/\/superinteressantes.com.br\/index.php\/wp-json\/wp\/v2\/categories?post=39920"},{"taxonomy":"post_tag","embeddable":true,"href":"https:\/\/superinteressantes.com.br\/index.php\/wp-json\/wp\/v2\/tags?post=39920"}],"curies":[{"name":"wp","href":"https:\/\/api.w.org\/{rel}","templated":true}]}}