{"id":39916,"date":"2026-09-01T01:36:15","date_gmt":"2026-09-01T04:36:15","guid":{"rendered":"https:\/\/superinteressantes.com.br\/index.php\/2026\/09\/01\/ifsp-reune-gestores-e-equipes-em-itapetininga-para-discutir-acoes-estrategicas-ifsp\/"},"modified":"2026-09-01T01:36:15","modified_gmt":"2026-09-01T04:36:15","slug":"ifsp-reune-gestores-e-equipes-em-itapetininga-para-discutir-acoes-estrategicas-ifsp","status":"publish","type":"post","link":"https:\/\/superinteressantes.com.br\/index.php\/2026\/09\/01\/ifsp-reune-gestores-e-equipes-em-itapetininga-para-discutir-acoes-estrategicas-ifsp\/","title":{"rendered":"IFSP re\u00fane gestores e equipes em Itapetininga para discutir a\u00e7\u00f5es estrat\u00e9gicas &#8211; IFSP"},"content":{"rendered":"<p><\/p>\n<div>\n<div class=\"subtitle\">\n<p>Coldir, DAAs, DAEs e Napnes participaram de encontros voltados \u00e0 integra\u00e7\u00e3o, \u00e0 forma\u00e7\u00e3o e ao aprimoramento das a\u00e7\u00f5es institucionais<\/p>\n<\/div>\n<p><!-- fim .content-header-options-1 --><\/p>\n<div>\n<div class=\"n2-section-smartslider fitvidsignore  n2_clear\" data-ssid=\"128\">\n<div id=\"n2-ss-128-align\" class=\"n2-ss-align\">\n<div class=\"n2-padding\">\n<div id=\"n2-ss-128\" data-creator=\"Smart Slider 3\" data-responsive=\"auto\" class=\"n2-ss-slider n2-ow n2-has-hover n2notransition\">\n<div class=\"n2-ss-slider-wrapper-inside\">\n<div class=\"n2-ss-slider-1 n2_ss__touch_element n2-ow\">\n<div class=\"n2-ss-slider-2 n2-ow\">\n<div class=\"n2-ss-slider-3 n2-ow\">\n<div class=\"n2-ss-slider-4 n2-ow\">                         <svg xmlns=\"http:\/\/www.w3.org\/2000\/svg\" viewbox=\"0 0 750 500\" data-related-device=\"desktopPortrait\" class=\"n2-ow n2-ss-preserve-size n2-ss-preserve-size--slider n2-ss-slide-limiter\"\/><\/p>\n<div data-first=\"1\" data-slide-duration=\"0\" data-id=\"2200\" data-slide-public-id=\"1\" data-title=\"WhatsAppImage2026-08-31at1140532\" class=\"n2-ss-slide n2-ow  n2-ss-slide-2200\">\n<p>WhatsAppImage2026-08-31at1140532<\/p>\n<\/div>\n<div data-slide-duration=\"0\" data-id=\"2203\" data-slide-public-id=\"2\" aria-hidden=\"true\" data-title=\"WhatsAppImage2026-08-31at114054\" class=\"n2-ss-slide n2-ow  n2-ss-slide-2203\">\n<p>WhatsAppImage2026-08-31at114054<\/p>\n<\/div>\n<div data-slide-duration=\"0\" data-id=\"2201\" data-slide-public-id=\"3\" aria-hidden=\"true\" data-title=\"WhatsAppImage2026-08-31at1140531\" class=\"n2-ss-slide n2-ow  n2-ss-slide-2201\">\n<p>WhatsAppImage2026-08-31at1140531<\/p>\n<\/div>\n<div data-slide-duration=\"0\" data-id=\"2205\" data-slide-public-id=\"4\" aria-hidden=\"true\" data-title=\"WhatsAppImage2026-08-31at1140541\" class=\"n2-ss-slide n2-ow  n2-ss-slide-2205\">\n<p>WhatsAppImage2026-08-31at1140541<\/p>\n<\/div>\n<div data-slide-duration=\"0\" data-id=\"2202\" data-slide-public-id=\"5\" aria-hidden=\"true\" data-title=\"WhatsAppImage2026-08-31at114052\" class=\"n2-ss-slide n2-ow  n2-ss-slide-2202\">\n<p>WhatsAppImage2026-08-31at114052<\/p>\n<\/div>\n<div data-slide-duration=\"0\" data-id=\"2204\" data-slide-public-id=\"6\" aria-hidden=\"true\" data-title=\"WhatsAppImage2026-08-31at114053\" class=\"n2-ss-slide n2-ow  n2-ss-slide-2204\">\n<p>WhatsAppImage2026-08-31at114053<\/p>\n<\/div>\n<div data-slide-duration=\"0\" data-id=\"2206\" data-slide-public-id=\"7\" aria-hidden=\"true\" data-title=\"WhatsAppImage2026-08-31at1140542\" class=\"n2-ss-slide n2-ow  n2-ss-slide-2206\">\n<p>WhatsAppImage2026-08-31at1140542<\/p>\n<\/div><\/div>\n<\/p><\/div>\n<\/p><\/div>\n<\/p><\/div>\n<\/p><\/div>\n<\/div>\n<p><ss3-loader\/><\/div>\n<\/div>\n<\/div>\n<\/div>\n<p>O Instituto Federal de S\u00e3o Paulo (IFSP) realizou, entre os dias 26 e 28 de agosto, em Itapetininga, uma s\u00e9rie de encontros que reuniu gestores e representantes de diferentes \u00e1reas da institui\u00e7\u00e3o. A programa\u00e7\u00e3o incluiu o Col\u00e9gio de Dirigentes (Coldir) \u2014 composto pelos pr\u00f3-reitores e diretores-gerais dos campi do IFSP \u2014, as reuni\u00f5es dos Diretores-Adjuntos Administrativos (DAAs) e dos Diretores-Adjuntos Educacionais (DAEs), al\u00e9m do encontro do N\u00facleo de Apoio \u00e0s Pessoas com Necessidades Educacionais Espec\u00edficas (Napne).<\/p>\n<p>Os encontros tiveram como objetivo promover a integra\u00e7\u00e3o entre as equipes, discutir temas estrat\u00e9gicos para a institui\u00e7\u00e3o e construir encaminhamentos que contribuam para o aprimoramento das atividades administrativas e educacionais do IFSP. Para o reitor do IFSP, Silm\u00e1rio Batista dos Santos, esses momentos representam uma oportunidade de discutir quest\u00f5es importantes para a institui\u00e7\u00e3o e fortalecer o trabalho coletivo. \u201c\u00c9 essencial discutirmos temas relevantes e registrarmos decis\u00f5es. Trata-se de um momento de integra\u00e7\u00e3o e reflex\u00e3o que, como consequ\u00eancia, vai se refletir em melhoria para a nossa comunidade acad\u00eamica\u201d, afirmou.<\/p>\n<p>Entre os temas debatidos estiveram quest\u00f5es relacionadas \u00e0 gest\u00e3o institucional, ao or\u00e7amento, aos processos seletivos e \u00e0s pol\u00edticas educacionais. A programa\u00e7\u00e3o tamb\u00e9m contou com uma forma\u00e7\u00e3o sobre ass\u00e9dio, refor\u00e7ando a import\u00e2ncia de tratar o tema de forma priorit\u00e1ria e ampliar as a\u00e7\u00f5es voltadas \u00e0 constru\u00e7\u00e3o de um ambiente institucional mais acolhedor.<\/p>\n<p>Segundo o chefe de gabinete da Reitoria, Ricardo Agostinho, a realiza\u00e7\u00e3o dos encontros contribui para ampliar a forma\u00e7\u00e3o dos gestores e permite a troca de experi\u00eancias entre os diferentes campi. \u201cA busca \u00e9 por um IFSP cada vez mais acolhedor e inclusivo, para que nossos servi\u00e7os sejam prestados com muita qualidade. Encontros como esse possibilitam que nossos gestores tenham cada vez mais forma\u00e7\u00e3o e que tudo isso se reflita nas entregas aos estudantes\u201d, destacou.<\/p>\n<p><strong>Educa\u00e7\u00e3o inclusiva e fortalecimento dos Napnes<\/strong><\/p>\n<p>A programa\u00e7\u00e3o tamb\u00e9m dedicou espa\u00e7o \u00e0s discuss\u00f5es sobre o futuro da educa\u00e7\u00e3o especial na perspectiva da educa\u00e7\u00e3o inclusiva. Para a coordenadora do Napne do Campus Avar\u00e9, Juliana Carvelli, o encontro foi um importante momento de forma\u00e7\u00e3o e planejamento das pr\u00f3ximas a\u00e7\u00f5es da institui\u00e7\u00e3o.<\/p>\n<p>Entre os assuntos debatidos estiveram a reformula\u00e7\u00e3o de documentos que estruturam a atua\u00e7\u00e3o dos Napnes, a atualiza\u00e7\u00e3o sobre a legisla\u00e7\u00e3o e o aprimoramento das condi\u00e7\u00f5es de atendimento aos estudantes com necessidades educacionais espec\u00edficas.\u201cEstamos discutindo como oferecer cada vez mais o que h\u00e1 de melhor para os nossos alunos, com rela\u00e7\u00e3o, por exemplo, \u00e0 infraestrutura e aos espa\u00e7os de atendimento\u201d, explicou Juliana.<\/p>\n<p>As discuss\u00f5es tamb\u00e9m abordaram perspectivas para a amplia\u00e7\u00e3o de recursos e servi\u00e7os, como salas sensoriais, espa\u00e7os de Atendimento Educacional Especializado (AEE) e a possibilidade futura de contar com professores especializados nessa \u00e1rea.<\/p>\n<p><strong>Demandas educacionais em debate<\/strong><\/p>\n<p>Durante a reuni\u00e3o dos Diretores-Adjuntos Educacionais, foram discutidas quest\u00f5es diretamente relacionadas ao cotidiano acad\u00eamico e \u00e0s demandas apresentadas pela comunidade.<\/p>\n<p>De acordo com o diretor de Educa\u00e7\u00e3o B\u00e1sica do IFSP, Diego Salim, temas como avalia\u00e7\u00e3o, recupera\u00e7\u00e3o, reposi\u00e7\u00e3o de aulas e substitui\u00e7\u00f5es estiveram entre os assuntos debatidos. Assuntos relacionados aos mecanismos, procedimentos e instrumentos institucionais relacionados \u00e0 organiza\u00e7\u00e3o das atividades educacionais tamb\u00e9m estiveram na pauta.<\/p>\n<p>\u201cO encontro discute quest\u00f5es fundamentais para a realidade da institui\u00e7\u00e3o. S\u00e3o demandas vindas da comunidade e temos nos empenhado para construir coletivamente, com essas representa\u00e7\u00f5es dos campi, sa\u00eddas vi\u00e1veis que permitam afirmar a nossa pol\u00edtica educacional\u201d, afirmou.<\/p>\n<\/div>\n","protected":false},"excerpt":{"rendered":"<p>Coldir, DAAs, DAEs e Napnes participaram de encontros voltados \u00e0 integra\u00e7\u00e3o, \u00e0 forma\u00e7\u00e3o e ao aprimoramento das a\u00e7\u00f5es institucionais WhatsAppImage2026-08-31at1140532 WhatsAppImage2026-08-31at114054 WhatsAppImage2026-08-31at1140531 WhatsAppImage2026-08-31at1140541 WhatsAppImage2026-08-31at114052 WhatsAppImage2026-08-31at114053 WhatsAppImage2026-08-31at1140542 O Instituto Federal de S\u00e3o Paulo (IFSP) realizou, entre os dias 26 e 28 de agosto, em Itapetininga, uma s\u00e9rie de encontros que reuniu gestores e representantes de diferentes &#8230; <a title=\"IFSP re\u00fane gestores e equipes em Itapetininga para discutir a\u00e7\u00f5es estrat\u00e9gicas &#8211; IFSP\" class=\"read-more\" href=\"https:\/\/superinteressantes.com.br\/index.php\/2026\/09\/01\/ifsp-reune-gestores-e-equipes-em-itapetininga-para-discutir-acoes-estrategicas-ifsp\/\" aria-label=\"More on IFSP re\u00fane gestores e equipes em Itapetininga para discutir a\u00e7\u00f5es estrat\u00e9gicas &#8211; IFSP\">Ler mais<\/a><\/p>\n","protected":false},"author":1,"featured_media":0,"comment_status":"","ping_status":"","sticky":false,"template":"","format":"standard","meta":{"footnotes":""},"categories":[1],"tags":[],"class_list":["post-39916","post","type-post","status-publish","format-standard","hentry","category-sem-categoria"],"amp_enabled":true,"_links":{"self":[{"href":"https:\/\/superinteressantes.com.br\/index.php\/wp-json\/wp\/v2\/posts\/39916","targetHints":{"allow":["GET"]}}],"collection":[{"href":"https:\/\/superinteressantes.com.br\/index.php\/wp-json\/wp\/v2\/posts"}],"about":[{"href":"https:\/\/superinteressantes.com.br\/index.php\/wp-json\/wp\/v2\/types\/post"}],"author":[{"embeddable":true,"href":"https:\/\/superinteressantes.com.br\/index.php\/wp-json\/wp\/v2\/users\/1"}],"replies":[{"embeddable":true,"href":"https:\/\/superinteressantes.com.br\/index.php\/wp-json\/wp\/v2\/comments?post=39916"}],"version-history":[{"count":0,"href":"https:\/\/superinteressantes.com.br\/index.php\/wp-json\/wp\/v2\/posts\/39916\/revisions"}],"wp:attachment":[{"href":"https:\/\/superinteressantes.com.br\/index.php\/wp-json\/wp\/v2\/media?parent=39916"}],"wp:term":[{"taxonomy":"category","embeddable":true,"href":"https:\/\/superinteressantes.com.br\/index.php\/wp-json\/wp\/v2\/categories?post=39916"},{"taxonomy":"post_tag","embeddable":true,"href":"https:\/\/superinteressantes.com.br\/index.php\/wp-json\/wp\/v2\/tags?post=39916"}],"curies":[{"name":"wp","href":"https:\/\/api.w.org\/{rel}","templated":true}]}}