{"id":39913,"date":"2026-08-31T23:15:25","date_gmt":"2026-09-01T02:15:25","guid":{"rendered":"https:\/\/superinteressantes.com.br\/index.php\/2026\/08\/31\/balanco-dia-d-de-vacinacao-prefeitura-estancia-turistica-guaratingueta\/"},"modified":"2026-08-31T23:15:25","modified_gmt":"2026-09-01T02:15:25","slug":"balanco-dia-d-de-vacinacao-prefeitura-estancia-turistica-guaratingueta","status":"publish","type":"post","link":"https:\/\/superinteressantes.com.br\/index.php\/2026\/08\/31\/balanco-dia-d-de-vacinacao-prefeitura-estancia-turistica-guaratingueta\/","title":{"rendered":"Balan\u00e7o Dia D de Vacina\u00e7\u00e3o\u00a0 \u2013 Prefeitura Est\u00e2ncia Tur\u00edstica Guaratinguet\u00e1"},"content":{"rendered":"<p><\/p>\n<div>\n<p>A Prefeitura de Guaratinguet\u00e1, por meio da Secretaria Municipal de Sa\u00fade, realizou nos dias 22 e 29 de agosto as a\u00e7\u00f5es do Dia D de Multivacina\u00e7\u00e3o, com a participa\u00e7\u00e3o de 17 unidades de sa\u00fade do munic\u00edpio.<\/p>\n<p>\u00a0<\/p>\n<p>Ao todo, foram aplicadas 701 doses de vacinas, contribuindo para a atualiza\u00e7\u00e3o das cadernetas e ampliando o acesso da popula\u00e7\u00e3o \u00e0 imuniza\u00e7\u00e3o.<\/p>\n<p>\u00a0<\/p>\n<p>A Campanha Nacional de Multivacina\u00e7\u00e3o segue at\u00e9 o dia 3 de setembro. Ap\u00f3s esse per\u00edodo, as unidades de sa\u00fade continuam realizando a vacina\u00e7\u00e3o normalmente, conforme o calend\u00e1rio vigente.<\/p>\n<p>\u00a0<\/p>\n<p>Mantenha sua vacina\u00e7\u00e3o em dia. Vacinar \u00e9 cuidar e proteger!<\/p>\n<\/p><\/div>\n","protected":false},"excerpt":{"rendered":"<p>A Prefeitura de Guaratinguet\u00e1, por meio da Secretaria Municipal de Sa\u00fade, realizou nos dias 22 e 29 de agosto as a\u00e7\u00f5es do Dia D de Multivacina\u00e7\u00e3o, com a participa\u00e7\u00e3o de 17 unidades de sa\u00fade do munic\u00edpio. \u00a0 Ao todo, foram aplicadas 701 doses de vacinas, contribuindo para a atualiza\u00e7\u00e3o das cadernetas e ampliando o acesso &#8230; <a title=\"Balan\u00e7o Dia D de Vacina\u00e7\u00e3o\u00a0 \u2013 Prefeitura Est\u00e2ncia Tur\u00edstica Guaratinguet\u00e1\" class=\"read-more\" href=\"https:\/\/superinteressantes.com.br\/index.php\/2026\/08\/31\/balanco-dia-d-de-vacinacao-prefeitura-estancia-turistica-guaratingueta\/\" aria-label=\"More on Balan\u00e7o Dia D de Vacina\u00e7\u00e3o\u00a0 \u2013 Prefeitura Est\u00e2ncia Tur\u00edstica Guaratinguet\u00e1\">Ler mais<\/a><\/p>\n","protected":false},"author":1,"featured_media":0,"comment_status":"","ping_status":"","sticky":false,"template":"","format":"standard","meta":{"footnotes":""},"categories":[1],"tags":[],"class_list":["post-39913","post","type-post","status-publish","format-standard","hentry","category-sem-categoria"],"amp_enabled":true,"_links":{"self":[{"href":"https:\/\/superinteressantes.com.br\/index.php\/wp-json\/wp\/v2\/posts\/39913","targetHints":{"allow":["GET"]}}],"collection":[{"href":"https:\/\/superinteressantes.com.br\/index.php\/wp-json\/wp\/v2\/posts"}],"about":[{"href":"https:\/\/superinteressantes.com.br\/index.php\/wp-json\/wp\/v2\/types\/post"}],"author":[{"embeddable":true,"href":"https:\/\/superinteressantes.com.br\/index.php\/wp-json\/wp\/v2\/users\/1"}],"replies":[{"embeddable":true,"href":"https:\/\/superinteressantes.com.br\/index.php\/wp-json\/wp\/v2\/comments?post=39913"}],"version-history":[{"count":0,"href":"https:\/\/superinteressantes.com.br\/index.php\/wp-json\/wp\/v2\/posts\/39913\/revisions"}],"wp:attachment":[{"href":"https:\/\/superinteressantes.com.br\/index.php\/wp-json\/wp\/v2\/media?parent=39913"}],"wp:term":[{"taxonomy":"category","embeddable":true,"href":"https:\/\/superinteressantes.com.br\/index.php\/wp-json\/wp\/v2\/categories?post=39913"},{"taxonomy":"post_tag","embeddable":true,"href":"https:\/\/superinteressantes.com.br\/index.php\/wp-json\/wp\/v2\/tags?post=39913"}],"curies":[{"name":"wp","href":"https:\/\/api.w.org\/{rel}","templated":true}]}}