{"id":39908,"date":"2026-08-31T18:33:18","date_gmt":"2026-08-31T21:33:18","guid":{"rendered":"https:\/\/superinteressantes.com.br\/index.php\/2026\/08\/31\/nova-iguacu-tera-o-maior-sistema-de-reservatorios-de-aguas-pluviais-do-estado-do-rio\/"},"modified":"2026-08-31T18:33:18","modified_gmt":"2026-08-31T21:33:18","slug":"nova-iguacu-tera-o-maior-sistema-de-reservatorios-de-aguas-pluviais-do-estado-do-rio","status":"publish","type":"post","link":"https:\/\/superinteressantes.com.br\/index.php\/2026\/08\/31\/nova-iguacu-tera-o-maior-sistema-de-reservatorios-de-aguas-pluviais-do-estado-do-rio\/","title":{"rendered":"Nova Igua\u00e7u ter\u00e1 o maior sistema de reservat\u00f3rios de \u00e1guas pluviais do Estado do Rio"},"content":{"rendered":"<p><\/p>\n<div id=\"\">\n<p dir=\"ltr\"><em>Projeto prev\u00ea quatro novos piscin\u00f5es e a revitaliza\u00e7\u00e3o de um quinto, com capacidade para armazenar 346 milh\u00f5es de litros de \u00e1gua da chuva. Interven\u00e7\u00f5es v\u00e3o beneficiar mais de 100 mil pessoas em 11 bairros<\/em><\/p>\n<p dir=\"ltr\">Nova Igua\u00e7u deu um passo fundamental para a implanta\u00e7\u00e3o do maior sistema de reservat\u00f3rios de \u00e1guas pluviais do Estado do Rio de Janeiro em capacidade de armazenamento. Em reuni\u00e3o na sede da Light, o prefeito Dudu Reina recebeu do presidente da concession\u00e1ria, Alexandre Nogueira Ferreira, a sinaliza\u00e7\u00e3o positiva para a cess\u00e3o das \u00e1reas necess\u00e1rias ao projeto, que prev\u00ea a constru\u00e7\u00e3o de quatro novos reservat\u00f3rios e a revitaliza\u00e7\u00e3o de um quinto.<\/p>\n<p dir=\"ltr\">Juntas, as cinco estruturas ter\u00e3o capacidade para armazenar 346,09 milh\u00f5es de litros de \u00e1gua, volume equivalente a aproximadamente 92 piscinas ol\u00edmpicas de tr\u00eas metros de profundidade. Para se ter uma dimens\u00e3o, a capacidade \u00e9 quase seis vezes a dos tr\u00eas reservat\u00f3rios da Pra\u00e7a Niter\u00f3i, na Grande Tijuca, no Rio, que juntos comportam cerca de 58 milh\u00f5es de litros. O sistema de Nova Igua\u00e7u ter\u00e1 influ\u00eancia sobre uma \u00e1rea estimada em 4,7 milh\u00f5es de metros quadrados e vai beneficiar mais de 100 mil pessoas.<\/p>\n<p dir=\"ltr\">A Light dever\u00e1 encaminhar \u00e0 Prefeitura, nesta semana, a minuta do termo de cess\u00e3o das \u00e1reas. O documento ser\u00e1 analisado pela Procuradoria-Geral do Munic\u00edpio e, ap\u00f3s aprova\u00e7\u00e3o e assinatura, ser\u00e1 incorporado \u00e0 documenta\u00e7\u00e3o do projeto.<\/p>\n<p dir=\"ltr\">O avan\u00e7o \u00e9 resultado de tratativas conduzidas pela Prefeitura desde 2023 para viabilizar a utiliza\u00e7\u00e3o dos terrenos. O trabalho come\u00e7ou antes mesmo de o munic\u00edpio ter assegurados os R$ 49 milh\u00f5es do Novo PAC destinados \u00e0s interven\u00e7\u00f5es.<\/p>\n<p dir=\"ltr\">Na sequ\u00eancia, a Prefeitura far\u00e1 o envio da documenta\u00e7\u00e3o ao Minist\u00e9rio das Cidades e \u00e0 Caixa Econ\u00f4mica Federal para an\u00e1lise e libera\u00e7\u00e3o dos recursos. Cumprida essa etapa, o munic\u00edpio poder\u00e1 abrir o processo licitat\u00f3rio para contrata\u00e7\u00e3o da empresa respons\u00e1vel pela execu\u00e7\u00e3o das obras.<\/p>\n<p dir=\"ltr\">\u201cEstamos dando um passo decisivo para enfrentar um problema hist\u00f3rico de Nova Igua\u00e7u. S\u00e3o mais de 346 milh\u00f5es de litros de capacidade e mais de 100 mil pessoas que ser\u00e3o diretamente beneficiadas. Estamos trabalhando desde 2023 para viabilizar essas \u00e1reas, antes mesmo de termos os recursos assegurados. E n\u00e3o estamos falando apenas de construir piscin\u00f5es. A proposta \u00e9 ampliar a capta\u00e7\u00e3o da \u00e1gua que desce da Serra de Madureira e criar caminhos para conduzir esse volume de forma controlada at\u00e9 os reservat\u00f3rios, evitando que chegue com tanta for\u00e7a \u00e0s \u00e1reas mais baixas da cidade. \u00c9 uma obra pensada como um sistema, para atacar o problema na origem e dar mais seguran\u00e7a \u00e0 popula\u00e7\u00e3o quando vierem as chuvas fortes\u201d, afirmou o prefeito Dudu Reina.<\/p>\n<p dir=\"ltr\">\n<p>\u00a0<\/p>\n<p dir=\"ltr\"><strong>Da Serra de Madureira aos reservat\u00f3rios<\/strong><\/p>\n<p>\u00a0<\/p>\n<p dir=\"ltr\">A interven\u00e7\u00e3o vai al\u00e9m da constru\u00e7\u00e3o dos piscin\u00f5es. O projeto prev\u00ea obras complementares de microdrenagem para melhorar a capta\u00e7\u00e3o e, principalmente, a condu\u00e7\u00e3o das \u00e1guas das chuvas at\u00e9 os reservat\u00f3rios.<\/p>\n<p dir=\"ltr\">Parte do grande volume de \u00e1gua que chega \u00e0s \u00e1reas mais baixas de Nova Igua\u00e7u durante os temporais vem das encostas da Serra de Madureira. Atualmente, essa \u00e1gua desce rapidamente em dire\u00e7\u00e3o \u00e0 regi\u00e3o urbana sem uma rede de capta\u00e7\u00e3o suficiente para conduzi-la de maneira adequada aos pontos de armazenamento, aumentando a press\u00e3o sobre ruas, canais e sobre o sistema de drenagem existente.<\/p>\n<p dir=\"ltr\">Nesta primeira etapa, o Novo PAC contempla a implanta\u00e7\u00e3o da microdrenagem no Bairro da Luz, na regi\u00e3o pr\u00f3xima ao F\u00f3rum. A interven\u00e7\u00e3o permitir\u00e1 captar e conduzir as \u00e1guas at\u00e9 o reservat\u00f3rio do Canal do Moquet\u00e1, tamb\u00e9m no Bairro da Luz.<\/p>\n<p dir=\"ltr\">O sistema funcionar\u00e1 de maneira integrada: as novas redes far\u00e3o a capta\u00e7\u00e3o e a condu\u00e7\u00e3o das \u00e1guas pluviais, enquanto os reservat\u00f3rios receber\u00e3o e armazenar\u00e3o temporariamente esse volume nos momentos de maior intensidade das chuvas. A combina\u00e7\u00e3o das duas estruturas permitir\u00e1 reduzir a sobrecarga da drenagem e os impactos dos alagamentos.<\/p>\n<p>\u00a0<\/p>\n<p dir=\"ltr\"><b>Cinco reservat\u00f3rios<\/b><\/p>\n<p dir=\"ltr\">O projeto contempla os reservat\u00f3rios Firjan 1 \u2013 Dom Rodrigo, Firjan 2 \u2013 Dom Rodrigo, Jardim Pernambuco, Bairro da Luz e Jardim Alvorada. As estruturas ter\u00e3o capacidades diferentes, chegando a 106,5 milh\u00f5es de litros na maior delas.<\/p>\n<p dir=\"ltr\">Os 11 bairros beneficiados, ao menos parcialmente, s\u00e3o Bairro da Luz, Chacrinha, Santa Eug\u00eania, Ouro Verde, Jardim Alvorada, Jardim Cana\u00e3, Jardim Pernambuco, Nova Era, Centro, Vila Bandeirantes e Moquet\u00e1.<\/p>\n<p dir=\"ltr\">Somados, os cinco reservat\u00f3rios poder\u00e3o receber 346,09 milh\u00f5es de litros de \u00e1gua. Apenas para outra refer\u00eancia de escala, esse volume corresponde a cerca de 19 vezes a capacidade do reservat\u00f3rio da Pra\u00e7a da Bandeira, no Rio de Janeiro.<\/p>\n<\/p><\/div>\n","protected":false},"excerpt":{"rendered":"<p>Projeto prev\u00ea quatro novos piscin\u00f5es e a revitaliza\u00e7\u00e3o de um quinto, com capacidade para armazenar 346 milh\u00f5es de litros de \u00e1gua da chuva. Interven\u00e7\u00f5es v\u00e3o beneficiar mais de 100 mil pessoas em 11 bairros Nova Igua\u00e7u deu um passo fundamental para a implanta\u00e7\u00e3o do maior sistema de reservat\u00f3rios de \u00e1guas pluviais do Estado do Rio &#8230; <a title=\"Nova Igua\u00e7u ter\u00e1 o maior sistema de reservat\u00f3rios de \u00e1guas pluviais do Estado do Rio\" class=\"read-more\" href=\"https:\/\/superinteressantes.com.br\/index.php\/2026\/08\/31\/nova-iguacu-tera-o-maior-sistema-de-reservatorios-de-aguas-pluviais-do-estado-do-rio\/\" aria-label=\"More on Nova Igua\u00e7u ter\u00e1 o maior sistema de reservat\u00f3rios de \u00e1guas pluviais do Estado do Rio\">Ler mais<\/a><\/p>\n","protected":false},"author":1,"featured_media":0,"comment_status":"","ping_status":"","sticky":false,"template":"","format":"standard","meta":{"footnotes":""},"categories":[1],"tags":[],"class_list":["post-39908","post","type-post","status-publish","format-standard","hentry","category-sem-categoria"],"amp_enabled":true,"_links":{"self":[{"href":"https:\/\/superinteressantes.com.br\/index.php\/wp-json\/wp\/v2\/posts\/39908","targetHints":{"allow":["GET"]}}],"collection":[{"href":"https:\/\/superinteressantes.com.br\/index.php\/wp-json\/wp\/v2\/posts"}],"about":[{"href":"https:\/\/superinteressantes.com.br\/index.php\/wp-json\/wp\/v2\/types\/post"}],"author":[{"embeddable":true,"href":"https:\/\/superinteressantes.com.br\/index.php\/wp-json\/wp\/v2\/users\/1"}],"replies":[{"embeddable":true,"href":"https:\/\/superinteressantes.com.br\/index.php\/wp-json\/wp\/v2\/comments?post=39908"}],"version-history":[{"count":0,"href":"https:\/\/superinteressantes.com.br\/index.php\/wp-json\/wp\/v2\/posts\/39908\/revisions"}],"wp:attachment":[{"href":"https:\/\/superinteressantes.com.br\/index.php\/wp-json\/wp\/v2\/media?parent=39908"}],"wp:term":[{"taxonomy":"category","embeddable":true,"href":"https:\/\/superinteressantes.com.br\/index.php\/wp-json\/wp\/v2\/categories?post=39908"},{"taxonomy":"post_tag","embeddable":true,"href":"https:\/\/superinteressantes.com.br\/index.php\/wp-json\/wp\/v2\/tags?post=39908"}],"curies":[{"name":"wp","href":"https:\/\/api.w.org\/{rel}","templated":true}]}}