{"id":39898,"date":"2026-08-31T02:53:29","date_gmt":"2026-08-31T05:53:29","guid":{"rendered":"https:\/\/superinteressantes.com.br\/index.php\/2026\/08\/31\/cer-iv-espaco-acolher-reune-reabilitacao-cuidado-humanizado-e-autonomia\/"},"modified":"2026-08-31T02:53:29","modified_gmt":"2026-08-31T05:53:29","slug":"cer-iv-espaco-acolher-reune-reabilitacao-cuidado-humanizado-e-autonomia","status":"publish","type":"post","link":"https:\/\/superinteressantes.com.br\/index.php\/2026\/08\/31\/cer-iv-espaco-acolher-reune-reabilitacao-cuidado-humanizado-e-autonomia\/","title":{"rendered":"CER IV \u2013 Espa\u00e7o Acolher re\u00fane reabilita\u00e7\u00e3o, cuidado humanizado e autonomia"},"content":{"rendered":"<p><\/p>\n<div id=\"texto\">\n<p>Refer\u00eancia no cuidado integral \u00e0 pessoa com defici\u00eancia, o Centro Especializado em Reabilita\u00e7\u00e3o de porte IV (CER IV) \u2013 Espa\u00e7o Acolher, localizado no Parque das Tr\u00eas Ruas, no bairro dos Banc\u00e1rios, oferece atendimento especializado em reabilita\u00e7\u00e3o auditiva, f\u00edsica, intelectual e visual.<\/p>\n<p>O servi\u00e7o, ofertado pela Prefeitura de Jo\u00e3o Pessoa, atrav\u00e9s da Secretaria Municipal de Sa\u00fade (SMS), integra a Rede Municipal de Sa\u00fade e atua na assist\u00eancia especializada em reabilita\u00e7\u00e3o, reunindo diferentes \u00e1reas de cuidado e uma equipe multiprofissional, com foco na promo\u00e7\u00e3o da autonomia e na melhoria da qualidade de vida.<\/p>\n<p>No Espa\u00e7o Acolher, o cuidado vai al\u00e9m da terapia individual e alcan\u00e7a tamb\u00e9m a realidade das fam\u00edlias que acompanham o processo de reabilita\u00e7\u00e3o. \u00c9 o que vivencia Ge\u00edsia Lima da Silva, m\u00e3e de quatro filhos, entre eles Miguel Elias, de 11 anos, diagnosticado com Transtorno do Espectro Autista (TEA) aos dois anos de idade. Para se dedicar aos cuidados do filho, ela precisou deixar o trabalho e passou a vivenciar de perto os desafios da rotina de uma m\u00e3e at\u00edpica.<\/p>\n<figure class=\"wp-block-gallery has-nested-images columns-default is-cropped wp-block-gallery-1 is-layout-flex wp-block-gallery-is-layout-flex\">\n<figure class=\"wp-block-image size-large\"><\/figure>\n<\/figure>\n<p>Nesse percurso, a aten\u00e7\u00e3o humanizada e o acolhimento oferecidos pelos profissionais do CER IV se tornaram tamb\u00e9m uma importante rede de apoio para a fam\u00edlia. Durante um dos atendimentos de Miguel, Ge\u00edsia precisou de suporte psicol\u00f3gico de urg\u00eancia e foi cuidada pela equipe. A partir da escuta dos profissionais, foi identificada a necessidade de acompanhamento em sa\u00fade mental, ampliando o olhar do servi\u00e7o para al\u00e9m das necessidades espec\u00edficas do paciente.<\/p>\n<p>Para Ge\u00edsia, essa aten\u00e7\u00e3o faz diferen\u00e7a n\u00e3o apenas no acompanhamento do filho, mas tamb\u00e9m na forma como ela consegue conviver com processo terap\u00eautico. \u201cDesde que coloquei os p\u00e9s aqui n\u00e3o me senti mais sozinha, me sinto amparada, acolhida. Para meu filho ficar bem, eu preciso estar bem tamb\u00e9m\u201d, resume.<\/p>\n<figure class=\"wp-block-image size-large\"><\/figure>\n<p>A atua\u00e7\u00e3o integrada das diferentes \u00e1reas tamb\u00e9m est\u00e1 presente na hist\u00f3ria de usu\u00e1rios que chegam ao Centro em busca de recuperar fun\u00e7\u00f5es comprometidas e conquistar mais independ\u00eancia no dia a dia. \u00c9 o caso de Manoel Elias da Silva, que realiza acompanhamento no CER IV ap\u00f3s sofrer um Acidente Vascular Cerebral (AVC).<\/p>\n<p>A fisioterapeuta Patr\u00edcia Kelly Facciolo acompanha o processo de reabilita\u00e7\u00e3o do usu\u00e1rio h\u00e1 cerca de tr\u00eas anos e destaca a evolu\u00e7\u00e3o alcan\u00e7ada com o trabalho conjunto das diferentes especialidades. \u201cManoel \u00e9 acompanhado h\u00e1 cerca de tr\u00eas anos. Ele era atendido no CER II e veio para o CER IV junto com a equipe. Quando chegou, ap\u00f3s as sequelas de um AVC, n\u00e3o andava, era totalmente dependente da fam\u00edlia e tinha muita dificuldade para falar e engolir. Hoje, com o trabalho conjunto da fisioterapia e da fonoaudiologia, j\u00e1 consegue ficar em p\u00e9 e andar com o aux\u00edlio de um andador, al\u00e9m de ter evolu\u00eddo na degluti\u00e7\u00e3o e na comunica\u00e7\u00e3o\u201d, relata.<\/p>\n<figure class=\"wp-block-image size-large\"><\/figure>\n<p><strong>Encaminhamento<\/strong> \u2013 O acesso ao Centro come\u00e7a na Aten\u00e7\u00e3o Prim\u00e1ria \u00e0 Sa\u00fade, a partir da avalia\u00e7\u00e3o realizada na Unidade de Sa\u00fade da Fam\u00edlia (USF). Quando identificada a necessidade de reabilita\u00e7\u00e3o especializada, o profissional realiza o encaminhamento por meio de formul\u00e1rio espec\u00edfico. A solicita\u00e7\u00e3o segue para a Regula\u00e7\u00e3o, que avalia a necessidade e a prioridade de cada usu\u00e1rio antes do direcionamento ao CER IV.<\/p>\n<p>Segundo a diretora do CER IV, Deborah Montenegro, esse fluxo permite que o usu\u00e1rio chegue ao servi\u00e7o de refer\u00eancia a partir de uma avalia\u00e7\u00e3o pr\u00e9via e seja inserido em um cuidado planejado de acordo com suas necessidades.<\/p>\n<p>\u201c\u00c9 um trabalho multiprofissional, em que uma \u00e1rea colabora com a outra para promover mais funcionalidade e autonomia. Quando o usu\u00e1rio chega ao CER IV, damos continuidade a esse cuidado de forma individualizada, considerando as necessidades de cada pessoa. Para aqueles que j\u00e1 possuem um diagn\u00f3stico, seguimos com o acompanhamento e as terapias indicadas. J\u00e1 nos casos em que ainda n\u00e3o h\u00e1 um diagn\u00f3stico definido, o usu\u00e1rio passa pelas avalia\u00e7\u00f5es necess\u00e1rias para que a equipe possa identificar as melhores estrat\u00e9gias de cuidado\u201d, explica Deborah Montenegro.<\/p>\n<p><strong>Ampliando atendimentos<\/strong> \u2013 Desde a inaugura\u00e7\u00e3o, em abril deste ano, o CER IV vem ampliando gradualmente o n\u00famero de usu\u00e1rios atendidos e consolidando seus fluxos de assist\u00eancia. Atualmente, cerca de 1.500 pessoas j\u00e1 s\u00e3o beneficiadas pelo servi\u00e7o, que re\u00fane atendimento nas \u00e1reas de reabilita\u00e7\u00e3o f\u00edsica, auditiva, visual e intelectual, al\u00e9m da assist\u00eancia especializada \u00e0s pessoas com Transtorno do Espectro Autista (TEA).<\/p>\n<p>\u201cEstamos estruturando o servi\u00e7o de forma gradual, ampliando o n\u00famero de usu\u00e1rios e consolidando os fluxos de atendimento. Atualmente, cerca de 1.500 usu\u00e1rios j\u00e1 s\u00e3o beneficiados pelo CER IV e a nossa expectativa \u00e9 chegar a uma m\u00e9dia de 6 mil atendimentos multiprofissionais por m\u00eas, al\u00e9m de mais de 2 mil atendimentos m\u00e9dicos. Com isso, queremos ampliar cada vez mais o acesso da popula\u00e7\u00e3o \u00e0s quatro modalidades de reabilita\u00e7\u00e3o e ao atendimento especializado para pessoas com autismo\u201d, afirma Deborah Montenegro.<\/p>\n<p>Por tr\u00e1s de cada atendimento realizado no CER IV, existem hist\u00f3rias, desafios e conquistas que ultrapassam os limites da reabilita\u00e7\u00e3o. Para fam\u00edlias como a de Miguel, o cuidado oferecido pelo servi\u00e7o tamb\u00e9m significa ter suporte para enfrentar a rotina e seguir descobrindo novas possibilidades. Para usu\u00e1rios como Sr. Manoel, cada avan\u00e7o di\u00e1rio representa a retomada de uma fun\u00e7\u00e3o, de mais autonomia e, principalmente, de maior qualidade de vida.<\/p>\n<figure class=\"wp-block-image size-large\"><\/figure>\n<p>\u00c9 nesse olhar para a pessoa em sua integralidade que a gest\u00e3o municipal busca fortalecer uma assist\u00eancia especializada que una efici\u00eancia, qualifica\u00e7\u00e3o profissional e cuidado humanizado. Mais do que ofertar terapias e atendimentos, o compromisso da SMS \u00e9 garantir que cada usu\u00e1rio seja acompanhado com respeito \u00e0s suas particularidades, considerando tamb\u00e9m o impacto da defici\u00eancia na vida de toda a fam\u00edlia.<\/p>\n<p>\u201cDiagn\u00f3stico n\u00e3o \u00e9 destino. O intuito do Centro \u00e9 mostrar ao usu\u00e1rio que \u00e9 poss\u00edvel adaptar \u00e0 realidade daquela defici\u00eancia e buscar uma qualidade de vida melhor. E isso n\u00e3o transforma apenas a vida do usu\u00e1rio, mas tamb\u00e9m a de toda a fam\u00edlia. Hoje temos uma estrutura ampla, um servi\u00e7o especializado e uma equipe multiprofissional que trabalha com cuidado cont\u00ednuo, respeito e acolhimento\u201d, destaca Deborah Montenegro.<\/p>\n<\/p><\/div>\n","protected":false},"excerpt":{"rendered":"<p>Refer\u00eancia no cuidado integral \u00e0 pessoa com defici\u00eancia, o Centro Especializado em Reabilita\u00e7\u00e3o de porte IV (CER IV) \u2013 Espa\u00e7o Acolher, localizado no Parque das Tr\u00eas Ruas, no bairro dos Banc\u00e1rios, oferece atendimento especializado em reabilita\u00e7\u00e3o auditiva, f\u00edsica, intelectual e visual. O servi\u00e7o, ofertado pela Prefeitura de Jo\u00e3o Pessoa, atrav\u00e9s da Secretaria Municipal de Sa\u00fade &#8230; <a title=\"CER IV \u2013 Espa\u00e7o Acolher re\u00fane reabilita\u00e7\u00e3o, cuidado humanizado e autonomia\" class=\"read-more\" href=\"https:\/\/superinteressantes.com.br\/index.php\/2026\/08\/31\/cer-iv-espaco-acolher-reune-reabilitacao-cuidado-humanizado-e-autonomia\/\" aria-label=\"More on CER IV \u2013 Espa\u00e7o Acolher re\u00fane reabilita\u00e7\u00e3o, cuidado humanizado e autonomia\">Ler mais<\/a><\/p>\n","protected":false},"author":1,"featured_media":0,"comment_status":"","ping_status":"","sticky":false,"template":"","format":"standard","meta":{"footnotes":""},"categories":[1],"tags":[],"class_list":["post-39898","post","type-post","status-publish","format-standard","hentry","category-sem-categoria"],"amp_enabled":true,"_links":{"self":[{"href":"https:\/\/superinteressantes.com.br\/index.php\/wp-json\/wp\/v2\/posts\/39898","targetHints":{"allow":["GET"]}}],"collection":[{"href":"https:\/\/superinteressantes.com.br\/index.php\/wp-json\/wp\/v2\/posts"}],"about":[{"href":"https:\/\/superinteressantes.com.br\/index.php\/wp-json\/wp\/v2\/types\/post"}],"author":[{"embeddable":true,"href":"https:\/\/superinteressantes.com.br\/index.php\/wp-json\/wp\/v2\/users\/1"}],"replies":[{"embeddable":true,"href":"https:\/\/superinteressantes.com.br\/index.php\/wp-json\/wp\/v2\/comments?post=39898"}],"version-history":[{"count":0,"href":"https:\/\/superinteressantes.com.br\/index.php\/wp-json\/wp\/v2\/posts\/39898\/revisions"}],"wp:attachment":[{"href":"https:\/\/superinteressantes.com.br\/index.php\/wp-json\/wp\/v2\/media?parent=39898"}],"wp:term":[{"taxonomy":"category","embeddable":true,"href":"https:\/\/superinteressantes.com.br\/index.php\/wp-json\/wp\/v2\/categories?post=39898"},{"taxonomy":"post_tag","embeddable":true,"href":"https:\/\/superinteressantes.com.br\/index.php\/wp-json\/wp\/v2\/tags?post=39898"}],"curies":[{"name":"wp","href":"https:\/\/api.w.org\/{rel}","templated":true}]}}