{"id":36640,"date":"2026-04-30T07:41:48","date_gmt":"2026-04-30T10:41:48","guid":{"rendered":"https:\/\/superinteressantes.com.br\/index.php\/2026\/04\/30\/cet-rio-anuncia-interdicoes-no-elevado-das-bandeiras-e-tuneis-da-cidade-prefeitura-da-cidade-do-rio-de-janeiro\/"},"modified":"2026-04-30T07:41:48","modified_gmt":"2026-04-30T10:41:48","slug":"cet-rio-anuncia-interdicoes-no-elevado-das-bandeiras-e-tuneis-da-cidade-prefeitura-da-cidade-do-rio-de-janeiro","status":"publish","type":"post","link":"https:\/\/superinteressantes.com.br\/index.php\/2026\/04\/30\/cet-rio-anuncia-interdicoes-no-elevado-das-bandeiras-e-tuneis-da-cidade-prefeitura-da-cidade-do-rio-de-janeiro\/","title":{"rendered":"CET-Rio anuncia interdi\u00e7\u00f5es no Elevado das Bandeiras e t\u00faneis da cidade &#8211; Prefeitura da Cidade do Rio de Janeiro"},"content":{"rendered":"<p><\/p>\n<div id=\"main\">\n<div class=\"wrapper-breadcrumbs\" wp_automatic_readability=\"26.400686400686\">\n<p><strong>Elevado das Bandeiras<\/strong><br \/>O Tablado Inferior do Elevado das Bandeiras ser\u00e1 fechado no sentido S\u00e3o Conrado, das 23h desta quarta-feira (29\/04) \u00e0s 4h30 de quinta-feira (30\/04) para manuten\u00e7\u00e3o. A liga\u00e7\u00e3o Barra \u2013 S\u00e3o Conrado ser\u00e1 feita pelo Tablado Superior do Elevado das Bandeiras, que estar\u00e1 funcionando em dire\u00e7\u00e3o a S\u00e3o Conrado.<br \/>_______________<br \/><strong>T\u00fanel Santa B\u00e1rbara <\/strong><br \/>O T\u00fanel Santa B\u00e1rbara ser\u00e1 interditado para manuten\u00e7\u00e3o, no sentido Santo Cristo, das 23h30 desta quarta-feira (29\/04) \u00e0s 4h30 de quinta-feira (30\/04). A galeria no sentido Laranjeiras funcionar\u00e1 normalmente.<br \/>______________<br \/><strong>T\u00fanel Rebou\u00e7as<\/strong><br \/>O T\u00fanel Rebou\u00e7as ser\u00e1 fechado, no sentido Lagoa, das 22h desta quarta-feira (29\/04) \u00e0s 5h de quinta-feira (30\/04), para servi\u00e7os de revitaliza\u00e7\u00e3o. As galerias de sentido oposto funcionar\u00e3o com uma faixa revers\u00edvel (esquerda) no sentido Lagoa e duas faixas de tr\u00e2nsito no sentido Centro.<\/p>\n<p>______________<br \/><strong>T\u00faneis Ac\u00fastico e Zuzu Angel<\/strong><br \/>Os t\u00faneis Zuzu Angel e Ac\u00fastico Rafael Mascarenhas ser\u00e3o fechados, no sentido S\u00e3o Conrado, das 23h desta quarta-feira (29\/04) \u00e0s 5h de quinta-feira (30\/04), para servi\u00e7os de revitaliza\u00e7\u00e3o. A principal op\u00e7\u00e3o para desvio \u00e9 a Avenida Niemeyer, que funcionar\u00e1 normalmente, com duplo sentido de circula\u00e7\u00e3o.<\/p>\n<p><strong>Orienta\u00e7\u00e3o aos condutores<\/strong><br \/>Sinaliza\u00e7\u00e3o especifica ser\u00e1 instalada para orientar e alertar os motoristas. Operadores da CET-Rio estar\u00e3o monitorando as condi\u00e7\u00f5es do tr\u00e2nsito e v\u00e3o atuar, se necess\u00e1rio. Al\u00e9m disso, os tempos semaf\u00f3ricos ser\u00e3o ajustados para melhorar a fluidez na rota de desvio e nos principais corredores das regi\u00f5es.<\/p>\n<p>             <!-- Compartilhe ---><\/p>\n<p>\t\t\t <!-- TAGS --><\/p>\n<section class=\"category-tags\">\n<div class=\"marcacao-category\">\n<article class=\"category-post\">\n<p>Categoria: <\/p>\n<\/article>\n<li>29 de abril de 2026<\/li><\/div>\n<article class=\"tags\">\n\t\t\t\t\tMarca\u00e7\u00f5es: Elevado das Bandeiras interdi\u00e7\u00f5es T\u00fanel Ac\u00fastico Rafael Mascarenhas t\u00fanel rebou\u00e7as T\u00fanel Santa B\u00e1rbara T\u00fanel Zuzu Angel<br \/><\/article>\n<\/section>\n<p>            <!-- Mais Not&iacute;cias --><\/p>\n<p>\t\t<!-- Conte&uacute;do SIDEBAR --><\/p><\/div>\n<\/p><\/div>\n","protected":false},"excerpt":{"rendered":"<p>Elevado das BandeirasO Tablado Inferior do Elevado das Bandeiras ser\u00e1 fechado no sentido S\u00e3o Conrado, das 23h desta quarta-feira (29\/04) \u00e0s 4h30 de quinta-feira (30\/04) para manuten\u00e7\u00e3o. A liga\u00e7\u00e3o Barra \u2013 S\u00e3o Conrado ser\u00e1 feita pelo Tablado Superior do Elevado das Bandeiras, que estar\u00e1 funcionando em dire\u00e7\u00e3o a S\u00e3o Conrado._______________T\u00fanel Santa B\u00e1rbara O T\u00fanel Santa &#8230; <a title=\"CET-Rio anuncia interdi\u00e7\u00f5es no Elevado das Bandeiras e t\u00faneis da cidade &#8211; Prefeitura da Cidade do Rio de Janeiro\" class=\"read-more\" href=\"https:\/\/superinteressantes.com.br\/index.php\/2026\/04\/30\/cet-rio-anuncia-interdicoes-no-elevado-das-bandeiras-e-tuneis-da-cidade-prefeitura-da-cidade-do-rio-de-janeiro\/\" aria-label=\"More on CET-Rio anuncia interdi\u00e7\u00f5es no Elevado das Bandeiras e t\u00faneis da cidade &#8211; Prefeitura da Cidade do Rio de Janeiro\">Ler mais<\/a><\/p>\n","protected":false},"author":1,"featured_media":0,"comment_status":"","ping_status":"","sticky":false,"template":"","format":"standard","meta":{"footnotes":""},"categories":[1],"tags":[],"class_list":["post-36640","post","type-post","status-publish","format-standard","hentry","category-sem-categoria"],"amp_enabled":true,"_links":{"self":[{"href":"https:\/\/superinteressantes.com.br\/index.php\/wp-json\/wp\/v2\/posts\/36640","targetHints":{"allow":["GET"]}}],"collection":[{"href":"https:\/\/superinteressantes.com.br\/index.php\/wp-json\/wp\/v2\/posts"}],"about":[{"href":"https:\/\/superinteressantes.com.br\/index.php\/wp-json\/wp\/v2\/types\/post"}],"author":[{"embeddable":true,"href":"https:\/\/superinteressantes.com.br\/index.php\/wp-json\/wp\/v2\/users\/1"}],"replies":[{"embeddable":true,"href":"https:\/\/superinteressantes.com.br\/index.php\/wp-json\/wp\/v2\/comments?post=36640"}],"version-history":[{"count":0,"href":"https:\/\/superinteressantes.com.br\/index.php\/wp-json\/wp\/v2\/posts\/36640\/revisions"}],"wp:attachment":[{"href":"https:\/\/superinteressantes.com.br\/index.php\/wp-json\/wp\/v2\/media?parent=36640"}],"wp:term":[{"taxonomy":"category","embeddable":true,"href":"https:\/\/superinteressantes.com.br\/index.php\/wp-json\/wp\/v2\/categories?post=36640"},{"taxonomy":"post_tag","embeddable":true,"href":"https:\/\/superinteressantes.com.br\/index.php\/wp-json\/wp\/v2\/tags?post=36640"}],"curies":[{"name":"wp","href":"https:\/\/api.w.org\/{rel}","templated":true}]}}