{"id":36637,"date":"2026-04-30T05:20:44","date_gmt":"2026-04-30T08:20:44","guid":{"rendered":"https:\/\/superinteressantes.com.br\/index.php\/2026\/04\/30\/procon-jp-fiscaliza-farmacias-e-autua-tres-estabelecimentos-102-produtos-foram-apreendidos\/"},"modified":"2026-04-30T05:20:44","modified_gmt":"2026-04-30T08:20:44","slug":"procon-jp-fiscaliza-farmacias-e-autua-tres-estabelecimentos-102-produtos-foram-apreendidos","status":"publish","type":"post","link":"https:\/\/superinteressantes.com.br\/index.php\/2026\/04\/30\/procon-jp-fiscaliza-farmacias-e-autua-tres-estabelecimentos-102-produtos-foram-apreendidos\/","title":{"rendered":"Procon-JP fiscaliza farm\u00e1cias e autua tr\u00eas estabelecimentos; 102 produtos foram apreendidos"},"content":{"rendered":"<p><\/p>\n<div>\n<p>Tr\u00eas farm\u00e1cias foram autuadas em fiscaliza\u00e7\u00e3o realizada nesta quarta-feira (29) pela Secretaria Municipal de Prote\u00e7\u00e3o e Defesa do Consumidor (Procon-JP). Os estabelecimentos n\u00e3o estavam cumprimento \u00e0 legisla\u00e7\u00e3o, a exemplo da falta de informa\u00e7\u00e3o de pre\u00e7os nos produtos, al\u00e9m da exig\u00eancia do n\u00famero do CPF no ato da compra, condicionando a informa\u00e7\u00e3o \u00e0 concess\u00e3o de descontos (venda casada).<\/p>\n<figure class=\"wp-block-gallery has-nested-images columns-default is-cropped wp-block-gallery-1 is-layout-flex wp-block-gallery-is-layout-flex\">\n<figure class=\"wp-block-image size-large\"><\/figure>\n<figure class=\"wp-block-image size-full\"><\/figure>\n<\/figure>\n<p>Durante a fiscaliza\u00e7\u00e3o, o Procon-JP apreendeu 102 produtos de higiene pessoal em uma farm\u00e1cia, que estavam com problemas como falta de pre\u00e7o e com a data de validade vencida. Todos os artigos foram descartados de imediato.<\/p>\n<p>O Procon-JP visitou as farm\u00e1cias de posse de um check list de leis para verificar o seu cumprimento, o que resultou, ainda, em cinco notifica\u00e7\u00f5es para adequa\u00e7\u00f5es em um prazo de 24 horas. \u201cA rela\u00e7\u00e3o consta de leis gerais e comuns a v\u00e1rios tipos de estabelecimentos e tamb\u00e9m da legisla\u00e7\u00e3o espec\u00edfica para o segmento\u201d, explica o secret\u00e1rio de Prote\u00e7\u00e3o e Defesa do Consumidor, J\u00fanior Pires.<\/p>\n<p>Ele cita como legisla\u00e7\u00e3o geral a que prev\u00ea disponibilidade de um exemplar do C\u00f3digo de Defesa do Consumidor (CDC) ao alcance dos clientes; e como lei espec\u00edfica a que obriga as farm\u00e1cias a terem autoriza\u00e7\u00e3o e licenciamento da autoridade competente, bem como ter a presen\u00e7a de farmac\u00eautico durante o hor\u00e1rio de expediente.<\/p>\n<figure class=\"wp-block-gallery has-nested-images columns-default is-cropped wp-block-gallery-2 is-layout-flex wp-block-gallery-is-layout-flex\">\n<figure class=\"wp-block-image size-full\"><\/figure>\n<figure class=\"wp-block-image size-large\"><\/figure>\n<\/figure>\n<p><strong>F\u00e1cil leitura<\/strong> \u2013 A fiscaliza\u00e7\u00e3o est\u00e1 verificando, ainda, o cumprimento \u00e0s leis do atendimento priorit\u00e1rio, disponibilidade dos n\u00fameros de telefones do Procon-JP, se h\u00e1 cobran\u00e7a da parcela m\u00ednima para pagamento no cart\u00e3o, o que \u00e9 uma irregularidade, al\u00e9m de inspecionar se todas as informa\u00e7\u00f5es est\u00e3o expostas em local de f\u00e1cil visualiza\u00e7\u00e3o e se \u00e9 de f\u00e1cil leitura.<\/p>\n<p>O titular do Procon-JP acrescenta que a fiscaliza\u00e7\u00e3o tamb\u00e9m inspeciona o cumprimento da Lei Municipal 14.617\/2022, que prev\u00ea a inclus\u00e3o do S\u00edmbolo Mundial da S\u00edndrome de Down nas placas de atendimento ao p\u00fablico e garante, ainda, vaga priorit\u00e1ria no estacionamento.<\/p>\n<p><strong>Penalidades \u2013 <\/strong>Os estabelecimentos autuados est\u00e3o sujeitos \u00e0s penalidades previstas na legisla\u00e7\u00e3o, a exemplo da aplica\u00e7\u00e3o de multas. \u201cAs empresas t\u00eam um prazo legal de 10 dias contados a partir da data do recebimento do auto de infra\u00e7\u00e3o para fazerem sua defesa\u201d, pontua Junior Pires.<\/p>\n<p><strong>Atendimentos do Procon-JP<\/strong><\/p>\n<p>Sede:Avenida Dom Pedro I,n\u00ba 382, Tambi\u00e1, das 8h \u00e0s 17h (distribui\u00e7\u00e3o de fichas \u00e0s 8h)<\/p>\n<p>Telefone: 0800 083 2015<\/p>\n<p>WhatsApp Geral: (83) 98665-0179<\/p>\n<p>WhatsApp Transporte p\u00fablico:(83) 98873-9976<\/p>\n<p>Instagram: @procon_jp<\/p>\n<p>Site: procon.joaopessoa.pb.gov.br<\/p>\n<\/p><\/div>\n","protected":false},"excerpt":{"rendered":"<p>Tr\u00eas farm\u00e1cias foram autuadas em fiscaliza\u00e7\u00e3o realizada nesta quarta-feira (29) pela Secretaria Municipal de Prote\u00e7\u00e3o e Defesa do Consumidor (Procon-JP). Os estabelecimentos n\u00e3o estavam cumprimento \u00e0 legisla\u00e7\u00e3o, a exemplo da falta de informa\u00e7\u00e3o de pre\u00e7os nos produtos, al\u00e9m da exig\u00eancia do n\u00famero do CPF no ato da compra, condicionando a informa\u00e7\u00e3o \u00e0 concess\u00e3o de descontos &#8230; <a title=\"Procon-JP fiscaliza farm\u00e1cias e autua tr\u00eas estabelecimentos; 102 produtos foram apreendidos\" class=\"read-more\" href=\"https:\/\/superinteressantes.com.br\/index.php\/2026\/04\/30\/procon-jp-fiscaliza-farmacias-e-autua-tres-estabelecimentos-102-produtos-foram-apreendidos\/\" aria-label=\"More on Procon-JP fiscaliza farm\u00e1cias e autua tr\u00eas estabelecimentos; 102 produtos foram apreendidos\">Ler mais<\/a><\/p>\n","protected":false},"author":1,"featured_media":0,"comment_status":"","ping_status":"","sticky":false,"template":"","format":"standard","meta":{"footnotes":""},"categories":[1],"tags":[],"class_list":["post-36637","post","type-post","status-publish","format-standard","hentry","category-sem-categoria"],"amp_enabled":true,"_links":{"self":[{"href":"https:\/\/superinteressantes.com.br\/index.php\/wp-json\/wp\/v2\/posts\/36637","targetHints":{"allow":["GET"]}}],"collection":[{"href":"https:\/\/superinteressantes.com.br\/index.php\/wp-json\/wp\/v2\/posts"}],"about":[{"href":"https:\/\/superinteressantes.com.br\/index.php\/wp-json\/wp\/v2\/types\/post"}],"author":[{"embeddable":true,"href":"https:\/\/superinteressantes.com.br\/index.php\/wp-json\/wp\/v2\/users\/1"}],"replies":[{"embeddable":true,"href":"https:\/\/superinteressantes.com.br\/index.php\/wp-json\/wp\/v2\/comments?post=36637"}],"version-history":[{"count":0,"href":"https:\/\/superinteressantes.com.br\/index.php\/wp-json\/wp\/v2\/posts\/36637\/revisions"}],"wp:attachment":[{"href":"https:\/\/superinteressantes.com.br\/index.php\/wp-json\/wp\/v2\/media?parent=36637"}],"wp:term":[{"taxonomy":"category","embeddable":true,"href":"https:\/\/superinteressantes.com.br\/index.php\/wp-json\/wp\/v2\/categories?post=36637"},{"taxonomy":"post_tag","embeddable":true,"href":"https:\/\/superinteressantes.com.br\/index.php\/wp-json\/wp\/v2\/tags?post=36637"}],"curies":[{"name":"wp","href":"https:\/\/api.w.org\/{rel}","templated":true}]}}