{"id":36636,"date":"2026-04-30T03:46:41","date_gmt":"2026-04-30T06:46:41","guid":{"rendered":"https:\/\/superinteressantes.com.br\/index.php\/2026\/04\/30\/agencia-minas-gerais-operacao-elo-quebrado-na-ppl-prende-sete-pessoas-nesta-quarta-feira-29-4-2\/"},"modified":"2026-04-30T03:46:41","modified_gmt":"2026-04-30T06:46:41","slug":"agencia-minas-gerais-operacao-elo-quebrado-na-ppl-prende-sete-pessoas-nesta-quarta-feira-29-4-2","status":"publish","type":"post","link":"https:\/\/superinteressantes.com.br\/index.php\/2026\/04\/30\/agencia-minas-gerais-operacao-elo-quebrado-na-ppl-prende-sete-pessoas-nesta-quarta-feira-29-4-2\/","title":{"rendered":"Ag\u00eancia Minas Gerais | Opera\u00e7\u00e3o Elo Quebrado, na PPL, prende sete pessoas nesta quarta-feira (29\/4)"},"content":{"rendered":"<p><\/p>\n<div>\n<p>Sete pessoas presas, 17 mandados\u00a0de busca e apeens\u00e3o cumpridos,\u00a0al\u00e9m da intercepta\u00e7\u00e3o de drogas e apreens\u00e3o duas armas de fogo e dois ve\u00edculos ligados ao tr\u00e1fico. Este foi o resultado parcial da Opera\u00e7\u00e3o \u00a0Elo Quebrado, realizada nesta quarta-feira (29\/4), dia &#8220;D&#8221;, na Pedreira Prado Lopes, em Belo Horizonte.<\/p>\n<p>A megaopera\u00e7\u00e3o, coordenada pela Secretaria de Estado de Justi\u00e7a e Seguran\u00e7a P\u00fablica de Minas Gerais (Sejusp MG), faz parte da estrat\u00e9gia de ampliar a presen\u00e7a do Estado em territ\u00f3rios considerados sens\u00edveis, com objetivo de fortalecer o enfrentamento ao crime.<\/p>\n<figure class=\"image\" style=\"float:left\">&#13;<figcaption><em><sup>Victor Laia \/ Sejusp<\/sup><\/em><\/figcaption>&#13;<br \/>\n<\/figure>\n<p>Al\u00e9m disso, cerca de 50 pris\u00f5es relacionadas a a\u00e7\u00e3o integrada foram realizadas na regi\u00e3o desde o in\u00edcio de abril, quando teve in\u00edcio a opera\u00e7\u00e3o, sendo 32\u00a0relativas a mandados judiciais em aberto e 18 em flagrante<\/p>\n<p>Trata-se de uma a\u00e7\u00e3o estruturada, permanente e baseada na integra\u00e7\u00e3o entre as for\u00e7as de seguran\u00e7a, com foco na retomada de \u00e1reas impactadas pela atua\u00e7\u00e3o de organiza\u00e7\u00f5es criminosas. A opera\u00e7\u00e3o contou com cerca de 350 policiais, com a mobiliza\u00e7\u00e3o de viaturas das pol\u00edcias Militar, Civil, Penal, Federal, aeronaves das pol\u00edcias Militar e Civil, al\u00e9m de equipes de Intelig\u00eancia.<\/p>\n<p>Um dos principais eixos da Opera\u00e7\u00e3o Elo Quebrado \u00e9 o enfrentamento \u00e0 chamada governan\u00e7a criminal, caracterizada pelo controle territorial exercido por organiza\u00e7\u00f5es criminosas e pela imposi\u00e7\u00e3o do medo \u00e0 popula\u00e7\u00e3o. A atua\u00e7\u00e3o do Estado busca desarticular essas estruturas, enfraquecer lideran\u00e7as e interromper fluxos il\u00edcitos que sustentam essas organiza\u00e7\u00f5es.<\/p>\n<p>O\u00a0subsecret\u00e1rio de Integra\u00e7\u00e3o da Seguran\u00e7a P\u00fablica da Sejusp MG, Christian Vianna de Azevedo, destacou que a a\u00e7\u00e3o na PPL \u00e9 mais uma etapa do combate do estado ao crime organizado. \u201cEssas opera\u00e7\u00f5es visam desmantelar as fac\u00e7\u00f5es, enfraquecendo-as e impedindo que elas governem territ\u00f3rios no estado. Nos pr\u00f3ximos meses teremos mais etapas desse trabalho em outras regi\u00f5es e no interior do estado\u201d.<\/p>\n<p>A comandante do 34\u00ba Batalh\u00e3o da PMMG, tenente-coronel S\u00edria Delgado Matias, refor\u00e7ou que as for\u00e7as de seguran\u00e7a est\u00e3o comprometidas com as comunidades da Pedreira Prado Lopes. \u201cO crime n\u00e3o vai ter mais vez. Continuaremos com as a\u00e7\u00f5es pontuais e integradas, mostrando que quem domina a regi\u00e3o \u00e9 o Estado\u201d.<\/p>\n<p>Para o diretor de opera\u00e7\u00f5es da Superintend\u00eancia de Investiga\u00e7\u00e3o e Pol\u00edcia Judici\u00e1ria da Pol\u00edcia Civil, Hugo Arruda, o principal objetivo da opera\u00e7\u00e3o \u00e9 agir de forma pontual no cumprimento de mandados e na desarticula\u00e7\u00e3o do crime organizado: \u201cForam cumpridos diversos mandados de busca e apreens\u00e3o ap\u00f3s um longo trabalho de investiga\u00e7\u00e3o e troca de informa\u00e7\u00f5es com as demais for\u00e7as de seguran\u00e7a, demonstrando o combate efetivo a essas organiza\u00e7\u00f5es e indiv\u00edduos faccionados\u201d.<\/p>\n<p>O coordenador regional de capturas da Pol\u00edcia Federal em Minas Gerais, Danilo Salas, explicou que a opera\u00e7\u00e3o \u00e9 um exemplo de integra\u00e7\u00e3o entre as for\u00e7as em Minas. \u201cPrecisamos destacar que essa \u00e9 uma opera\u00e7\u00e3o cont\u00ednua, em todo o estado, n\u00e3o s\u00f3 nas comunidades. Queremos que a popula\u00e7\u00e3o mineira saiba que as pol\u00edcias de Minas Gerais t\u00eam feito o seu papel\u201d.<\/p>\n<p>\u00a0<\/p>\n<\/p><\/div>\n","protected":false},"excerpt":{"rendered":"<p>Sete pessoas presas, 17 mandados\u00a0de busca e apeens\u00e3o cumpridos,\u00a0al\u00e9m da intercepta\u00e7\u00e3o de drogas e apreens\u00e3o duas armas de fogo e dois ve\u00edculos ligados ao tr\u00e1fico. Este foi o resultado parcial da Opera\u00e7\u00e3o \u00a0Elo Quebrado, realizada nesta quarta-feira (29\/4), dia &#8220;D&#8221;, na Pedreira Prado Lopes, em Belo Horizonte. A megaopera\u00e7\u00e3o, coordenada pela Secretaria de Estado de &#8230; <a title=\"Ag\u00eancia Minas Gerais | Opera\u00e7\u00e3o Elo Quebrado, na PPL, prende sete pessoas nesta quarta-feira (29\/4)\" class=\"read-more\" href=\"https:\/\/superinteressantes.com.br\/index.php\/2026\/04\/30\/agencia-minas-gerais-operacao-elo-quebrado-na-ppl-prende-sete-pessoas-nesta-quarta-feira-29-4-2\/\" aria-label=\"More on Ag\u00eancia Minas Gerais | Opera\u00e7\u00e3o Elo Quebrado, na PPL, prende sete pessoas nesta quarta-feira (29\/4)\">Ler mais<\/a><\/p>\n","protected":false},"author":1,"featured_media":0,"comment_status":"","ping_status":"","sticky":false,"template":"","format":"standard","meta":{"footnotes":""},"categories":[1],"tags":[],"class_list":["post-36636","post","type-post","status-publish","format-standard","hentry","category-sem-categoria"],"amp_enabled":true,"_links":{"self":[{"href":"https:\/\/superinteressantes.com.br\/index.php\/wp-json\/wp\/v2\/posts\/36636","targetHints":{"allow":["GET"]}}],"collection":[{"href":"https:\/\/superinteressantes.com.br\/index.php\/wp-json\/wp\/v2\/posts"}],"about":[{"href":"https:\/\/superinteressantes.com.br\/index.php\/wp-json\/wp\/v2\/types\/post"}],"author":[{"embeddable":true,"href":"https:\/\/superinteressantes.com.br\/index.php\/wp-json\/wp\/v2\/users\/1"}],"replies":[{"embeddable":true,"href":"https:\/\/superinteressantes.com.br\/index.php\/wp-json\/wp\/v2\/comments?post=36636"}],"version-history":[{"count":0,"href":"https:\/\/superinteressantes.com.br\/index.php\/wp-json\/wp\/v2\/posts\/36636\/revisions"}],"wp:attachment":[{"href":"https:\/\/superinteressantes.com.br\/index.php\/wp-json\/wp\/v2\/media?parent=36636"}],"wp:term":[{"taxonomy":"category","embeddable":true,"href":"https:\/\/superinteressantes.com.br\/index.php\/wp-json\/wp\/v2\/categories?post=36636"},{"taxonomy":"post_tag","embeddable":true,"href":"https:\/\/superinteressantes.com.br\/index.php\/wp-json\/wp\/v2\/tags?post=36636"}],"curies":[{"name":"wp","href":"https:\/\/api.w.org\/{rel}","templated":true}]}}