{"id":36630,"date":"2026-04-29T23:04:39","date_gmt":"2026-04-30T02:04:39","guid":{"rendered":"https:\/\/superinteressantes.com.br\/index.php\/2026\/04\/29\/prefeitura-de-joao-pessoa-garante-servicos-essenciais-no-feriado-do-dia-do-trabalhador\/"},"modified":"2026-04-29T23:04:39","modified_gmt":"2026-04-30T02:04:39","slug":"prefeitura-de-joao-pessoa-garante-servicos-essenciais-no-feriado-do-dia-do-trabalhador","status":"publish","type":"post","link":"https:\/\/superinteressantes.com.br\/index.php\/2026\/04\/29\/prefeitura-de-joao-pessoa-garante-servicos-essenciais-no-feriado-do-dia-do-trabalhador\/","title":{"rendered":"Prefeitura de Jo\u00e3o Pessoa garante servi\u00e7os essenciais no feriado do Dia do Trabalhador"},"content":{"rendered":"<p><\/p>\n<div>\n<p>O Dia do Trabalhador \u00e9 comemorado nesta sexta-feira, 1\u00ba de maio. Com o feriado nacional, o atendimento ao p\u00fablico em v\u00e1rios servi\u00e7os da Prefeitura de Jo\u00e3o Pessoa est\u00e3o suspensos. Mas os servi\u00e7os essenciais, como o atendimento de urg\u00eancia e emerg\u00eancia, fiscaliza\u00e7\u00e3o do tr\u00e2nsito, limpeza urbana, entre outros, s\u00e3o mantidos pela gest\u00e3o municipal.<\/p>\n<figure class=\"wp-block-gallery has-nested-images columns-default is-cropped wp-block-gallery-1 is-layout-flex wp-block-gallery-is-layout-flex\">\n<figure class=\"wp-block-image\"><\/figure>\n<figure class=\"wp-block-image\"><\/figure>\n<\/figure>\n<p>Na \u00e1rea da sa\u00fade, por exemplo, os hospitais e as unidades de pronto atendimento (UPAs) \u2013 localizadas nos bairros de Cruz das Armas, Mana\u00edra, Banc\u00e1rios e Valentina Figueiredo \u2013 mant\u00eam seus servi\u00e7os regulares.<\/p>\n<p>Tamb\u00e9m funcionar\u00e3o normalmente o Servi\u00e7o de Atendimento M\u00f3vel de Urg\u00eancia (Samu), as urg\u00eancias odontol\u00f3gicas nos CEOs da Torre e de Mangabeira e o Pronto Atendimento de Sa\u00fade Mental (Pasm), localizado no pr\u00e9dio anexo ao Complexo Hospitalar de Mangabeira.<\/p>\n<p>J\u00e1 as unidades de sa\u00fade da fam\u00edlia, as policl\u00ednicas municipais e o Centro Municipal de Imuniza\u00e7\u00e3o (CMI) n\u00e3o atender\u00e3o no feriado, retomando seu funcionamento habitual na segunda-feira (4).<\/p>\n<p><strong>Tr\u00e2nsito e transporte p\u00fablico<\/strong> \u2013 No Dia do Trabalhador, a frota de \u00f4nibus coletivo vai circular com uma redu\u00e7\u00e3o t\u00edpica de feriados, ou seja, funcionando com o quadro de domingo. Os agentes de mobilidade, por sua vez, seguem monitorando o tr\u00e2nsito tanto nas ruas como atrav\u00e9s do Centro Operacional de Tr\u00e2nsito e Transporte (COTT).<\/p>\n<p>Em caso de necessidade, a popula\u00e7\u00e3o pode acionar a Superintend\u00eancia Executiva de Mobilidade Urbana (Semob-JP) pelo telefone (83) 3213-7188 e WhatsApp 98760-2134. \u00c9 poss\u00edvel, ainda, solicitar atendimento online por meio do endere\u00e7o portal.semobjp.pb.gov.br.<\/p>\n<figure class=\"wp-block-gallery has-nested-images columns-default is-cropped wp-block-gallery-2 is-layout-flex wp-block-gallery-is-layout-flex\">\n<figure class=\"wp-block-image size-large\"><\/figure>\n<figure class=\"wp-block-image\"><\/figure>\n<\/figure>\n<p><strong>Defesa Civil <\/strong>\u2013 A Coordenadoria Municipal de Prote\u00e7\u00e3o e Defesa Civil (Compdec-JP) funciona normalmente na sexta-feira, com plant\u00e3o 24 horas, como faz cotidianamente (inclusive nos fins de semana e demais feriados). Em caso de necessidade, a Defesa Civil deve ser acionada pelos telefones 199 e 98831-6885 (WhatsApp) ou pelo aplicativo Jo\u00e3o Pessoa na Palma da M\u00e3o, baixado gratuitamente nas plataformas Play Store e AppStore.<\/p>\n<p><strong>Assist\u00eancia social<\/strong>\u2013 Os restaurantes populares, as cozinhas comunit\u00e1rias e o banco de alimentos mantidos pela Secretaria de Desenvolvimento Social (Sedes) n\u00e3o funcionam nos feriados. Todas as atividades ser\u00e3o retomadas na segunda-feira (4).<\/p>\n<p><strong>Crimes ambientais<\/strong> \u2013 A fiscaliza\u00e7\u00e3o ambiental funcionar\u00e1 normalmente no Dia do Trabalhador. A Secretaria de Meio Ambiente mant\u00e9m o plant\u00e3o com canais de comunica\u00e7\u00e3o para que a popula\u00e7\u00e3o possa fazer den\u00fancias de crimes ambientais das 8h \u00e0s 0h.<\/p>\n<p>As den\u00fancias podem ser feitas via Sistema de Fiscaliza\u00e7\u00e3o MavSystems. Atrav\u00e9s do link, o cidad\u00e3o faz um cadastro simples e registra sua den\u00fancia, anexando fotos e v\u00eddeos. \u00c9 uma forma moderna e pr\u00e1tica de registro de den\u00fancias e acompanhamento (a partir do e-mail cadastrado).<\/p>\n<figure class=\"wp-block-gallery has-nested-images columns-default is-cropped wp-block-gallery-3 is-layout-flex wp-block-gallery-is-layout-flex\">\n<figure class=\"wp-block-image\"><\/figure>\n<figure class=\"wp-block-image\"><\/figure>\n<\/figure>\n<p><strong>Feiras <\/strong><strong>l<\/strong><strong>ivres e Cecaf<\/strong> \u2013 A Secretaria de Desenvolvimento Urbano (Sedurb) divulgou o hor\u00e1rio de funcionamento dos principais mercados e feiras livres para o feriado.<\/p>\n<p>De modo geral, a maioria dos mercados e feiras livres estar\u00e3o abertos, por\u00e9m em hor\u00e1rios espec\u00edficos ou com funcionamento parcial. J\u00e1 o Mercado de Jaguaribe e a Central de Comercializa\u00e7\u00e3o da Agricultura Familiar (Cecaf) estar\u00e3o fechados nesta sexta-feira.<\/p>\n<p>Para informa\u00e7\u00f5es detalhadas sobre os hor\u00e1rios de funcionamentos, acesse o link.<\/p>\n<p><strong>Limpeza <\/strong><strong>\u2013 <\/strong>A Autarquia Especial Municipal de Limpeza Urbana segue realizando os servi\u00e7os de coletas nos bairros, incluindo as coletas domiciliar, de res\u00edduos de podas de \u00e1rvores e de res\u00edduos diversificados.<\/p>\n<figure class=\"wp-block-gallery has-nested-images columns-default is-cropped wp-block-gallery-4 is-layout-flex wp-block-gallery-is-layout-flex\">\n<figure class=\"wp-block-image\"><\/figure>\n<figure class=\"wp-block-image\"><\/figure>\n<\/figure><\/div>\n","protected":false},"excerpt":{"rendered":"<p>O Dia do Trabalhador \u00e9 comemorado nesta sexta-feira, 1\u00ba de maio. Com o feriado nacional, o atendimento ao p\u00fablico em v\u00e1rios servi\u00e7os da Prefeitura de Jo\u00e3o Pessoa est\u00e3o suspensos. Mas os servi\u00e7os essenciais, como o atendimento de urg\u00eancia e emerg\u00eancia, fiscaliza\u00e7\u00e3o do tr\u00e2nsito, limpeza urbana, entre outros, s\u00e3o mantidos pela gest\u00e3o municipal. Na \u00e1rea da &#8230; <a title=\"Prefeitura de Jo\u00e3o Pessoa garante servi\u00e7os essenciais no feriado do Dia do Trabalhador\" class=\"read-more\" href=\"https:\/\/superinteressantes.com.br\/index.php\/2026\/04\/29\/prefeitura-de-joao-pessoa-garante-servicos-essenciais-no-feriado-do-dia-do-trabalhador\/\" aria-label=\"More on Prefeitura de Jo\u00e3o Pessoa garante servi\u00e7os essenciais no feriado do Dia do Trabalhador\">Ler mais<\/a><\/p>\n","protected":false},"author":1,"featured_media":0,"comment_status":"","ping_status":"","sticky":false,"template":"","format":"standard","meta":{"footnotes":""},"categories":[1],"tags":[],"class_list":["post-36630","post","type-post","status-publish","format-standard","hentry","category-sem-categoria"],"amp_enabled":true,"_links":{"self":[{"href":"https:\/\/superinteressantes.com.br\/index.php\/wp-json\/wp\/v2\/posts\/36630","targetHints":{"allow":["GET"]}}],"collection":[{"href":"https:\/\/superinteressantes.com.br\/index.php\/wp-json\/wp\/v2\/posts"}],"about":[{"href":"https:\/\/superinteressantes.com.br\/index.php\/wp-json\/wp\/v2\/types\/post"}],"author":[{"embeddable":true,"href":"https:\/\/superinteressantes.com.br\/index.php\/wp-json\/wp\/v2\/users\/1"}],"replies":[{"embeddable":true,"href":"https:\/\/superinteressantes.com.br\/index.php\/wp-json\/wp\/v2\/comments?post=36630"}],"version-history":[{"count":0,"href":"https:\/\/superinteressantes.com.br\/index.php\/wp-json\/wp\/v2\/posts\/36630\/revisions"}],"wp:attachment":[{"href":"https:\/\/superinteressantes.com.br\/index.php\/wp-json\/wp\/v2\/media?parent=36630"}],"wp:term":[{"taxonomy":"category","embeddable":true,"href":"https:\/\/superinteressantes.com.br\/index.php\/wp-json\/wp\/v2\/categories?post=36630"},{"taxonomy":"post_tag","embeddable":true,"href":"https:\/\/superinteressantes.com.br\/index.php\/wp-json\/wp\/v2\/tags?post=36630"}],"curies":[{"name":"wp","href":"https:\/\/api.w.org\/{rel}","templated":true}]}}