{"id":36615,"date":"2026-04-29T10:58:53","date_gmt":"2026-04-29T13:58:53","guid":{"rendered":"https:\/\/superinteressantes.com.br\/index.php\/2026\/04\/29\/sabatina-de-jorge-messias-para-o-stf-comeca-no-senado\/"},"modified":"2026-04-29T10:58:53","modified_gmt":"2026-04-29T13:58:53","slug":"sabatina-de-jorge-messias-para-o-stf-comeca-no-senado","status":"publish","type":"post","link":"https:\/\/superinteressantes.com.br\/index.php\/2026\/04\/29\/sabatina-de-jorge-messias-para-o-stf-comeca-no-senado\/","title":{"rendered":"Sabatina de Jorge Messias para o STF come\u00e7a no Senado"},"content":{"rendered":"<p> Por MRNews<br \/>\n<\/p>\n<div wp_automatic_readability=\"121.13273113709\">\n<p><strong>Mais de cinco meses ap\u00f3s o an\u00fancio da indica\u00e7\u00e3o, teve in\u00edcio a sabatina de Jorge Messias na Comiss\u00e3o de Constitui\u00e7\u00e3o e Justi\u00e7a (CCJ) do Senado, nesta quarta-feira (29), na busca de uma vaga de ministro do Supremo Tribunal Federal (STF).<\/strong><\/p>\n<p>Ao abrir a fala, Messias destacou sua trajet\u00f3ria acad\u00eamica e profissional, defendendo a aplica\u00e7\u00e3o da Constitui\u00e7\u00e3o com humanismo e diversidade.<\/p>\n<blockquote wp_automatic_readability=\"6.220447284345\">\n<p>\u201cA Constitui\u00e7\u00e3o somente se concretiza seus valores fundamentais quando aplicada com o humanismo e diversidade de saberes aqui nesta casa t\u00e3o presentes\u201d, destacou Messias.<\/p>\n<p><strong><a href=\"https:\/\/mrnews.com.br\/index.php\/2026\/04\/29\/comeca-a-valer-plano-nacional-do-livro-e-da-leitura-2026-2036\/\">Come\u00e7a a valer Plano Nacional do Livro e da Leitura 2026-2036<\/a><\/strong><\/p>\n<p><strong><a href=\"https:\/\/mrnews.com.br\/index.php\/2026\/04\/29\/mprj-ouve-parentes-de-mortos-na-operacao-contencao-para-elucidar-fatos\/\">MPRJ ouve parentes de mortos na Opera\u00e7\u00e3o Conten\u00e7\u00e3o para elucidar fatos<\/a><\/strong><\/p>\n<\/blockquote>\n<p><strong>A indica\u00e7\u00e3o do presidente Luiz In\u00e1cio Lula da Silva, para o lugar do ministro aposentado Luis Roberto Barroso, precisa passar por aprova\u00e7\u00e3o na CCJ e, em seguida, no plen\u00e1rio do Senado. S\u00e3o necess\u00e1rios 41 votos para aprova\u00e7\u00e3o ao Supremo.<\/strong><\/p>\n<p>A demora para sabatina e vota\u00e7\u00e3o da indica\u00e7\u00e3o de Messias ao STF ocorreu por resist\u00eancia de parte dos senadores ao nome de Messias, em especial, o presidente da Casa, senador Davi Alcolumbre (Uni\u00e3o-AP), que defendia o nome do senador Rodrigo Pacheco (PSB-MG) para ocupar a vaga no STF.\u00a0<\/p>\n<p>O Advogado-Geral da Uni\u00e3o (AGU) Jorge Messias foi anunciado ao cargo no dia 20 de novembro de 2025, mas a mensagem do Planalto ao Congresso formalizando a indica\u00e7\u00e3o foi adiada para o in\u00edcio de abril.<\/p>\n<p><strong>Durante a sabatina, Messias deve ser questionado pelos senadores e senadoras sobre a postura que deve ter no STF. EM seguida, sua indica\u00e7\u00e3o \u00e9 votada na CCJ e, ainda nesta quarta-feira, o plen\u00e1rio da Casa deve apreciar a indica\u00e7\u00e3o.<\/strong><\/p>\n<p><strong><a href=\"https:\/\/mrnews.com.br\/index.php\/2026\/04\/29\/censo-17-de-creches-e-pre-escolas-tem-itens-basicos-para-funcionar\/\">Censo: 17% de creches e pr\u00e9-escolas t\u00eam itens b\u00e1sicos para funcionar<\/a><\/strong><\/p>\n<p><strong><a href=\"https:\/\/mrnews.com.br\/index.php\/2026\/04\/29\/copom-decide-selic-em-meio-a-guerra-e-inflacao-acelerando\/\">Copom decide Selic em meio a guerra e infla\u00e7\u00e3o acelerando<\/a><\/strong><\/p>\n<h2>Trajet\u00f3ria acad\u00eamica e profissional<\/h2>\n<p>Jorge Rodrigo Ara\u00fajo Messias se graduou em direito, em 2003, na Universidade Federal de Pernambuco (UFPE). Em 2018, finalizou mestrado em Desenvolvimento, Sociedade e Coopera\u00e7\u00e3o Internacional, na Universidade de Bras\u00edlia (UnB), onde tamb\u00e9m concluiu o doutorado com tese sobre o mesmo tema, no ano de 2024.<\/p>\n<p>Ainda no campo acad\u00eamico, o indicado foi professor de direito na UnB entre 2018 e 2022, como convidado, e da Universidade Santa Cec\u00edlia (UNISANTA), desde 2024.<\/p>\n<p>Suas publica\u00e7\u00f5es acad\u00eamicas incluem livro, em coautoria, intitulado Reclama\u00e7\u00e3o Constitucional no Supremo Tribunal Federal e Fazenda P\u00fablica, e a organiza\u00e7\u00e3o do livro <em>An\u00e1lise Social do Direito: Por uma Hermen\u00eautica de Inclus\u00e3o.<\/em><\/p>\n<p>\u00c9 tamb\u00e9m autor de diversos cap\u00edtulos de livros jur\u00eddicos, entre eles, Advocacia P\u00fablica e Democracia, que integra a obra Defesa da Democracia e das Liberdades, publicada pela Ordem dos Advogados do Brasil (OAB).<\/p>\n<p>Jorge Messias foi ainda autor de um cap\u00edtulo do livro Conven\u00e7\u00e3o Americana de Direitos Humanos Comentada, e um cap\u00edtulo em Direito P\u00fablico e Democracia \u2013 Estudos em homenagem aos 15 anos do ministro Benedito Gon\u00e7alves no STJ.<\/p>\n<blockquote wp_automatic_readability=\"13\">\n<p>\u201cO curr\u00edculo do indicado encaminhado a esta Casa elenca tamb\u00e9m 85 (oitenta e cinco) trabalhos publicados, listados e enumerados como \u201coutras produ\u00e7\u00f5es t\u00e9cnicas\u201d, al\u00e9m de 26 (vinte e seis) participa\u00e7\u00f5es em eventos jur\u00eddicos, como palestrante ou conferencista\u201d, escreveu o relator da indica\u00e7\u00e3o de Messias na CCJ, o senador Weverton (PDT-MA).<\/p>\n<\/blockquote>\n<p>Jorge Messias ainda integrou o Instituto Brasileiro de Direito Empresarial (IBRADEMP) e o Instituto Brasileiro de Governan\u00e7a Corporativa (IBGC). Atualmente, \u00e9 associado ao Instituto dos Advogados Brasileiros (IAB) e da OAB.<\/p>\n<blockquote wp_automatic_readability=\"8\">\n<p>Segundo Messias, esses s\u00e3o \u201cespa\u00e7os que refor\u00e7am minha cren\u00e7a na import\u00e2ncia do direito como instrumento do desenvolvimento nacional, da estabilidade institucional e da justi\u00e7a social\u201d.<\/p>\n<\/blockquote>\n<p>O indicado ainda foi presidente da Associa\u00e7\u00e3o Nacional dos Procuradores do Banco Central (2006-2007); e ocupou cargo no Sindicato de servidores da Fazenda Nacional \u2013 Sinprofaz (2008-2010); foi membro da Comiss\u00e3o Nacional da Advocacia P\u00fablica Federal do Conselho Federal da OAB (2010-2012).<\/p>\n<p>A carreira profissional do indicado come\u00e7a como t\u00e9cnico banc\u00e1rio concursado da Caixa Econ\u00f4mica Federal, entre 2002 e 2006. Em 2006, \u00e9 aprovado para a Advocacia-Geral da Uni\u00e3o (AGU), primeiramente como Procurador do Banco Central do Brasil e, posteriormente, tamb\u00e9m por concurso p\u00fablico, como Procurador da Fazenda Nacional.<\/p>\n<p>Na AGU, Messias atuou nas consultorias jur\u00eddicas do Minist\u00e9rio da Educa\u00e7\u00e3o (2012), do Minist\u00e9rio da Ci\u00eancia, Tecnologia e Inova\u00e7\u00f5es (2011-2012), da Casa Civil (2014 e 2016). Desde 2023, atua como ministro de estado da AGU.<\/p>\n<p>\u00a0<\/p>\n<\/div>\n","protected":false},"excerpt":{"rendered":"<p>Por MRNews Mais de cinco meses ap\u00f3s o an\u00fancio da indica\u00e7\u00e3o, teve in\u00edcio a sabatina de Jorge Messias na Comiss\u00e3o de Constitui\u00e7\u00e3o e Justi\u00e7a (CCJ) do Senado, nesta quarta-feira (29), na busca de uma vaga de ministro do Supremo Tribunal Federal (STF). Ao abrir a fala, Messias destacou sua trajet\u00f3ria acad\u00eamica e profissional, defendendo a &#8230; <a title=\"Sabatina de Jorge Messias para o STF come\u00e7a no Senado\" class=\"read-more\" href=\"https:\/\/superinteressantes.com.br\/index.php\/2026\/04\/29\/sabatina-de-jorge-messias-para-o-stf-comeca-no-senado\/\" aria-label=\"More on Sabatina de Jorge Messias para o STF come\u00e7a no Senado\">Ler mais<\/a><\/p>\n","protected":false},"author":3,"featured_media":0,"comment_status":"","ping_status":"","sticky":false,"template":"","format":"standard","meta":{"footnotes":""},"categories":[1],"tags":[],"class_list":["post-36615","post","type-post","status-publish","format-standard","hentry","category-sem-categoria"],"amp_enabled":true,"_links":{"self":[{"href":"https:\/\/superinteressantes.com.br\/index.php\/wp-json\/wp\/v2\/posts\/36615","targetHints":{"allow":["GET"]}}],"collection":[{"href":"https:\/\/superinteressantes.com.br\/index.php\/wp-json\/wp\/v2\/posts"}],"about":[{"href":"https:\/\/superinteressantes.com.br\/index.php\/wp-json\/wp\/v2\/types\/post"}],"author":[{"embeddable":true,"href":"https:\/\/superinteressantes.com.br\/index.php\/wp-json\/wp\/v2\/users\/3"}],"replies":[{"embeddable":true,"href":"https:\/\/superinteressantes.com.br\/index.php\/wp-json\/wp\/v2\/comments?post=36615"}],"version-history":[{"count":0,"href":"https:\/\/superinteressantes.com.br\/index.php\/wp-json\/wp\/v2\/posts\/36615\/revisions"}],"wp:attachment":[{"href":"https:\/\/superinteressantes.com.br\/index.php\/wp-json\/wp\/v2\/media?parent=36615"}],"wp:term":[{"taxonomy":"category","embeddable":true,"href":"https:\/\/superinteressantes.com.br\/index.php\/wp-json\/wp\/v2\/categories?post=36615"},{"taxonomy":"post_tag","embeddable":true,"href":"https:\/\/superinteressantes.com.br\/index.php\/wp-json\/wp\/v2\/tags?post=36615"}],"curies":[{"name":"wp","href":"https:\/\/api.w.org\/{rel}","templated":true}]}}