{"id":36614,"date":"2026-04-29T10:32:49","date_gmt":"2026-04-29T13:32:49","guid":{"rendered":"https:\/\/superinteressantes.com.br\/index.php\/2026\/04\/29\/agencia-minas-gerais-leite-para-primeira-infancia-completa-um-ano-transformando-a-realidade-de-50-mil-familias\/"},"modified":"2026-04-29T10:32:49","modified_gmt":"2026-04-29T13:32:49","slug":"agencia-minas-gerais-leite-para-primeira-infancia-completa-um-ano-transformando-a-realidade-de-50-mil-familias","status":"publish","type":"post","link":"https:\/\/superinteressantes.com.br\/index.php\/2026\/04\/29\/agencia-minas-gerais-leite-para-primeira-infancia-completa-um-ano-transformando-a-realidade-de-50-mil-familias\/","title":{"rendered":"Ag\u00eancia Minas Gerais | Leite para Primeira Inf\u00e2ncia completa um ano transformando a realidade de 50 mil fam\u00edlias"},"content":{"rendered":"<p><\/p>\n<div>\n<section class=\"news-related \/ col-md-4 col-lg-3 \/ margin-md-bottom-2 margin-left-1 \/ pull-right \/ hidden-xs hidden-sm\">\n<header>\n<p class=\"text-title-section \/ margin-bottom-1\">Relacionadas<\/p>\n<\/header>\n<p>\t\t\t\t\t\t\t<main><\/p>\n<hr class=\"row margin-md-bottom-2\"\/>\n\t\t\t\t\t\t\t<\/main><br \/>\n\t\t\t\t\t\t<\/section>\n<p><figure class=\"image\" style=\"float:left\">&#13;<figcaption><sub><em>Sabrina Pereira\u00a0 &#8211; Prefeitura de Te\u00f3filo Otoni \/ Divulga\u00e7\u00e3o<\/em><\/sub><\/figcaption>&#13;<br \/>\n<\/figure>\n<p>&#13;<br \/>\n&#13;\n<\/p>\n<p>&#8220;Tem muitas m\u00e3es que n\u00e3o t\u00eam condi\u00e7\u00e3o de comprar o leite. Sou m\u00e3e de tr\u00eas filhos: Bianca, Elo\u00e1 e Edmilson, e eles foram contemplados com o programa. \u00c0s vezes, os filhos adoecem, n\u00e3o querem uma comida, mas tem um leite ali. Ent\u00e3o, ajuda muito a gente&#8221;, celebra Sabrina Pereira Ferreira.<\/p>\n<p>Moradora de Te\u00f3filo Otoni, a auxiliar de servi\u00e7os gerais estava entre as primeiras mulheres atendidas pelo Leite para a Primeira Inf\u00e2ncia no Vale do Mucuri. Assim como Sabrina, outras m\u00e3es solo comemoram o acesso gratuito ao leite, alimento essencial para os filhos mesmo nos momentos de maior dificuldade financeira.\u00a0<\/p>\n<p>Esse impacto tamb\u00e9m \u00e9 sentido por Isabel Reyes, que acompanha de perto a diferen\u00e7a do programa no crescimento do filho. &#8220;O programa ajuda muito o desenvolvimento da minha crian\u00e7a. Ele gosta muito do leite&#8221;, conta. Para Isabel, a vantagem vai al\u00e9m da mesa: \u00e9 a tranquilidade de saber que a nutri\u00e7\u00e3o dos filhos est\u00e1 assegurada toda semana.<\/p>\n<p>Lan\u00e7ado em abril de 2025 pelo Governo de Minas, o programa j\u00e1 faz parte da rotina de milhares de fam\u00edlias que recebem tr\u00eas litros de leite por semana para cada crian\u00e7a de 2 a 6 anos, ajudando na complementa\u00e7\u00e3o da alimenta\u00e7\u00e3o nessa fase essencial do desenvolvimento f\u00edsico e cognitivo.\u00a0<\/p>\n<p>O governador de Minas Gerais, Mateus Sim\u00f5es, destaca o significado do programa para a pol\u00edtica social do estado.\u00a0<br \/>&#13;<br \/>\n\u00a0<\/p>\n<table align=\"center\" border=\"0\" cellpadding=\"1\" cellspacing=\"1\" style=\"width: 100%;\">&#13;<\/p>\n<tbody>&#13;<\/p>\n<tr>&#13;<\/p>\n<td colspan=\"5\" style=\"text-align: center; vertical-align: middle;\">&#13;<\/p>\n<p style=\"text-align:center\">\n<p>&#13;\n\t\t\t<\/td>\n<p>&#13;<br \/>\n\t\t<\/tr>\n<p>&#13;<\/p>\n<tr>&#13;<\/p>\n<td style=\"text-align: center; vertical-align: middle;\">\u00a0<\/td>\n<p>&#13;<\/p>\n<td colspan=\"3\" rowspan=\"3\" style=\"text-align: center; vertical-align: middle;\">&#13;<br \/>\n\t\t\t&#13;\n\t\t\t<\/td>\n<p>&#13;<\/p>\n<td style=\"text-align: center; vertical-align: middle;\">\u00a0<\/td>\n<p>&#13;<br \/>\n\t\t<\/tr>\n<p>&#13;<\/p>\n<tr>&#13;<\/p>\n<td style=\"text-align: center; vertical-align: middle;\">\u00a0<\/td>\n<p>&#13;<\/p>\n<td style=\"text-align: center; vertical-align: middle;\">\u00a0<\/td>\n<p>&#13;<br \/>\n\t\t<\/tr>\n<p>&#13;<\/p>\n<tr>&#13;<\/p>\n<td style=\"text-align: center; vertical-align: middle;\">\u00a0<\/td>\n<p>&#13;<\/p>\n<td style=\"text-align: center; vertical-align: middle;\">\u00a0<\/td>\n<p>&#13;<br \/>\n\t\t<\/tr>\n<p>&#13;<\/p>\n<tr>&#13;<\/p>\n<td colspan=\"5\" style=\"text-align: center; vertical-align: middle;\">&#13;<\/p>\n<p style=\"text-align:center\">\n<p>&#13;\n\t\t\t<\/td>\n<p>&#13;<br \/>\n\t\t<\/tr>\n<p>&#13;<br \/>\n\t<\/tbody>\n<p>&#13;<br \/>\n<\/table>\n<p>&#13;<br \/>\nA iniciativa come\u00e7ou pelas regi\u00f5es de abrang\u00eancia do Instituto de Desenvolvimento do Norte e Nordeste de Minas (Idene), onde j\u00e1 atende quase 20 mil fam\u00edlias. Em um ano, o programa, liderado pela Secretaria de Estado de Desenvolvimento Social (Sedese), foi ampliado e j\u00e1 est\u00e1 presente em mais de cem munic\u00edpios mineiros, com mais de 1,4 milh\u00e3o de litros distribu\u00eddos.\u00a0<\/p>\n<p><strong>Grande BH <\/strong><\/p>\n<p>Recentemente, o Leite para a Primeira Inf\u00e2ncia chegou \u00e0 Regi\u00e3o Metropolitana de Belo Horizonte (RMBH), alcan\u00e7ando mais 20 mil fam\u00edlias.<\/p>\n<p>\u00c9 o caso da cuidadora de idosos Paloma Almeida, de Sabar\u00e1. M\u00e3e solo, ela \u00e9 respons\u00e1vel pelas crian\u00e7as e pela casa. &#8220;Eu passei por cirurgia no c\u00e9rebro, fiquei internada mais de um m\u00eas. Foi muito dif\u00edcil para mim e para as minhas filhas tamb\u00e9m. Este projeto chegou em boa hora e est\u00e1 me ajudando demais&#8221;, conta Paloma.<\/p>\n<p>O secret\u00e1rio de Estado interino de Desenvolvimento Social, Ricardo Alves, refor\u00e7a como o programa tem um impacto direto na vida das fam\u00edlias mineiras.\u00a0<br \/>&#13;<br \/>\n\u00a0<\/p>\n<table align=\"center\" border=\"0\" cellpadding=\"1\" cellspacing=\"1\" style=\"width: 100%;\">&#13;<\/p>\n<tbody>&#13;<\/p>\n<tr>&#13;<\/p>\n<td colspan=\"5\" style=\"text-align: center; vertical-align: middle;\">&#13;<\/p>\n<p style=\"text-align:center\">\n<p>&#13;\n\t\t\t<\/td>\n<p>&#13;<br \/>\n\t\t<\/tr>\n<p>&#13;<\/p>\n<tr>&#13;<\/p>\n<td style=\"text-align: center; vertical-align: middle;\">\u00a0<\/td>\n<p>&#13;<\/p>\n<td colspan=\"3\" rowspan=\"3\" style=\"text-align: center; vertical-align: middle;\">&#13;<br \/>\n\t\t\t&#13;\n\t\t\t<\/td>\n<p>&#13;<\/p>\n<td style=\"text-align: center; vertical-align: middle;\">\u00a0<\/td>\n<p>&#13;<br \/>\n\t\t<\/tr>\n<p>&#13;<\/p>\n<tr>&#13;<\/p>\n<td style=\"text-align: center; vertical-align: middle;\">\u00a0<\/td>\n<p>&#13;<\/p>\n<td style=\"text-align: center; vertical-align: middle;\">\u00a0<\/td>\n<p>&#13;<br \/>\n\t\t<\/tr>\n<p>&#13;<\/p>\n<tr>&#13;<\/p>\n<td style=\"text-align: center; vertical-align: middle;\">\u00a0<\/td>\n<p>&#13;<\/p>\n<td style=\"text-align: center; vertical-align: middle;\">\u00a0<\/td>\n<p>&#13;<br \/>\n\t\t<\/tr>\n<p>&#13;<\/p>\n<tr>&#13;<\/p>\n<td colspan=\"5\" style=\"text-align: center; vertical-align: middle;\">&#13;<\/p>\n<p style=\"text-align:center\">\n<p>&#13;\n\t\t\t<\/td>\n<p>&#13;<br \/>\n\t\t<\/tr>\n<p>&#13;<br \/>\n\t<\/tbody>\n<p>&#13;<br \/>\n<\/table>\n<p>&#13;<br \/>\n<strong>Fortalecimento do pequeno produtor<\/strong><\/p>\n<p>Al\u00e9m do impacto social, o programa fortalece a economia local. S\u00e3o 424 pequenos produtores credenciados como fornecedores exclusivos e cerca de R$ 3 milh\u00f5es repassados \u00e0 agricultura familiar em um ano, garantindo renda est\u00e1vel e pre\u00e7o justo no campo.\u00a0<\/p>\n<p>Produtor em Montes Claros, no Norte de Minas, Ananias Soares afirma que a iniciativa foi essencial para manter sua atividade. O programa paga R$ 2,81 por litro de leite, valor superior ao praticado no mercado, que gira em torno de R$ 1,30.<\/p>\n<p>&#8220;Eu gasto R$ 1,80 para produzir um litro de leite, ou seja, estava pagando para trabalhar. Com o programa, tenho tranquilidade e incentivo para continuar&#8221;, explica o produtor. Atualmente, ele fornece cerca de 1,5 mil litros por m\u00eas para o programa.<\/p>\n<p>Em Francisco Dumont, o produtor Alison Fonseca tamb\u00e9m percebe o impacto do programa. Com um plantel de 20 animais, ele fornece aproximadamente 750 litros mensais. &#8220;Com o valor que a gente recebe conseguimos tratar melhor o gado e manter a produ\u00e7\u00e3o, principalmente no per\u00edodo da seca, quando os custos aumentam&#8221;, destaca Francisco.<\/p>\n<p>O diretor-geral do Idene, Henrique Carvalho, refor\u00e7a como o programa cumpre um papel fundamental no campo e na alimenta\u00e7\u00e3o das crian\u00e7as. &#8220;Ao garantir um pre\u00e7o justo ao pequeno produtor, acima do valor de mercado, o programa cria uma cadeia virtuosa: o agricultor familiar tem renda digna para continuar produzindo, e a crian\u00e7a tem acesso a um alimento de qualidade. \u00c9 uma pol\u00edtica que cuida das duas pontas&#8221;, destaca Henrique.<\/p>\n<\/p><\/div>\n","protected":false},"excerpt":{"rendered":"<p>Relacionadas &#13;Sabrina Pereira\u00a0 &#8211; Prefeitura de Te\u00f3filo Otoni \/ Divulga\u00e7\u00e3o&#13; &#13; &#13; &#8220;Tem muitas m\u00e3es que n\u00e3o t\u00eam condi\u00e7\u00e3o de comprar o leite. Sou m\u00e3e de tr\u00eas filhos: Bianca, Elo\u00e1 e Edmilson, e eles foram contemplados com o programa. \u00c0s vezes, os filhos adoecem, n\u00e3o querem uma comida, mas tem um leite ali. Ent\u00e3o, ajuda &#8230; <a title=\"Ag\u00eancia Minas Gerais | Leite para Primeira Inf\u00e2ncia completa um ano transformando a realidade de 50 mil fam\u00edlias\" class=\"read-more\" href=\"https:\/\/superinteressantes.com.br\/index.php\/2026\/04\/29\/agencia-minas-gerais-leite-para-primeira-infancia-completa-um-ano-transformando-a-realidade-de-50-mil-familias\/\" aria-label=\"More on Ag\u00eancia Minas Gerais | Leite para Primeira Inf\u00e2ncia completa um ano transformando a realidade de 50 mil fam\u00edlias\">Ler mais<\/a><\/p>\n","protected":false},"author":1,"featured_media":0,"comment_status":"","ping_status":"","sticky":false,"template":"","format":"standard","meta":{"footnotes":""},"categories":[1],"tags":[],"class_list":["post-36614","post","type-post","status-publish","format-standard","hentry","category-sem-categoria"],"amp_enabled":true,"_links":{"self":[{"href":"https:\/\/superinteressantes.com.br\/index.php\/wp-json\/wp\/v2\/posts\/36614","targetHints":{"allow":["GET"]}}],"collection":[{"href":"https:\/\/superinteressantes.com.br\/index.php\/wp-json\/wp\/v2\/posts"}],"about":[{"href":"https:\/\/superinteressantes.com.br\/index.php\/wp-json\/wp\/v2\/types\/post"}],"author":[{"embeddable":true,"href":"https:\/\/superinteressantes.com.br\/index.php\/wp-json\/wp\/v2\/users\/1"}],"replies":[{"embeddable":true,"href":"https:\/\/superinteressantes.com.br\/index.php\/wp-json\/wp\/v2\/comments?post=36614"}],"version-history":[{"count":0,"href":"https:\/\/superinteressantes.com.br\/index.php\/wp-json\/wp\/v2\/posts\/36614\/revisions"}],"wp:attachment":[{"href":"https:\/\/superinteressantes.com.br\/index.php\/wp-json\/wp\/v2\/media?parent=36614"}],"wp:term":[{"taxonomy":"category","embeddable":true,"href":"https:\/\/superinteressantes.com.br\/index.php\/wp-json\/wp\/v2\/categories?post=36614"},{"taxonomy":"post_tag","embeddable":true,"href":"https:\/\/superinteressantes.com.br\/index.php\/wp-json\/wp\/v2\/tags?post=36614"}],"curies":[{"name":"wp","href":"https:\/\/api.w.org\/{rel}","templated":true}]}}