{"id":36602,"date":"2026-04-28T21:54:48","date_gmt":"2026-04-29T00:54:48","guid":{"rendered":"https:\/\/superinteressantes.com.br\/index.php\/2026\/04\/28\/prefeitura-de-joao-pessoa-apresenta-projetos-e-acoes-de-seguranca-alimentar-em-evento-na-colombia\/"},"modified":"2026-04-28T21:54:48","modified_gmt":"2026-04-29T00:54:48","slug":"prefeitura-de-joao-pessoa-apresenta-projetos-e-acoes-de-seguranca-alimentar-em-evento-na-colombia","status":"publish","type":"post","link":"https:\/\/superinteressantes.com.br\/index.php\/2026\/04\/28\/prefeitura-de-joao-pessoa-apresenta-projetos-e-acoes-de-seguranca-alimentar-em-evento-na-colombia\/","title":{"rendered":"Prefeitura de Jo\u00e3o Pessoa apresenta projetos e a\u00e7\u00f5es de seguran\u00e7a alimentar em evento na Col\u00f4mbia"},"content":{"rendered":"<p><\/p>\n<div>\n<p>A experi\u00eancia de Jo\u00e3o Pessoa na constru\u00e7\u00e3o de pol\u00edticas p\u00fablicas voltadas \u00e0 seguran\u00e7a alimentar e nutricional est\u00e1 em pauta na \u20183\u00aa Jornada Regional sobre Sistemas Alimentares Urbanos: Coopera\u00e7\u00e3o, evid\u00eancias e implementa\u00e7\u00e3o\u2019. O evento iniciou nesta segunda-feira (27) e tem programa\u00e7\u00e3o at\u00e9 a quarta-feira (29), em Bogot\u00e1, na Col\u00f4mbia.<\/p>\n<figure class=\"wp-block-gallery has-nested-images columns-default is-cropped wp-block-gallery-1 is-layout-flex wp-block-gallery-is-layout-flex\">\n<figure class=\"wp-block-image size-large\"><\/figure>\n<\/figure>\n<p>Em raz\u00e3o das a\u00e7\u00f5es desenvolvidas pelo Munic\u00edpio na implementa\u00e7\u00e3o da Estrat\u00e9gia Alimenta Cidades, a Secretaria de Desenvolvimento Social (Sedes) foi convidada a participar da programa\u00e7\u00e3o e integra o painel \u2018Cidades e governos subnacionais como plataformas territoriais de inova\u00e7\u00e3o e transforma\u00e7\u00e3o dos sistemas alimentares\u2019, nesta ter\u00e7a-feira (28).<\/p>\n<p>A representa\u00e7\u00e3o do Munic\u00edpio est\u00e1 a cargo do diretor de Economia Solid\u00e1ria e Seguran\u00e7a Alimentar e Nutricional, \u00cdtalo Proc\u00f3pio. \u201cEstamos levando aos pa\u00edses da Am\u00e9rica Latina a experi\u00eancia do Programa Bora Comer, que re\u00fane equipamentos de seguran\u00e7a alimentar como Restaurantes Populares, Cozinhas Comunit\u00e1rias e Banco de Alimentos. \u00c9 importante compartilhar esse trabalho e trocar experi\u00eancias que fortale\u00e7am as a\u00e7\u00f5es de seguran\u00e7a alimentar nos territ\u00f3rios\u201d, afirmou.<\/p>\n<p>O encontro integra as a\u00e7\u00f5es de um projeto internacional voltado ao fortalecimento da agenda regional de sistemas alimentares na Am\u00e9rica Latina e no Caribe, resultado de parceria entre o Governo do Brasil e a Organiza\u00e7\u00e3o das Na\u00e7\u00f5es Unidas para a Alimenta\u00e7\u00e3o e a Agricultura Food and Agriculture Organization (FAO).<\/p>\n<p>A iniciativa busca qualificar pol\u00edticas, programas e estrat\u00e9gias relacionadas \u00e0 produ\u00e7\u00e3o sustent\u00e1vel, ao abastecimento, ao acesso e ao consumo de alimentos, al\u00e9m de incluir a\u00e7\u00f5es voltadas \u00e0 igualdade de g\u00eanero e \u00e0 inclus\u00e3o de popula\u00e7\u00f5es em situa\u00e7\u00e3o de vulnerabilidade social.<\/p>\n<p>O evento re\u00fane representantes de governos nacionais e subnacionais, especialistas, pesquisadores, integrantes da sociedade civil e equipes t\u00e9cnicas da FAO para discutir pol\u00edticas e estrat\u00e9gias para os sistemas agroalimentares urbanos e periurbanos, com foco em coopera\u00e7\u00e3o, evid\u00eancias e articula\u00e7\u00e3o entre diferentes n\u00edveis de governan\u00e7a.<\/p>\n<\/p><\/div>\n","protected":false},"excerpt":{"rendered":"<p>A experi\u00eancia de Jo\u00e3o Pessoa na constru\u00e7\u00e3o de pol\u00edticas p\u00fablicas voltadas \u00e0 seguran\u00e7a alimentar e nutricional est\u00e1 em pauta na \u20183\u00aa Jornada Regional sobre Sistemas Alimentares Urbanos: Coopera\u00e7\u00e3o, evid\u00eancias e implementa\u00e7\u00e3o\u2019. O evento iniciou nesta segunda-feira (27) e tem programa\u00e7\u00e3o at\u00e9 a quarta-feira (29), em Bogot\u00e1, na Col\u00f4mbia. Em raz\u00e3o das a\u00e7\u00f5es desenvolvidas pelo Munic\u00edpio &#8230; <a title=\"Prefeitura de Jo\u00e3o Pessoa apresenta projetos e a\u00e7\u00f5es de seguran\u00e7a alimentar em evento na Col\u00f4mbia\" class=\"read-more\" href=\"https:\/\/superinteressantes.com.br\/index.php\/2026\/04\/28\/prefeitura-de-joao-pessoa-apresenta-projetos-e-acoes-de-seguranca-alimentar-em-evento-na-colombia\/\" aria-label=\"More on Prefeitura de Jo\u00e3o Pessoa apresenta projetos e a\u00e7\u00f5es de seguran\u00e7a alimentar em evento na Col\u00f4mbia\">Ler mais<\/a><\/p>\n","protected":false},"author":1,"featured_media":0,"comment_status":"","ping_status":"","sticky":false,"template":"","format":"standard","meta":{"footnotes":""},"categories":[1],"tags":[],"class_list":["post-36602","post","type-post","status-publish","format-standard","hentry","category-sem-categoria"],"amp_enabled":true,"_links":{"self":[{"href":"https:\/\/superinteressantes.com.br\/index.php\/wp-json\/wp\/v2\/posts\/36602","targetHints":{"allow":["GET"]}}],"collection":[{"href":"https:\/\/superinteressantes.com.br\/index.php\/wp-json\/wp\/v2\/posts"}],"about":[{"href":"https:\/\/superinteressantes.com.br\/index.php\/wp-json\/wp\/v2\/types\/post"}],"author":[{"embeddable":true,"href":"https:\/\/superinteressantes.com.br\/index.php\/wp-json\/wp\/v2\/users\/1"}],"replies":[{"embeddable":true,"href":"https:\/\/superinteressantes.com.br\/index.php\/wp-json\/wp\/v2\/comments?post=36602"}],"version-history":[{"count":0,"href":"https:\/\/superinteressantes.com.br\/index.php\/wp-json\/wp\/v2\/posts\/36602\/revisions"}],"wp:attachment":[{"href":"https:\/\/superinteressantes.com.br\/index.php\/wp-json\/wp\/v2\/media?parent=36602"}],"wp:term":[{"taxonomy":"category","embeddable":true,"href":"https:\/\/superinteressantes.com.br\/index.php\/wp-json\/wp\/v2\/categories?post=36602"},{"taxonomy":"post_tag","embeddable":true,"href":"https:\/\/superinteressantes.com.br\/index.php\/wp-json\/wp\/v2\/tags?post=36602"}],"curies":[{"name":"wp","href":"https:\/\/api.w.org\/{rel}","templated":true}]}}