{"id":36598,"date":"2026-04-28T19:34:05","date_gmt":"2026-04-28T22:34:05","guid":{"rendered":"https:\/\/superinteressantes.com.br\/index.php\/2026\/04\/28\/peca-sobre-violencia-domestica-e-feminicidio-mobiliza-mulheres-atendidas-pela-assistencia-social-do-rio-prefeitura-da-cidade-do-rio-de-janeiro\/"},"modified":"2026-04-28T19:34:05","modified_gmt":"2026-04-28T22:34:05","slug":"peca-sobre-violencia-domestica-e-feminicidio-mobiliza-mulheres-atendidas-pela-assistencia-social-do-rio-prefeitura-da-cidade-do-rio-de-janeiro","status":"publish","type":"post","link":"https:\/\/superinteressantes.com.br\/index.php\/2026\/04\/28\/peca-sobre-violencia-domestica-e-feminicidio-mobiliza-mulheres-atendidas-pela-assistencia-social-do-rio-prefeitura-da-cidade-do-rio-de-janeiro\/","title":{"rendered":"Pe\u00e7a sobre viol\u00eancia dom\u00e9stica e feminic\u00eddio mobiliza mulheres atendidas pela Assist\u00eancia Social do Rio &#8211; Prefeitura da Cidade do Rio de Janeiro"},"content":{"rendered":"<p><\/p>\n<div wp_automatic_readability=\"79.70879373849\">\n<div class=\"image-post\" wp_automatic_readability=\"34\">\n                     &#8220;O \u00daltimo Dia&#8221; est\u00e1 em cartaz no teatro do Centro Cultural Justi\u00e7a Federal at\u00e9 esta quarta-feira, 29 de abril. Foto: Divulga\u00e7\u00e3o\n                  <\/div>\n<p>A Secretaria Municipal de Assist\u00eancia Social (SMAS) do Rio tem utilizado o teatro como ferramenta para ampliar a discuss\u00e3o sobre viol\u00eancia dom\u00e9stica e a preven\u00e7\u00e3o ao feminic\u00eddio. Mulheres e homens que frequentam os servi\u00e7os de Conviv\u00eancia e Fortalecimento de V\u00ednculos (SCFV) e de Prote\u00e7\u00e3o e Atendimento Integral \u00e0 Fam\u00edlia (PAIF), nos Centros de Refer\u00eancia de Assist\u00eancia Social (CRAS) da cidade, assistiram, ao longo do m\u00eas de abril, a sess\u00f5es da pe\u00e7a \u201cO \u00daltimo Dia\u201d, no Centro Cultural Justi\u00e7a Federal, na Cinel\u00e2ndia.<\/p>\n<p>A iniciativa, que tamb\u00e9m levou \u00e0 plateia funcion\u00e1rias dos CRAS e de unidades de acolhimento, tem como objetivo jogar luz sobre a trag\u00e9dia cotidiana da viol\u00eancia contra a mulher, que faz v\u00edtimas, principalmente, no ambiente familiar. Para as duas sess\u00f5es desta semana, que marcam o encerramento da temporada da pe\u00e7a, s\u00e3o esperadas de 80 a 100 pessoas ligadas \u00e0 SMAS, entre t\u00e9cnicos, diretores, servidores, colaboradores e usu\u00e1rios dos servi\u00e7os da assist\u00eancia social do munic\u00edpio.<\/p>\n<p>\u201cO \u00daltimo Dia\u201d, que se baseia em livro hom\u00f4nimo da jornalista Mariana Reade e do desembargador do Tribunal de Justi\u00e7a do Rio de Janeiro (TJ-RJ), Wagner Cinelli, promove a reflex\u00e3o sobre o ciclo de abuso f\u00edsico, psicol\u00f3gico, sexual, moral e patrominal ao qual tantas mulheres s\u00e3o submetidas.<\/p>\n<p>Nos CRAS e nos CREAS (Centros de Refer\u00eancia Especializados de Assist\u00eancia Social), assim como no teatro, a SMAS tem distribu\u00eddo uma cartilha educativa, relacionada \u00e0 pe\u00e7a e com o t\u00edtulo \u201cO amor n\u00e3o machuca\u201d, para refor\u00e7ar a orienta\u00e7\u00e3o do p\u00fablico sobre o combate \u00e0 viol\u00eancia contra a mulher. O material lista sinais de um relacionamento abusivo e comportamentos considerados t\u00f3xicos, al\u00e9m de explicar os tipos de viol\u00eancia, com base na Lei Maria da Penha. H\u00e1 tamb\u00e9m explica\u00e7\u00f5es de termos como feminic\u00eddio e medida protetiva, al\u00e9m de informa\u00e7\u00f5es sobre como e a quem denunciar.<\/p>\n<blockquote wp_automatic_readability=\"11\">\n<p>\u2013 \u00c9 um tema urgente, e por isso temos a preocupa\u00e7\u00e3o de levar essa reflex\u00e3o ao maior n\u00famero poss\u00edvel de mulheres alcan\u00e7adas pela nossa rede de assist\u00eancia -, destaca a subsecret\u00e1ria de Prote\u00e7\u00e3o Social B\u00e1sica da SMAS, respons\u00e1vel pelos CRAS, Quesia Bet\u00e2nia de Almeida.<\/p>\n<\/blockquote>\n<p>Presente \u00e0 sess\u00e3o de estreia, no in\u00edcio do m\u00eas, a subsecret\u00e1ria de Prote\u00e7\u00e3o Social Especial da SMAS, J\u00e9ssica Almeida, ressalta que a pe\u00e7a aborda o feminic\u00eddio de forma realista e impactante. \u201cEsse debate precisa crescer, e o espet\u00e1culo prop\u00f5e ampliar essa discuss\u00e3o. O feminic\u00eddio apresenta n\u00fameros assustadores e inaceit\u00e1veis na sociedade brasileira\u201d, afirma.<\/p>\n<p>\u201cO \u00daltimo Dia\u201d estreou em 7 de abril, com espet\u00e1culos \u00e0s ter\u00e7as e quartas-feiras, \u00e0s 19h, e sai de cartaz no pr\u00f3ximo dia 29 no Centro Cultural Justi\u00e7a Federal. O ingresso de meia-entrada custa R$ 20. A dire\u00e7\u00e3o \u00e9 de Paulo Reis, e a produ\u00e7\u00e3o \u00e9 de Guilherme Nanni e Ana Capella. No elenco est\u00e3o Tain\u00e1 Senna, Eduardo Hoffmann, Ana Carbatti e Julia Tupinamb\u00e1.<\/p>\n<p><strong>Sobre o SCFV e o PAIF<\/strong><\/p>\n<p>O Servi\u00e7o de Conviv\u00eancia e Fortalecimento de V\u00ednculos (SCFV) e o Servi\u00e7o de Prote\u00e7\u00e3o e Atendimento Integral \u00e0 Fam\u00edlia (PAIF) s\u00e3o iniciativas de prote\u00e7\u00e3o social b\u00e1sica oferecidas nos CRAS para fortalecer la\u00e7os familiares e comunit\u00e1rios. As atividades do SCFV incluem programa\u00e7\u00e3o cultural (como pe\u00e7as de teatro), rodas de conversa, oficinas art\u00edsticas, passeios a locais de lazer e pr\u00e1tica de esportes. J\u00e1 o PAIF promove visitas domiciliares e acompanhamento familiar.<\/p>\n<p>             <!-- Compartilhe ---><\/p>\n<p>\t\t\t <!-- TAGS --><\/p>\n<section class=\"category-tags\">\n<div class=\"marcacao-category\">\n<article class=\"category-post\">\n<p>Categoria: <\/p>\n<\/article>\n<li>28 de abril de 2026<\/li><\/div>\n<article class=\"tags\">\n\t\t\t\t\tMarca\u00e7\u00f5es: CRAS pe\u00e7a SCFV servi\u00e7os de Conviv\u00eancia e Fortalecimento de V\u00ednculos teatro<br \/><\/article>\n<\/section>\n<p>            <!-- Mais Not&iacute;cias --><\/p>\n<p>\t\t<!-- Conte&uacute;do SIDEBAR --><\/p><\/div>\n","protected":false},"excerpt":{"rendered":"<p>&#8220;O \u00daltimo Dia&#8221; est\u00e1 em cartaz no teatro do Centro Cultural Justi\u00e7a Federal at\u00e9 esta quarta-feira, 29 de abril. Foto: Divulga\u00e7\u00e3o A Secretaria Municipal de Assist\u00eancia Social (SMAS) do Rio tem utilizado o teatro como ferramenta para ampliar a discuss\u00e3o sobre viol\u00eancia dom\u00e9stica e a preven\u00e7\u00e3o ao feminic\u00eddio. Mulheres e homens que frequentam os servi\u00e7os &#8230; <a title=\"Pe\u00e7a sobre viol\u00eancia dom\u00e9stica e feminic\u00eddio mobiliza mulheres atendidas pela Assist\u00eancia Social do Rio &#8211; Prefeitura da Cidade do Rio de Janeiro\" class=\"read-more\" href=\"https:\/\/superinteressantes.com.br\/index.php\/2026\/04\/28\/peca-sobre-violencia-domestica-e-feminicidio-mobiliza-mulheres-atendidas-pela-assistencia-social-do-rio-prefeitura-da-cidade-do-rio-de-janeiro\/\" aria-label=\"More on Pe\u00e7a sobre viol\u00eancia dom\u00e9stica e feminic\u00eddio mobiliza mulheres atendidas pela Assist\u00eancia Social do Rio &#8211; Prefeitura da Cidade do Rio de Janeiro\">Ler mais<\/a><\/p>\n","protected":false},"author":1,"featured_media":0,"comment_status":"","ping_status":"","sticky":false,"template":"","format":"standard","meta":{"footnotes":""},"categories":[1],"tags":[],"class_list":["post-36598","post","type-post","status-publish","format-standard","hentry","category-sem-categoria"],"amp_enabled":true,"_links":{"self":[{"href":"https:\/\/superinteressantes.com.br\/index.php\/wp-json\/wp\/v2\/posts\/36598","targetHints":{"allow":["GET"]}}],"collection":[{"href":"https:\/\/superinteressantes.com.br\/index.php\/wp-json\/wp\/v2\/posts"}],"about":[{"href":"https:\/\/superinteressantes.com.br\/index.php\/wp-json\/wp\/v2\/types\/post"}],"author":[{"embeddable":true,"href":"https:\/\/superinteressantes.com.br\/index.php\/wp-json\/wp\/v2\/users\/1"}],"replies":[{"embeddable":true,"href":"https:\/\/superinteressantes.com.br\/index.php\/wp-json\/wp\/v2\/comments?post=36598"}],"version-history":[{"count":0,"href":"https:\/\/superinteressantes.com.br\/index.php\/wp-json\/wp\/v2\/posts\/36598\/revisions"}],"wp:attachment":[{"href":"https:\/\/superinteressantes.com.br\/index.php\/wp-json\/wp\/v2\/media?parent=36598"}],"wp:term":[{"taxonomy":"category","embeddable":true,"href":"https:\/\/superinteressantes.com.br\/index.php\/wp-json\/wp\/v2\/categories?post=36598"},{"taxonomy":"post_tag","embeddable":true,"href":"https:\/\/superinteressantes.com.br\/index.php\/wp-json\/wp\/v2\/tags?post=36598"}],"curies":[{"name":"wp","href":"https:\/\/api.w.org\/{rel}","templated":true}]}}