{"id":36595,"date":"2026-04-28T17:11:43","date_gmt":"2026-04-28T20:11:43","guid":{"rendered":"https:\/\/superinteressantes.com.br\/index.php\/2026\/04\/28\/estudantes-do-ifsp-representam-o-brasil-em-competicao-internacional-de-robotica-em-miami-ifsp\/"},"modified":"2026-04-28T17:11:43","modified_gmt":"2026-04-28T20:11:43","slug":"estudantes-do-ifsp-representam-o-brasil-em-competicao-internacional-de-robotica-em-miami-ifsp","status":"publish","type":"post","link":"https:\/\/superinteressantes.com.br\/index.php\/2026\/04\/28\/estudantes-do-ifsp-representam-o-brasil-em-competicao-internacional-de-robotica-em-miami-ifsp\/","title":{"rendered":"Estudantes do IFSP representam o Brasil em competi\u00e7\u00e3o internacional de rob\u00f3tica em Miami &#8211; IFSP"},"content":{"rendered":"<p><\/p>\n<div>\n<div class=\"subtitle\">\n<p class=\"isSelectedEnd\">Equipe Brazilian Storm participa da First Robotics Competition e refor\u00e7a protagonismo juvenil e incentivo \u00e0 ci\u00eancia<\/p>\n<\/div>\n<p><!-- fim .content-header-options-1 --><\/p>\n<div>\n<div>\n<div class=\"n2-section-smartslider fitvidsignore  n2_clear\" data-ssid=\"118\">\n<div id=\"n2-ss-118-align\" class=\"n2-ss-align\">\n<div class=\"n2-padding\">\n<div id=\"n2-ss-118\" data-creator=\"Smart Slider 3\" data-responsive=\"auto\" class=\"n2-ss-slider n2-ow n2-has-hover n2notransition\">\n<div class=\"n2-ss-slider-wrapper-inside\">\n<div class=\"n2-ss-slider-1 n2_ss__touch_element n2-ow\">\n<div class=\"n2-ss-slider-2 n2-ow\">\n<div class=\"n2-ss-slider-3 n2-ow\">\n<div class=\"n2-ss-slider-4 n2-ow\">                         <svg xmlns=\"http:\/\/www.w3.org\/2000\/svg\" viewbox=\"0 0 750 500\" data-related-device=\"desktopPortrait\" class=\"n2-ow n2-ss-preserve-size n2-ss-preserve-size--slider n2-ss-slide-limiter\"\/><\/p>\n<div data-first=\"1\" data-slide-duration=\"0\" data-id=\"2084\" data-slide-public-id=\"1\" data-title=\"IMG-20260410-WA0018.jpg\" class=\"n2-ss-slide n2-ow  n2-ss-slide-2084\">\n<p>IMG-20260410-WA0018.jpg<\/p>\n<\/div>\n<div data-slide-duration=\"0\" data-id=\"2085\" data-slide-public-id=\"2\" aria-hidden=\"true\" data-title=\"IMG-20260411-WA0003.jpg\" class=\"n2-ss-slide n2-ow  n2-ss-slide-2085\">\n<p>IMG-20260411-WA0003.jpg<\/p>\n<\/div>\n<div data-slide-duration=\"0\" data-id=\"2086\" data-slide-public-id=\"3\" aria-hidden=\"true\" data-title=\"IMG-20260416-WA0122.jpg\" class=\"n2-ss-slide n2-ow  n2-ss-slide-2086\">\n<p>IMG-20260416-WA0122.jpg<\/p>\n<\/div>\n<div data-slide-duration=\"0\" data-id=\"2087\" data-slide-public-id=\"4\" aria-hidden=\"true\" data-title=\"IMG_4374.jpg\" class=\"n2-ss-slide n2-ow  n2-ss-slide-2087\">\n<p>IMG_4374.jpg<\/p>\n<\/div>\n<div data-slide-duration=\"0\" data-id=\"2089\" data-slide-public-id=\"5\" aria-hidden=\"true\" data-title=\"IMG_4431.jpg\" class=\"n2-ss-slide n2-ow  n2-ss-slide-2089\">\n<p>IMG_4431.jpg<\/p>\n<\/div>\n<div data-slide-duration=\"0\" data-id=\"2091\" data-slide-public-id=\"6\" aria-hidden=\"true\" data-title=\"IMG-20260416-WA0099.jpg\" class=\"n2-ss-slide n2-ow  n2-ss-slide-2091\">\n<p>IMG-20260416-WA0099.jpg<\/p>\n<\/div>\n<div data-slide-duration=\"0\" data-id=\"2092\" data-slide-public-id=\"7\" aria-hidden=\"true\" data-title=\"IMG-20260416-WA0129.jpg\" class=\"n2-ss-slide n2-ow  n2-ss-slide-2092\">\n<p>IMG-20260416-WA0129.jpg<\/p>\n<\/div>\n<div data-slide-duration=\"0\" data-id=\"2093\" data-slide-public-id=\"8\" aria-hidden=\"true\" data-title=\"IMG_4372.jpg\" class=\"n2-ss-slide n2-ow  n2-ss-slide-2093\">\n<p>IMG_4372.jpg<\/p>\n<\/div>\n<div data-slide-duration=\"0\" data-id=\"2094\" data-slide-public-id=\"9\" aria-hidden=\"true\" data-title=\"_MG_4269.jpg\" class=\"n2-ss-slide n2-ow  n2-ss-slide-2094\">\n<p>_MG_4269.jpg<\/p>\n<\/div>\n<div data-slide-duration=\"0\" data-id=\"2095\" data-slide-public-id=\"10\" aria-hidden=\"true\" data-title=\"IMG_4293.jpg\" class=\"n2-ss-slide n2-ow  n2-ss-slide-2095\">\n<p>IMG_4293.jpg<\/p>\n<\/div>\n<div data-slide-duration=\"0\" data-id=\"2096\" data-slide-public-id=\"11\" aria-hidden=\"true\" data-title=\"IMG-20260410-WA0019.jpg\" class=\"n2-ss-slide n2-ow  n2-ss-slide-2096\">\n<p>IMG-20260410-WA0019.jpg<\/p>\n<\/div>\n<div data-slide-duration=\"0\" data-id=\"2097\" data-slide-public-id=\"12\" aria-hidden=\"true\" data-title=\"IMG_4402.jpg\" class=\"n2-ss-slide n2-ow  n2-ss-slide-2097\">\n<p>IMG_4402.jpg<\/p>\n<\/div><\/div>\n<\/p><\/div>\n<\/p><\/div>\n<\/p><\/div>\n<\/p><\/div>\n<\/div>\n<p><ss3-loader\/><\/div>\n<\/div>\n<\/div>\n<\/div>\n<\/div>\n<p class=\"isSelectedEnd\">Pela primeira vez, estudantes do Campus S\u00e3o Jos\u00e9 dos Campos participaram de uma etapa internacional da First Robotics Competition, realizada entre os dias 8 e 11 de abril, em Miami, nos Estados Unidos. A presen\u00e7a no evento marca um momento hist\u00f3rico para o projeto Clube de Ci\u00eancias e Rob\u00f3tica Meninas nas Exatas SJC, consolidando o protagonismo estudantil e o incentivo \u00e0 ci\u00eancia, tecnologia e inova\u00e7\u00e3o.<\/p>\n<p class=\"isSelectedEnd\">A equipe, denominada Brazilian Storm, foi formada por sete estudantes do curso t\u00e9cnico em Mec\u00e2nica integrado ao ensino m\u00e9dio. Integram o time Emanuel Velasco Rodrigues, Fernando de Oliveira Penaforte, Kleuson Lucas Arteiro Pereira, Marcelly Cardoso Ramos de Morais e P\u00e9rola Silva dos Santos, todos com 16 anos e matriculados no 2\u00ba ano. Tamb\u00e9m fazem parte Lucas Ribeiro e Silva e Miguel Rosa Cardoso, ambos com 17 anos, estudantes do 3\u00ba ano, e coodenada pela profesora Maria Tereza Fabbro que tamb\u00e9m \u00e9 idealizadora dos projetos Clube de Ci\u00eancias e Meninas nas Exatas e Jovens Cientistas.<\/p>\n<p class=\"isSelectedEnd\">A sele\u00e7\u00e3o dos participantes considerou o desempenho ao longo da temporada, com crit\u00e9rios como frequ\u00eancia m\u00ednima de 70%, engajamento, comprometimento e evolu\u00e7\u00e3o individual, al\u00e9m da fun\u00e7\u00e3o exercida por cada integrante na equipe. A prepara\u00e7\u00e3o exigiu intensa dedica\u00e7\u00e3o t\u00e9cnica e organizacional, especialmente no desenvolvimento e nos testes do rob\u00f4 utilizado na competi\u00e7\u00e3o.<\/p>\n<p class=\"isSelectedEnd\">Entre os principais desafios enfrentados esteve a gest\u00e3o do tempo. Conciliar as demandas escolares com a prepara\u00e7\u00e3o t\u00e9cnica exigiu disciplina e organiza\u00e7\u00e3o, contando com o apoio fundamental dos professores do IFSP.<\/p>\n<p class=\"isSelectedEnd\">A equipe alcan\u00e7ou um bom desempenho, posicionando-se \u00e0 frente de grupos experientes. Al\u00e9m disso, levou para o evento uma manifesta\u00e7\u00e3o cultural brasileira relacionada ao conceito de \u201cGracious Professionalism\u201d, que foi adotada por outras equipes e at\u00e9 mencionada pelo narrador da competi\u00e7\u00e3o, ampliando sua visibilidade internacional da equipe.<\/p>\n<p class=\"isSelectedEnd\">A participa\u00e7\u00e3o internacional tamb\u00e9m refor\u00e7a o protagonismo feminino nas \u00e1reas de STEM (Ci\u00eancia, Tecnologia, Engenharia e Matem\u00e1tica), uma das bases do projeto Meninas nas Exatas e Jovens Cientistas, que atua em parceria com a equipe desde o in\u00edcio de 2025.<\/p>\n<p class=\"isSelectedEnd\">Na pr\u00e1tica, o projeto \u00e9 resultado de uma colabora\u00e7\u00e3o entre o IFSP, a Escola Estadual Alceu Maynard Ara\u00fajo e a Associa\u00e7\u00e3o Joseense para Apoio \u00e0 Pesquisa e Ensino em Tecnologia (AJAPET). A escola estadual funciona como sede das atividades, abrigando o Clubinho de Rob\u00f3tica, realizado aos s\u00e1bados com estudantes do 6\u00ba ao 9\u00ba ano, al\u00e9m de oferecer infraestrutura para o desenvolvimento dos projetos.<\/p>\n<p class=\"isSelectedEnd\">O modelo de atua\u00e7\u00e3o promove um ciclo formativo cont\u00ednuo: estudantes do IFSP integram a equipe competitiva e tamb\u00e9m atuam como mentores de alunos mais jovens, fortalecendo valores como inclus\u00e3o, equidade e respeito.<\/p>\n<p class=\"isSelectedEnd\">A viabiliza\u00e7\u00e3o da participa\u00e7\u00e3o internacional contou com o apoio de patrocinadores, respons\u00e1veis por custear despesas como inscri\u00e7\u00e3o e deslocamento. O IFSP tamb\u00e9m contribui institucionalmente, por meio de editais de apoio a discentes.<\/p>\n<p class=\"isSelectedEnd\">A expectativa \u00e9 de continuidade. O grupo pretende participar de novas competi\u00e7\u00f5es e expandir suas a\u00e7\u00f5es, ampliando o alcance da forma\u00e7\u00e3o cient\u00edfica e tecnol\u00f3gica de jovens.<\/p>\n<p class=\"isSelectedEnd\">Para Fernando de Oliveira Penaforte, a experi\u00eancia vai al\u00e9m da competi\u00e7\u00e3o. \u201cA iniciativa dos times Brazilian Storm e Sanja Storm \u00e9 excepcional. Tornar uma competi\u00e7\u00e3o de rob\u00f3tica acess\u00edvel, sediada em escola p\u00fablica e aberta a diferentes estudantes, nos d\u00e1 clareza sobre caminhos profissionais. Aprendemos a desenvolver projetos, apresentar ideias e nos conectar com empresas, o que abre portas para o futuro\u201d, afirma.<\/p>\n<p class=\"isSelectedEnd\">J\u00e1 P\u00e9rola Silva dos Santos destaca o aprendizado coletivo. \u201cEstar nessa disputa em Miami foi uma experi\u00eancia incr\u00edvel e um marco importante para o nosso time. Sab\u00edamos que o n\u00edvel seria alto, ent\u00e3o focamos ao m\u00e1ximo em testar o nosso rob\u00f4. Tivemos um bom desempenho e ficamos bem colocados. O maior ganho foi a troca de experi\u00eancias e o aprendizado. Voltamos com novas ideias para melhorar o projeto. Nada disso seria poss\u00edvel sem o apoio de familiares, mentores, patrocinadores e, especialmente, do Instituto Federal de S\u00e3o Paulo\u201d, relata.<\/p>\n<p>A participa\u00e7\u00e3o na competi\u00e7\u00e3o internacional simboliza mais do que um avan\u00e7o t\u00e9cnico: representa a constru\u00e7\u00e3o de oportunidades, o fortalecimento da educa\u00e7\u00e3o p\u00fablica e a certeza de que investir em jovens talentos \u00e9 apostar em futuros poss\u00edveis.<\/p>\n<\/div>\n","protected":false},"excerpt":{"rendered":"<p>Equipe Brazilian Storm participa da First Robotics Competition e refor\u00e7a protagonismo juvenil e incentivo \u00e0 ci\u00eancia IMG-20260410-WA0018.jpg IMG-20260411-WA0003.jpg IMG-20260416-WA0122.jpg IMG_4374.jpg IMG_4431.jpg IMG-20260416-WA0099.jpg IMG-20260416-WA0129.jpg IMG_4372.jpg _MG_4269.jpg IMG_4293.jpg IMG-20260410-WA0019.jpg IMG_4402.jpg Pela primeira vez, estudantes do Campus S\u00e3o Jos\u00e9 dos Campos participaram de uma etapa internacional da First Robotics Competition, realizada entre os dias 8 e 11 de &#8230; <a title=\"Estudantes do IFSP representam o Brasil em competi\u00e7\u00e3o internacional de rob\u00f3tica em Miami &#8211; IFSP\" class=\"read-more\" href=\"https:\/\/superinteressantes.com.br\/index.php\/2026\/04\/28\/estudantes-do-ifsp-representam-o-brasil-em-competicao-internacional-de-robotica-em-miami-ifsp\/\" aria-label=\"More on Estudantes do IFSP representam o Brasil em competi\u00e7\u00e3o internacional de rob\u00f3tica em Miami &#8211; IFSP\">Ler mais<\/a><\/p>\n","protected":false},"author":1,"featured_media":0,"comment_status":"","ping_status":"","sticky":false,"template":"","format":"standard","meta":{"footnotes":""},"categories":[1],"tags":[],"class_list":["post-36595","post","type-post","status-publish","format-standard","hentry","category-sem-categoria"],"amp_enabled":true,"_links":{"self":[{"href":"https:\/\/superinteressantes.com.br\/index.php\/wp-json\/wp\/v2\/posts\/36595","targetHints":{"allow":["GET"]}}],"collection":[{"href":"https:\/\/superinteressantes.com.br\/index.php\/wp-json\/wp\/v2\/posts"}],"about":[{"href":"https:\/\/superinteressantes.com.br\/index.php\/wp-json\/wp\/v2\/types\/post"}],"author":[{"embeddable":true,"href":"https:\/\/superinteressantes.com.br\/index.php\/wp-json\/wp\/v2\/users\/1"}],"replies":[{"embeddable":true,"href":"https:\/\/superinteressantes.com.br\/index.php\/wp-json\/wp\/v2\/comments?post=36595"}],"version-history":[{"count":0,"href":"https:\/\/superinteressantes.com.br\/index.php\/wp-json\/wp\/v2\/posts\/36595\/revisions"}],"wp:attachment":[{"href":"https:\/\/superinteressantes.com.br\/index.php\/wp-json\/wp\/v2\/media?parent=36595"}],"wp:term":[{"taxonomy":"category","embeddable":true,"href":"https:\/\/superinteressantes.com.br\/index.php\/wp-json\/wp\/v2\/categories?post=36595"},{"taxonomy":"post_tag","embeddable":true,"href":"https:\/\/superinteressantes.com.br\/index.php\/wp-json\/wp\/v2\/tags?post=36595"}],"curies":[{"name":"wp","href":"https:\/\/api.w.org\/{rel}","templated":true}]}}