{"id":36589,"date":"2026-04-28T11:41:39","date_gmt":"2026-04-28T14:41:39","guid":{"rendered":"https:\/\/superinteressantes.com.br\/index.php\/2026\/04\/28\/lancados-os-editais-de-iniciacao-cientifica-e-tecnologica-com-bolsas-do-cnpq-2026-2027-ifsp\/"},"modified":"2026-04-28T11:41:39","modified_gmt":"2026-04-28T14:41:39","slug":"lancados-os-editais-de-iniciacao-cientifica-e-tecnologica-com-bolsas-do-cnpq-2026-2027-ifsp","status":"publish","type":"post","link":"https:\/\/superinteressantes.com.br\/index.php\/2026\/04\/28\/lancados-os-editais-de-iniciacao-cientifica-e-tecnologica-com-bolsas-do-cnpq-2026-2027-ifsp\/","title":{"rendered":"Lan\u00e7ados os editais de Inicia\u00e7\u00e3o Cient\u00edfica e Tecnol\u00f3gica com bolsas do CNPq 2026\/2027 &#8211; IFSP"},"content":{"rendered":"<p><\/p>\n<div>\n<div class=\"subtitle\">\n<p>O prazo de submiss\u00e3o vai at\u00e9 \u00e0s 18h do dia 28 de maio<\/p>\n<\/div>\n<p><!-- fim .content-header-options-1 --><\/p>\n<p>A PRP lan\u00e7ou os editais de inicia\u00e7\u00e3o cient\u00edfica e tecnol\u00f3gica com fomento de bolsas do CNPq, edi\u00e7\u00e3o 2026\/2027. No total, est\u00e3o previstas 135 bolsas de inicia\u00e7\u00e3o por 12 meses e as oportunidades abrangem os programas PIBIC, PIBITI, PIBIC-EM e PIBIC-Af.<\/p>\n<p><span style=\"font-weight: 400;\">Uma das principais novidades para este ciclo \u00e9 a obrigatoriedade de seguir a <\/span>Pol\u00edtica de Integridade na Atividade Cient\u00edfica do CNPq <span style=\"font-weight: 400;\">(<\/span><span style=\"font-weight: 400;\">Portaria n\u00ba 2.664\/2026<\/span><span style=\"font-weight: 400;\">). De acordo com a Portaria, \u00e9 vedada a submiss\u00e3o de conte\u00fado gerado por Intelig\u00eancia Artificial Generativa (IAG) como se fosse de autoria humana. O pesquisador proponente \u00e9 integralmente respons\u00e1vel pelo conte\u00fado final, incluindo eventuais pl\u00e1gios ou imprecis\u00f5es geradas por ferramentas de IA e, caso utilize ferramentas de IAG em qualquer fase (concep\u00e7\u00e3o, reda\u00e7\u00e3o ou revis\u00e3o), o proponente deve declarar explicitamente no projeto a ferramenta utilizada e sua finalidade.<\/span><\/p>\n<p>As inscri\u00e7\u00f5es devem ser realizadas exclusivamente pela pessoa servidora do IFSP, por meio do m\u00f3dulo Pesquisa do Suap.<\/p>\n<p><span style=\"font-weight: 400;\">O <\/span>prazo de inscri\u00e7\u00e3o<span style=\"font-weight: 400;\"> vai at\u00e9 \u00e0s 18 horas do dia 28 de maio de 2026. Assim, a equipe poder\u00e1 acompanhar qualquer instabilidade no sistema e ter\u00e1 condi\u00e7\u00f5es de agir para evitar qualquer preju\u00edzo de submiss\u00e3o aos interessados.\u00a0<\/span><\/p>\n<p><span style=\"font-weight: 400;\">O edital traz uma novidade: a inser\u00e7\u00e3o de um <\/span>prazo para corre\u00e7\u00e3o de poss\u00edveis pend\u00eancias<span style=\"font-weight: 400;\">. Agora o servidor pode corrigir pend\u00eancias em editais passados at\u00e9 o dia 25\/05\/2026 e, corrigidas as pend\u00eancias, participar normalmente do edital.\u00a0<\/span><\/p>\n<p><strong>Novidades para os bolsistas<\/strong><\/p>\n<p><span style=\"font-weight: 400;\">&#8211; O bolsista de Inicia\u00e7\u00e3o Cient\u00edfica ou Tecnol\u00f3gica poder\u00e1 ser<\/span> Microempreendedor Individual (MEI)<span style=\"font-weight: 400;\"> ou s\u00f3cio cotista minorit\u00e1rio em empresa, desde que n\u00e3o haja remunera\u00e7\u00e3o no per\u00edodo de usufruto da bolsa.<\/span><\/p>\n<p><span style=\"font-weight: 400;\">&#8211; Estudantes que estejam em <\/span>est\u00e1gio obrigat\u00f3rio ou n\u00e3o obrigat\u00f3rio<span style=\"font-weight: 400;\"> tamb\u00e9m poder\u00e3o ser bolsistas, desde que o orientador declare que o est\u00e1gio n\u00e3o afetar\u00e1 as atividades acad\u00eamicas e de pesquisa.\u00a0<\/span><\/p>\n<p><span style=\"font-weight: 400;\">&#8211; \u00c9 permitido o <\/span>ac\u00famulo de bolsa de inicia\u00e7\u00e3o cient\u00edfica ou tecnol\u00f3gica com aux\u00edlios de mobilidade acad\u00eamica<span style=\"font-weight: 400;\">, nacional ou internacional, pelo per\u00edodo de at\u00e9 6 (seis) meses, desde que o objeto de mobilidade esteja relacionado com o projeto de pesquisa do bolsista.<\/span><\/p>\n<p><span style=\"font-weight: 400;\">Acesse a p\u00e1gina dos editais <\/span><span style=\"font-weight: 400;\">e saiba mais.<\/span><\/p>\n<p>\u00a0<\/p>\n<\/div>\n","protected":false},"excerpt":{"rendered":"<p>O prazo de submiss\u00e3o vai at\u00e9 \u00e0s 18h do dia 28 de maio A PRP lan\u00e7ou os editais de inicia\u00e7\u00e3o cient\u00edfica e tecnol\u00f3gica com fomento de bolsas do CNPq, edi\u00e7\u00e3o 2026\/2027. No total, est\u00e3o previstas 135 bolsas de inicia\u00e7\u00e3o por 12 meses e as oportunidades abrangem os programas PIBIC, PIBITI, PIBIC-EM e PIBIC-Af. Uma das &#8230; <a title=\"Lan\u00e7ados os editais de Inicia\u00e7\u00e3o Cient\u00edfica e Tecnol\u00f3gica com bolsas do CNPq 2026\/2027 &#8211; IFSP\" class=\"read-more\" href=\"https:\/\/superinteressantes.com.br\/index.php\/2026\/04\/28\/lancados-os-editais-de-iniciacao-cientifica-e-tecnologica-com-bolsas-do-cnpq-2026-2027-ifsp\/\" aria-label=\"More on Lan\u00e7ados os editais de Inicia\u00e7\u00e3o Cient\u00edfica e Tecnol\u00f3gica com bolsas do CNPq 2026\/2027 &#8211; IFSP\">Ler mais<\/a><\/p>\n","protected":false},"author":1,"featured_media":0,"comment_status":"","ping_status":"","sticky":false,"template":"","format":"standard","meta":{"footnotes":""},"categories":[1],"tags":[],"class_list":["post-36589","post","type-post","status-publish","format-standard","hentry","category-sem-categoria"],"amp_enabled":true,"_links":{"self":[{"href":"https:\/\/superinteressantes.com.br\/index.php\/wp-json\/wp\/v2\/posts\/36589","targetHints":{"allow":["GET"]}}],"collection":[{"href":"https:\/\/superinteressantes.com.br\/index.php\/wp-json\/wp\/v2\/posts"}],"about":[{"href":"https:\/\/superinteressantes.com.br\/index.php\/wp-json\/wp\/v2\/types\/post"}],"author":[{"embeddable":true,"href":"https:\/\/superinteressantes.com.br\/index.php\/wp-json\/wp\/v2\/users\/1"}],"replies":[{"embeddable":true,"href":"https:\/\/superinteressantes.com.br\/index.php\/wp-json\/wp\/v2\/comments?post=36589"}],"version-history":[{"count":0,"href":"https:\/\/superinteressantes.com.br\/index.php\/wp-json\/wp\/v2\/posts\/36589\/revisions"}],"wp:attachment":[{"href":"https:\/\/superinteressantes.com.br\/index.php\/wp-json\/wp\/v2\/media?parent=36589"}],"wp:term":[{"taxonomy":"category","embeddable":true,"href":"https:\/\/superinteressantes.com.br\/index.php\/wp-json\/wp\/v2\/categories?post=36589"},{"taxonomy":"post_tag","embeddable":true,"href":"https:\/\/superinteressantes.com.br\/index.php\/wp-json\/wp\/v2\/tags?post=36589"}],"curies":[{"name":"wp","href":"https:\/\/api.w.org\/{rel}","templated":true}]}}