{"id":36586,"date":"2026-04-28T08:32:41","date_gmt":"2026-04-28T11:32:41","guid":{"rendered":"https:\/\/superinteressantes.com.br\/index.php\/2026\/04\/28\/neste-sabado-25-foi-realizada-uma-entrega-muito-importante-e-aguardada-pela-populacao-do-bairro-santa-luzia\/"},"modified":"2026-04-28T08:32:41","modified_gmt":"2026-04-28T11:32:41","slug":"neste-sabado-25-foi-realizada-uma-entrega-muito-importante-e-aguardada-pela-populacao-do-bairro-santa-luzia","status":"publish","type":"post","link":"https:\/\/superinteressantes.com.br\/index.php\/2026\/04\/28\/neste-sabado-25-foi-realizada-uma-entrega-muito-importante-e-aguardada-pela-populacao-do-bairro-santa-luzia\/","title":{"rendered":"Neste s\u00e1bado (25), foi realizada uma entrega muito importante e aguardada pela popula\u00e7\u00e3o do bairro Santa Luzia"},"content":{"rendered":"<p><\/p>\n<div>\n<p>Neste s\u00e1bado (25), foi realizada uma entrega muito importante e aguardada pela popula\u00e7\u00e3o do bairro Santa Luzia. Um espa\u00e7o que, no passado, era utilizado como lix\u00e3o, foi transformado em parque, mas acabou sendo novamente abandonado ao longo do tempo.<\/p>\n<p>Agora, o local ganha um novo cap\u00edtulo em sua hist\u00f3ria. O parque foi revitalizado e devolvido \u00e0 comunidade, voltando a ser um espa\u00e7o de lazer, conviv\u00eancia e bem-estar para os moradores do bairro.<\/p>\n<p>A reinaugura\u00e7\u00e3o marcou um momento especial, que certamente ficar\u00e1 na mem\u00f3ria de todos que acompanharam essa transforma\u00e7\u00e3o e que agora poder\u00e3o aproveitar novamente esse importante espa\u00e7o p\u00fablico.<\/p>\n<p>D\u00ea o play no v\u00eddeo e confira como foi esse momento t\u00e3o significativo para o Santa Luzia.<\/p>\n<\/p><\/div>\n","protected":false},"excerpt":{"rendered":"<p>Neste s\u00e1bado (25), foi realizada uma entrega muito importante e aguardada pela popula\u00e7\u00e3o do bairro Santa Luzia. Um espa\u00e7o que, no passado, era utilizado como lix\u00e3o, foi transformado em parque, mas acabou sendo novamente abandonado ao longo do tempo. Agora, o local ganha um novo cap\u00edtulo em sua hist\u00f3ria. O parque foi revitalizado e devolvido &#8230; <a title=\"Neste s\u00e1bado (25), foi realizada uma entrega muito importante e aguardada pela popula\u00e7\u00e3o do bairro Santa Luzia\" class=\"read-more\" href=\"https:\/\/superinteressantes.com.br\/index.php\/2026\/04\/28\/neste-sabado-25-foi-realizada-uma-entrega-muito-importante-e-aguardada-pela-populacao-do-bairro-santa-luzia\/\" aria-label=\"More on Neste s\u00e1bado (25), foi realizada uma entrega muito importante e aguardada pela popula\u00e7\u00e3o do bairro Santa Luzia\">Ler mais<\/a><\/p>\n","protected":false},"author":1,"featured_media":0,"comment_status":"","ping_status":"","sticky":false,"template":"","format":"standard","meta":{"footnotes":""},"categories":[1],"tags":[],"class_list":["post-36586","post","type-post","status-publish","format-standard","hentry","category-sem-categoria"],"amp_enabled":true,"_links":{"self":[{"href":"https:\/\/superinteressantes.com.br\/index.php\/wp-json\/wp\/v2\/posts\/36586","targetHints":{"allow":["GET"]}}],"collection":[{"href":"https:\/\/superinteressantes.com.br\/index.php\/wp-json\/wp\/v2\/posts"}],"about":[{"href":"https:\/\/superinteressantes.com.br\/index.php\/wp-json\/wp\/v2\/types\/post"}],"author":[{"embeddable":true,"href":"https:\/\/superinteressantes.com.br\/index.php\/wp-json\/wp\/v2\/users\/1"}],"replies":[{"embeddable":true,"href":"https:\/\/superinteressantes.com.br\/index.php\/wp-json\/wp\/v2\/comments?post=36586"}],"version-history":[{"count":0,"href":"https:\/\/superinteressantes.com.br\/index.php\/wp-json\/wp\/v2\/posts\/36586\/revisions"}],"wp:attachment":[{"href":"https:\/\/superinteressantes.com.br\/index.php\/wp-json\/wp\/v2\/media?parent=36586"}],"wp:term":[{"taxonomy":"category","embeddable":true,"href":"https:\/\/superinteressantes.com.br\/index.php\/wp-json\/wp\/v2\/categories?post=36586"},{"taxonomy":"post_tag","embeddable":true,"href":"https:\/\/superinteressantes.com.br\/index.php\/wp-json\/wp\/v2\/tags?post=36586"}],"curies":[{"name":"wp","href":"https:\/\/api.w.org\/{rel}","templated":true}]}}