{"id":36574,"date":"2026-04-27T22:19:47","date_gmt":"2026-04-28T01:19:47","guid":{"rendered":"https:\/\/superinteressantes.com.br\/index.php\/2026\/04\/27\/momento-geek-da-tv-cidade-vence-premio-de-melhor-programa-nerd-da-paraiba-em-2026\/"},"modified":"2026-04-27T22:19:47","modified_gmt":"2026-04-28T01:19:47","slug":"momento-geek-da-tv-cidade-vence-premio-de-melhor-programa-nerd-da-paraiba-em-2026","status":"publish","type":"post","link":"https:\/\/superinteressantes.com.br\/index.php\/2026\/04\/27\/momento-geek-da-tv-cidade-vence-premio-de-melhor-programa-nerd-da-paraiba-em-2026\/","title":{"rendered":"Momento Geek, da TV Cidade, vence pr\u00eamio de Melhor Programa Nerd da Para\u00edba em 2026"},"content":{"rendered":"<p><\/p>\n<div>\n<p>O programa Momento Geek, exibido pela TV Cidade Jo\u00e3o Pessoa, foi eleito o melhor programa nerd de TV da Para\u00edba em 2026, durante a premia\u00e7\u00e3o \u2018Melhores do Ano\u2019, organizada pelo perfil Nerdeste PB, e realizada neste domingo (26). A entrega do pr\u00eamio aconteceu em Campina Grande, dentro da programa\u00e7\u00e3o do evento Nerdeste Day, que reuniu f\u00e3s da cultura pop, criadores de conte\u00fado e representantes da cena geek do estado.<\/p>\n<figure class=\"wp-block-gallery has-nested-images columns-default is-cropped wp-block-gallery-1 is-layout-flex wp-block-gallery-is-layout-flex\">\n<figure class=\"wp-block-image size-large\"><\/figure>\n<figure class=\"wp-block-image size-large\"><\/figure>\n<figure class=\"wp-block-image size-large\"><\/figure>\n<\/figure>\n<p>O apresentador e respons\u00e1vel pela produ\u00e7\u00e3o e edi\u00e7\u00e3o do programa, Igor Fabr\u00edcio, comemorou o reconhecimento e destacou a import\u00e2ncia do p\u00fablico na trajet\u00f3ria da atra\u00e7\u00e3o. Segundo ele, o pr\u00eamio representa n\u00e3o apenas uma conquista profissional, mas tamb\u00e9m um incentivo pessoal.<\/p>\n<p>\u201cPara mim foi uma honra enorme vencer este ano com o programa que eu produzo, gravo e edito! Ter um programa do segmento geek no ar h\u00e1 tanto tempo em TV aberta \u00e9 um marco para a comunica\u00e7\u00e3o na Para\u00edba. S\u00e3o 103 edi\u00e7\u00f5es, at\u00e9 ent\u00e3o, e isso me deixa muito feliz mesmo\u201d, falou Igor.<\/p>\n<p>Ainda de acordo com o apresentador, o apoio do p\u00fablico \u00e9 essencial para manter o projeto ativo e consolidado, resultando em mais de 100 edi\u00e7\u00f5es produzidas e exibidas em TV aberta nos \u00faltimos dois anos. \u201cA vota\u00e7\u00e3o foi popular ent\u00e3o mostra que as pessoas assistem o programa e ajudam a manter ele no ar\u201d, completou.<\/p>\n<p>Para Juliane Ramalho, diretora geral da TV Cidade, \u201co pr\u00eamio refor\u00e7a o empenho da TV Cidade em produzir conte\u00fados diversos, com o carinho e a qualidade que a nossa audi\u00eancia merece. \u00c9 mais um reconhecimento que sinaliza que estamos no caminho certo\u201d.<\/p>\n<p>Juliane acrescentou a import\u00e2ncia de levar o mundo geek ao p\u00fablico. \u201cO universo da cultura pop \u00e9 rico, diverso e sempre muito cheio de novidades. Levar tudo isso ao grande p\u00fablico \u00e9 interessante, inclusive porque o conte\u00fado geek geralmente alcan\u00e7a um p\u00fablico mais espec\u00edfico e n\u00f3s acabamos furando essa bolha\u201d, destacou.<\/p>\n<p>O Momento Geek vai ao ar na TV aberta pelos canais 6.3 e 50, al\u00e9m de contar com conte\u00fados complementares nas redes sociais da emissora e do apresentador.<\/p>\n<p><strong>TV Cidade<\/strong> \u2013 A TV Cidade Jo\u00e3o Pessoa (TVC) \u00e9 uma emissora de televis\u00e3o p\u00fablica, educativa e cultural da Prefeitura Municipal de Jo\u00e3o Pessoa, focada em transpar\u00eancia, educa\u00e7\u00e3o e valoriza\u00e7\u00e3o local. Atualmente, ela opera no canal 50 (aberto digital) e oferece programa\u00e7\u00e3o educativa, esportiva e cultural.<\/p>\n<p><strong>Nerdeste Day<\/strong> \u2013 \u00c9 um movimento que nasceu em meio \u00e0 pandemia, quando a dist\u00e2ncia fez com que todos buscassem novas formas de conex\u00e3o. O projeto come\u00e7ou como um canal para divulgar o universo geek e rapidamente se transformou em uma refer\u00eancia cultural em todo o Nordeste. O Nerdeste cresceu com a for\u00e7a e a criatividade de uma comunidade apaixonada por games, cosplay, quadrinhos, m\u00fasica e tudo que envolve o mundo nerd.<\/p>\n<\/p><\/div>\n","protected":false},"excerpt":{"rendered":"<p>O programa Momento Geek, exibido pela TV Cidade Jo\u00e3o Pessoa, foi eleito o melhor programa nerd de TV da Para\u00edba em 2026, durante a premia\u00e7\u00e3o \u2018Melhores do Ano\u2019, organizada pelo perfil Nerdeste PB, e realizada neste domingo (26). A entrega do pr\u00eamio aconteceu em Campina Grande, dentro da programa\u00e7\u00e3o do evento Nerdeste Day, que reuniu &#8230; <a title=\"Momento Geek, da TV Cidade, vence pr\u00eamio de Melhor Programa Nerd da Para\u00edba em 2026\" class=\"read-more\" href=\"https:\/\/superinteressantes.com.br\/index.php\/2026\/04\/27\/momento-geek-da-tv-cidade-vence-premio-de-melhor-programa-nerd-da-paraiba-em-2026\/\" aria-label=\"More on Momento Geek, da TV Cidade, vence pr\u00eamio de Melhor Programa Nerd da Para\u00edba em 2026\">Ler mais<\/a><\/p>\n","protected":false},"author":1,"featured_media":0,"comment_status":"","ping_status":"","sticky":false,"template":"","format":"standard","meta":{"footnotes":""},"categories":[1],"tags":[],"class_list":["post-36574","post","type-post","status-publish","format-standard","hentry","category-sem-categoria"],"amp_enabled":true,"_links":{"self":[{"href":"https:\/\/superinteressantes.com.br\/index.php\/wp-json\/wp\/v2\/posts\/36574","targetHints":{"allow":["GET"]}}],"collection":[{"href":"https:\/\/superinteressantes.com.br\/index.php\/wp-json\/wp\/v2\/posts"}],"about":[{"href":"https:\/\/superinteressantes.com.br\/index.php\/wp-json\/wp\/v2\/types\/post"}],"author":[{"embeddable":true,"href":"https:\/\/superinteressantes.com.br\/index.php\/wp-json\/wp\/v2\/users\/1"}],"replies":[{"embeddable":true,"href":"https:\/\/superinteressantes.com.br\/index.php\/wp-json\/wp\/v2\/comments?post=36574"}],"version-history":[{"count":0,"href":"https:\/\/superinteressantes.com.br\/index.php\/wp-json\/wp\/v2\/posts\/36574\/revisions"}],"wp:attachment":[{"href":"https:\/\/superinteressantes.com.br\/index.php\/wp-json\/wp\/v2\/media?parent=36574"}],"wp:term":[{"taxonomy":"category","embeddable":true,"href":"https:\/\/superinteressantes.com.br\/index.php\/wp-json\/wp\/v2\/categories?post=36574"},{"taxonomy":"post_tag","embeddable":true,"href":"https:\/\/superinteressantes.com.br\/index.php\/wp-json\/wp\/v2\/tags?post=36574"}],"curies":[{"name":"wp","href":"https:\/\/api.w.org\/{rel}","templated":true}]}}