{"id":36572,"date":"2026-04-27T19:58:36","date_gmt":"2026-04-27T22:58:36","guid":{"rendered":"https:\/\/superinteressantes.com.br\/index.php\/2026\/04\/27\/prefeitura-realiza-entrega-de-mochilas-escolares-aos-alunos-da-rede-municipal-de-ensino-prefeitura-estancia-turistica-guaratingueta\/"},"modified":"2026-04-27T19:58:36","modified_gmt":"2026-04-27T22:58:36","slug":"prefeitura-realiza-entrega-de-mochilas-escolares-aos-alunos-da-rede-municipal-de-ensino-prefeitura-estancia-turistica-guaratingueta","status":"publish","type":"post","link":"https:\/\/superinteressantes.com.br\/index.php\/2026\/04\/27\/prefeitura-realiza-entrega-de-mochilas-escolares-aos-alunos-da-rede-municipal-de-ensino-prefeitura-estancia-turistica-guaratingueta\/","title":{"rendered":"Prefeitura realiza entrega de mochilas escolares aos alunos da rede municipal de ensino \u2013 Prefeitura Est\u00e2ncia Tur\u00edstica Guaratinguet\u00e1"},"content":{"rendered":"<p><\/p>\n<div>\n<p>Nesta segunda-feira (27), a Prefeitura realizou a entrega de mochilas escolares aos alunos da rede municipal de ensino. O kit de material escolar j\u00e1 havia sido entregue anteriormente e, agora, os estudantes tamb\u00e9m receberam as mochilas para o transporte dos itens no dia a dia escolar.<\/p>\n<p>Foram disponibilizados dois modelos, adequados a cada etapa de ensino. Para as crian\u00e7as da creche e do Ensino Fundamental I, o kit inclui mochila de rodinhas e lancheira. J\u00e1 para os alunos das etapas mais avan\u00e7adas, foi entregue uma mochila de costas refor\u00e7ada, garantindo mais praticidade e resist\u00eancia para o uso di\u00e1rio.<\/p>\n<p>A iniciativa refor\u00e7a o compromisso da administra\u00e7\u00e3o municipal com a educa\u00e7\u00e3o, oferecendo melhores condi\u00e7\u00f5es para que os alunos estudem com mais organiza\u00e7\u00e3o e conforto.<\/p>\n<p>\u00a0<\/p>\n<\/p><\/div>\n","protected":false},"excerpt":{"rendered":"<p>Nesta segunda-feira (27), a Prefeitura realizou a entrega de mochilas escolares aos alunos da rede municipal de ensino. O kit de material escolar j\u00e1 havia sido entregue anteriormente e, agora, os estudantes tamb\u00e9m receberam as mochilas para o transporte dos itens no dia a dia escolar. Foram disponibilizados dois modelos, adequados a cada etapa de &#8230; <a title=\"Prefeitura realiza entrega de mochilas escolares aos alunos da rede municipal de ensino \u2013 Prefeitura Est\u00e2ncia Tur\u00edstica Guaratinguet\u00e1\" class=\"read-more\" href=\"https:\/\/superinteressantes.com.br\/index.php\/2026\/04\/27\/prefeitura-realiza-entrega-de-mochilas-escolares-aos-alunos-da-rede-municipal-de-ensino-prefeitura-estancia-turistica-guaratingueta\/\" aria-label=\"More on Prefeitura realiza entrega de mochilas escolares aos alunos da rede municipal de ensino \u2013 Prefeitura Est\u00e2ncia Tur\u00edstica Guaratinguet\u00e1\">Ler mais<\/a><\/p>\n","protected":false},"author":1,"featured_media":0,"comment_status":"","ping_status":"","sticky":false,"template":"","format":"standard","meta":{"footnotes":""},"categories":[1],"tags":[],"class_list":["post-36572","post","type-post","status-publish","format-standard","hentry","category-sem-categoria"],"amp_enabled":true,"_links":{"self":[{"href":"https:\/\/superinteressantes.com.br\/index.php\/wp-json\/wp\/v2\/posts\/36572","targetHints":{"allow":["GET"]}}],"collection":[{"href":"https:\/\/superinteressantes.com.br\/index.php\/wp-json\/wp\/v2\/posts"}],"about":[{"href":"https:\/\/superinteressantes.com.br\/index.php\/wp-json\/wp\/v2\/types\/post"}],"author":[{"embeddable":true,"href":"https:\/\/superinteressantes.com.br\/index.php\/wp-json\/wp\/v2\/users\/1"}],"replies":[{"embeddable":true,"href":"https:\/\/superinteressantes.com.br\/index.php\/wp-json\/wp\/v2\/comments?post=36572"}],"version-history":[{"count":0,"href":"https:\/\/superinteressantes.com.br\/index.php\/wp-json\/wp\/v2\/posts\/36572\/revisions"}],"wp:attachment":[{"href":"https:\/\/superinteressantes.com.br\/index.php\/wp-json\/wp\/v2\/media?parent=36572"}],"wp:term":[{"taxonomy":"category","embeddable":true,"href":"https:\/\/superinteressantes.com.br\/index.php\/wp-json\/wp\/v2\/categories?post=36572"},{"taxonomy":"post_tag","embeddable":true,"href":"https:\/\/superinteressantes.com.br\/index.php\/wp-json\/wp\/v2\/tags?post=36572"}],"curies":[{"name":"wp","href":"https:\/\/api.w.org\/{rel}","templated":true}]}}