{"id":36569,"date":"2026-04-27T19:11:42","date_gmt":"2026-04-27T22:11:42","guid":{"rendered":"https:\/\/superinteressantes.com.br\/index.php\/2026\/04\/27\/cet-rio-organiza-transito-para-botafogo-x-independiente-petrolero-no-engenhao-prefeitura-da-cidade-do-rio-de-janeiro\/"},"modified":"2026-04-27T19:11:42","modified_gmt":"2026-04-27T22:11:42","slug":"cet-rio-organiza-transito-para-botafogo-x-independiente-petrolero-no-engenhao-prefeitura-da-cidade-do-rio-de-janeiro","status":"publish","type":"post","link":"https:\/\/superinteressantes.com.br\/index.php\/2026\/04\/27\/cet-rio-organiza-transito-para-botafogo-x-independiente-petrolero-no-engenhao-prefeitura-da-cidade-do-rio-de-janeiro\/","title":{"rendered":"CET-Rio organiza tr\u00e2nsito para Botafogo x Independiente Petrolero, no Engenh\u00e3o &#8211; Prefeitura da Cidade do Rio de Janeiro"},"content":{"rendered":"<p><\/p>\n<div id=\"main\">\n<div class=\"wrapper-breadcrumbs\" wp_automatic_readability=\"45.514823261117\">\n<div class=\"image-post\" wp_automatic_readability=\"33\">\n                     Interdi\u00e7\u00f5es no entorno do Est\u00e1dio Nilton Santos come\u00e7am \u00e0s 16h e seguem at\u00e9 as 23h. Arte: CET-Rio\n                  <\/div>\n<p>A CET-Rio ir\u00e1 implantar um planejamento de tr\u00e2nsito nesta ter\u00e7a-feira (28\/04), a partir das 16h, para o jogo entre Botafogo e Independiente Petrolero (BOL), pela Copa Sul-Americana. A partida ser\u00e1 realizada \u00e0s 19h, no Est\u00e1dio Nilton Santos, no Engenho de Dentro, com interdi\u00e7\u00f5es ao tr\u00e2nsito de ve\u00edculos no entorno a partir do in\u00edcio da opera\u00e7\u00e3o.<\/p>\n<p>A opera\u00e7\u00e3o contar\u00e1 com agentes da CET-Rio, apoiadores de tr\u00e1fego, ve\u00edculos operacionais e motocicletas. O efetivo atuar\u00e1 na seguran\u00e7a vi\u00e1ria, na fluidez do tr\u00e2nsito, na manuten\u00e7\u00e3o dos cruzamentos livres e na orienta\u00e7\u00e3o a pedestres, torcedores e motoristas.<\/p>\n<p>T\u00e9cnicos da CET-Rio, no Centro de Opera\u00e7\u00f5es e Resili\u00eancia (COR-Rio), ir\u00e3o monitorar toda a movimenta\u00e7\u00e3o por meio de c\u00e2meras. Se necess\u00e1rio, ser\u00e3o realizados ajustes na programa\u00e7\u00e3o semaf\u00f3rica para garantir boas condi\u00e7\u00f5es de circula\u00e7\u00e3o.<\/p>\n<p><b>Interdi\u00e7\u00f5es<\/b><\/p>\n<p><b><i>Das 16h \u00e0s 23h:<\/i><\/b><\/p>\n<p>\u2013 \u00a0Rua Dr. Padilha, entre a rua Arquias Cordeiro e a rua das oficinas.<\/p>\n<p><b><i>Das 20h30 \u00e0s 23h:<\/i><\/b><\/p>\n<p>\u2013 Rua Dr. Padilha, entre a rua Piau\u00ed e a rua das Oficinas;<br \/>\u2013 Rua Jos\u00e9 dos Reis entre a rua das Oficinas e a Rua Bento Gon\u00e7alves;<br \/>\u2013 Rua da Aboli\u00e7\u00e3o, entre a Rua Afonso Ferreira e a Rua Jos\u00e9 dos Reis;<br \/>\u2013 Rua Afonso Ferreira, sentido rua Jos\u00e9 dos Reis, entre a rua Ben\u00edcio de Abreu e a rua da Aboli\u00e7\u00e3o.<br \/>\u2013 Rua Cel. Cunha Leal.<\/p>\n<p><b>Acesso \u00e0 Linha Amarela, sentido Avenida Brasil<\/b><\/p>\n<p><b><i>Das 16h \u00e0s 23h59:<\/i><\/b><\/p>\n<p>O acesso \u00e0 Linha Amarela, sentido Avenida Brasil\/Fund\u00e3o, poder\u00e1 ser realizado pela rua das Oficinas, a partir do cruzamento com a rua Jos\u00e9 dos Reis, sob o viaduto Jornalista Armando Nogueira.<\/p>\n<p><b>Moradores do entorno<\/b><\/p>\n<p>O acesso dos ve\u00edculos de moradores das imedia\u00e7\u00f5es do est\u00e1dio ser\u00e1 feito mediante apresenta\u00e7\u00e3o do comprovante de resid\u00eancia.<\/p>\n<p>             <!-- Compartilhe ---><\/p>\n<p>\t\t\t <!-- TAGS --><\/p>\n<section class=\"category-tags\">\n<div class=\"marcacao-category\">\n<article class=\"category-post\">\n<p>Categoria: <\/p>\n<\/article>\n<li>27 de abril de 2026<\/li><\/div>\n<article class=\"tags\">\n\t\t\t\t\tMarca\u00e7\u00f5es: Botafogo engenh\u00e3o Est\u00e1dio Nilton Santos Interdi\u00e7\u00e3o tr\u00e2nsito<br \/><\/article>\n<\/section>\n<p>            <!-- Mais Not&iacute;cias --><\/p>\n<p>\t\t<!-- Conte&uacute;do SIDEBAR --><\/p><\/div>\n<\/p><\/div>\n","protected":false},"excerpt":{"rendered":"<p>Interdi\u00e7\u00f5es no entorno do Est\u00e1dio Nilton Santos come\u00e7am \u00e0s 16h e seguem at\u00e9 as 23h. Arte: CET-Rio A CET-Rio ir\u00e1 implantar um planejamento de tr\u00e2nsito nesta ter\u00e7a-feira (28\/04), a partir das 16h, para o jogo entre Botafogo e Independiente Petrolero (BOL), pela Copa Sul-Americana. A partida ser\u00e1 realizada \u00e0s 19h, no Est\u00e1dio Nilton Santos, no &#8230; <a title=\"CET-Rio organiza tr\u00e2nsito para Botafogo x Independiente Petrolero, no Engenh\u00e3o &#8211; Prefeitura da Cidade do Rio de Janeiro\" class=\"read-more\" href=\"https:\/\/superinteressantes.com.br\/index.php\/2026\/04\/27\/cet-rio-organiza-transito-para-botafogo-x-independiente-petrolero-no-engenhao-prefeitura-da-cidade-do-rio-de-janeiro\/\" aria-label=\"More on CET-Rio organiza tr\u00e2nsito para Botafogo x Independiente Petrolero, no Engenh\u00e3o &#8211; Prefeitura da Cidade do Rio de Janeiro\">Ler mais<\/a><\/p>\n","protected":false},"author":1,"featured_media":0,"comment_status":"","ping_status":"","sticky":false,"template":"","format":"standard","meta":{"footnotes":""},"categories":[1],"tags":[],"class_list":["post-36569","post","type-post","status-publish","format-standard","hentry","category-sem-categoria"],"amp_enabled":true,"_links":{"self":[{"href":"https:\/\/superinteressantes.com.br\/index.php\/wp-json\/wp\/v2\/posts\/36569","targetHints":{"allow":["GET"]}}],"collection":[{"href":"https:\/\/superinteressantes.com.br\/index.php\/wp-json\/wp\/v2\/posts"}],"about":[{"href":"https:\/\/superinteressantes.com.br\/index.php\/wp-json\/wp\/v2\/types\/post"}],"author":[{"embeddable":true,"href":"https:\/\/superinteressantes.com.br\/index.php\/wp-json\/wp\/v2\/users\/1"}],"replies":[{"embeddable":true,"href":"https:\/\/superinteressantes.com.br\/index.php\/wp-json\/wp\/v2\/comments?post=36569"}],"version-history":[{"count":0,"href":"https:\/\/superinteressantes.com.br\/index.php\/wp-json\/wp\/v2\/posts\/36569\/revisions"}],"wp:attachment":[{"href":"https:\/\/superinteressantes.com.br\/index.php\/wp-json\/wp\/v2\/media?parent=36569"}],"wp:term":[{"taxonomy":"category","embeddable":true,"href":"https:\/\/superinteressantes.com.br\/index.php\/wp-json\/wp\/v2\/categories?post=36569"},{"taxonomy":"post_tag","embeddable":true,"href":"https:\/\/superinteressantes.com.br\/index.php\/wp-json\/wp\/v2\/tags?post=36569"}],"curies":[{"name":"wp","href":"https:\/\/api.w.org\/{rel}","templated":true}]}}