{"id":36567,"date":"2026-04-27T16:50:35","date_gmt":"2026-04-27T19:50:35","guid":{"rendered":"https:\/\/superinteressantes.com.br\/index.php\/2026\/04\/27\/abertas-inscricoes-para-avaliacao-presencial-de-portugues-para-imigrantes-e-refugiados-ifsp\/"},"modified":"2026-04-27T16:50:35","modified_gmt":"2026-04-27T19:50:35","slug":"abertas-inscricoes-para-avaliacao-presencial-de-portugues-para-imigrantes-e-refugiados-ifsp","status":"publish","type":"post","link":"https:\/\/superinteressantes.com.br\/index.php\/2026\/04\/27\/abertas-inscricoes-para-avaliacao-presencial-de-portugues-para-imigrantes-e-refugiados-ifsp\/","title":{"rendered":"Abertas inscri\u00e7\u00f5es para avalia\u00e7\u00e3o presencial de portugu\u00eas para imigrantes e refugiados &#8211; IFSP"},"content":{"rendered":"<p><\/p>\n<div>\n<div class=\"subtitle\">\n<p class=\"isSelectedEnd\">Candidatos devem se inscrever entre 4 e 18 de maio; prova ser\u00e1 aplicada no dia 30, em Campinas<\/p>\n<\/div>\n<p><!-- fim .content-header-options-1 --><\/p>\n<p class=\"isSelectedEnd\">O Instituto Federal de Educa\u00e7\u00e3o, Ci\u00eancia e Tecnologia de S\u00e3o Paulo (IFSP) publicou, na segunda-feira (27), o Edital n\u00ba 13\/2026, que abre inscri\u00e7\u00f5es para a avalia\u00e7\u00e3o presencial de L\u00edngua Portuguesa destinada a estrangeiros, imigrantes e refugiados.<\/p>\n<p class=\"isSelectedEnd\">A iniciativa \u00e9 promovida pela Pr\u00f3-Reitoria de Extens\u00e3o e Cultura (PRX), em parceria com a Coordenadoria de Rela\u00e7\u00f5es Internacionais (Arinter\/CRI) do IFSP e o Instituto Federal do Rio Grande do Sul (IFRS). A avalia\u00e7\u00e3o \u00e9 voltada a estudantes que tenham conclu\u00eddo cursos de Portugu\u00eas como L\u00edngua Adicional (PLA) oferecidos na modalidade a dist\u00e2ncia ou on-line pelo IFRS.<\/p>\n<p class=\"isSelectedEnd\">A iniciativa \u00e9 organizada pela Pr\u00f3-Reitoria de Extens\u00e3o e Cultura (PRX), em parceria com a Coordenadoria de Rela\u00e7\u00f5es Internacionais (Arinter\/CRI) do IFSP e o Instituto Federal do Rio Grande do Sul (IFRS). A avalia\u00e7\u00e3o \u00e9 destinada exclusivamente a estudantes que conclu\u00edram cursos de Portugu\u00eas como L\u00edngua Adicional (PLA) ofertados pelo IFRS na modalidade a dist\u00e2ncia ou on-line.<\/p>\n<p class=\"isSelectedEnd\">As inscri\u00e7\u00f5es estar\u00e3o abertas no per\u00edodo de 4 a 18 de maio de 2026 e devem ser realizadas por meio de formul\u00e1rio eletr\u00f4nico, conforme orienta\u00e7\u00f5es dispon\u00edveis no edital. Para participar, o candidato precisa comprovar a conclus\u00e3o do curso de PLA e atender aos requisitos estabelecidos no documento, incluindo o envio da documenta\u00e7\u00e3o exigida dentro do prazo.<\/p>\n<p class=\"isSelectedEnd\">A prova ser\u00e1 aplicada no dia 30 de maio de 2026, no Campus Campinas do IFSP, das 14h \u00e0s 17h30. A avalia\u00e7\u00e3o tem como objetivo verificar a capacidade de compreens\u00e3o, leitura, interpreta\u00e7\u00e3o e produ\u00e7\u00e3o b\u00e1sica em l\u00edngua portuguesa, com base nos conte\u00fados trabalhados ao longo da forma\u00e7\u00e3o.<\/p>\n<p class=\"isSelectedEnd\">A realiza\u00e7\u00e3o da avalia\u00e7\u00e3o presencial integra as a\u00e7\u00f5es institucionais voltadas \u00e0 inclus\u00e3o educacional e social de p\u00fablicos migrantes, ao possibilitar a certifica\u00e7\u00e3o das compet\u00eancias lingu\u00edsticas adquiridas e ampliar oportunidades de inser\u00e7\u00e3o acad\u00eamica e profissional no Brasil.<\/p>\n<h3>Cronograma<\/h3>\n<table>\n<tbody>\n<tr>\n<th>Etapa<\/th>\n<th>Data<\/th>\n<\/tr>\n<tr>\n<td>Per\u00edodo de inscri\u00e7\u00f5es<\/td>\n<td>04 a 18 de maio\u00a0<\/td>\n<\/tr>\n<tr>\n<td>Divulga\u00e7\u00e3o preliminar das inscri\u00e7\u00f5es homologadas<\/td>\n<td>19 de maio<\/td>\n<\/tr>\n<tr>\n<td>Recursos quanto \u00e0 n\u00e3o homologa\u00e7\u00e3o<\/td>\n<td>20 e 21 de maio<\/td>\n<\/tr>\n<tr>\n<td>Divulga\u00e7\u00e3o final das inscri\u00e7\u00f5es homologadas<\/td>\n<td>25 de maio<\/td>\n<\/tr>\n<tr>\n<td>Aplica\u00e7\u00e3o da prova<\/td>\n<td>30 de maio<\/td>\n<\/tr>\n<tr>\n<td>Divulga\u00e7\u00e3o do resultado preliminar<\/td>\n<td>02 de junho<\/td>\n<\/tr>\n<tr>\n<td>Recursos quanto ao resultado<\/td>\n<td>04 e 05 de junho\u00a0<\/td>\n<\/tr>\n<tr>\n<td>Publica\u00e7\u00e3o do resultado final<\/td>\n<td>08 de junho<\/td>\n<\/tr>\n<\/tbody>\n<\/table>\n<p>Os interessados devem consultar o edital completo para acessar o link de inscri\u00e7\u00e3o, conferir a documenta\u00e7\u00e3o exigida e obter orienta\u00e7\u00f5es detalhadas sobre o processo.<\/p>\n<p><strong>Documentos<\/strong><\/p>\n<p>Edital n\u00ba 13\/2026<\/p>\n<\/div>\n","protected":false},"excerpt":{"rendered":"<p>Candidatos devem se inscrever entre 4 e 18 de maio; prova ser\u00e1 aplicada no dia 30, em Campinas O Instituto Federal de Educa\u00e7\u00e3o, Ci\u00eancia e Tecnologia de S\u00e3o Paulo (IFSP) publicou, na segunda-feira (27), o Edital n\u00ba 13\/2026, que abre inscri\u00e7\u00f5es para a avalia\u00e7\u00e3o presencial de L\u00edngua Portuguesa destinada a estrangeiros, imigrantes e refugiados. A &#8230; <a title=\"Abertas inscri\u00e7\u00f5es para avalia\u00e7\u00e3o presencial de portugu\u00eas para imigrantes e refugiados &#8211; IFSP\" class=\"read-more\" href=\"https:\/\/superinteressantes.com.br\/index.php\/2026\/04\/27\/abertas-inscricoes-para-avaliacao-presencial-de-portugues-para-imigrantes-e-refugiados-ifsp\/\" aria-label=\"More on Abertas inscri\u00e7\u00f5es para avalia\u00e7\u00e3o presencial de portugu\u00eas para imigrantes e refugiados &#8211; IFSP\">Ler mais<\/a><\/p>\n","protected":false},"author":1,"featured_media":0,"comment_status":"","ping_status":"","sticky":false,"template":"","format":"standard","meta":{"footnotes":""},"categories":[1],"tags":[],"class_list":["post-36567","post","type-post","status-publish","format-standard","hentry","category-sem-categoria"],"amp_enabled":true,"_links":{"self":[{"href":"https:\/\/superinteressantes.com.br\/index.php\/wp-json\/wp\/v2\/posts\/36567","targetHints":{"allow":["GET"]}}],"collection":[{"href":"https:\/\/superinteressantes.com.br\/index.php\/wp-json\/wp\/v2\/posts"}],"about":[{"href":"https:\/\/superinteressantes.com.br\/index.php\/wp-json\/wp\/v2\/types\/post"}],"author":[{"embeddable":true,"href":"https:\/\/superinteressantes.com.br\/index.php\/wp-json\/wp\/v2\/users\/1"}],"replies":[{"embeddable":true,"href":"https:\/\/superinteressantes.com.br\/index.php\/wp-json\/wp\/v2\/comments?post=36567"}],"version-history":[{"count":0,"href":"https:\/\/superinteressantes.com.br\/index.php\/wp-json\/wp\/v2\/posts\/36567\/revisions"}],"wp:attachment":[{"href":"https:\/\/superinteressantes.com.br\/index.php\/wp-json\/wp\/v2\/media?parent=36567"}],"wp:term":[{"taxonomy":"category","embeddable":true,"href":"https:\/\/superinteressantes.com.br\/index.php\/wp-json\/wp\/v2\/categories?post=36567"},{"taxonomy":"post_tag","embeddable":true,"href":"https:\/\/superinteressantes.com.br\/index.php\/wp-json\/wp\/v2\/tags?post=36567"}],"curies":[{"name":"wp","href":"https:\/\/api.w.org\/{rel}","templated":true}]}}