{"id":36566,"date":"2026-04-27T16:04:04","date_gmt":"2026-04-27T19:04:04","guid":{"rendered":"https:\/\/superinteressantes.com.br\/index.php\/2026\/04\/27\/sedest-defende-acesso-ao-emprego-de-pessoas-com-transtorno-do-espectro-autista\/"},"modified":"2026-04-27T16:04:04","modified_gmt":"2026-04-27T19:04:04","slug":"sedest-defende-acesso-ao-emprego-de-pessoas-com-transtorno-do-espectro-autista","status":"publish","type":"post","link":"https:\/\/superinteressantes.com.br\/index.php\/2026\/04\/27\/sedest-defende-acesso-ao-emprego-de-pessoas-com-transtorno-do-espectro-autista\/","title":{"rendered":"Sedest defende acesso ao emprego de pessoas com Transtorno do Espectro Autista"},"content":{"rendered":"<p><\/p>\n<div>\n<p>Nesta segunda-feira (27), a Secretaria de Desenvolvimento Econ\u00f4mico e Trabalho (Sedest) realizou uma palestra sobre a empregabilidade da pessoa com espectro autista (TEA) como forma de incentivar o acesso \u00e0s oportunidades no mercado de trabalho. O evento ocorreu no Sistema Nacional de Emprego de Jo\u00e3o Pessoa (Sine-JP), em alus\u00e3o \u00e0 campanha \u2018Abril Azul\u2019.<\/p>\n<figure class=\"wp-block-gallery has-nested-images columns-default is-cropped wp-block-gallery-1 is-layout-flex wp-block-gallery-is-layout-flex\">\n<figure class=\"wp-block-image size-large\"><\/figure>\n<figure class=\"wp-block-image size-large\"><\/figure>\n<\/figure>\n<p>O secret\u00e1rio executivo de Desenvolvimento Econ\u00f4mico e Trabalho (Sedest), Jo\u00e3o Bosco, afirmou a import\u00e2ncia de promover esse di\u00e1logo sobre as pessoas com TEA. \u201cNosso objetivo \u00e9 fazer com que a sociedade esteja mais preparada para esse processo de inclus\u00e3o no mercado de trabalho, como parte desta gest\u00e3o que realizamos de forma cada vez mais humana, atendendo aos anseios do nosso prefeito Leo Bezerra\u201d.<\/p>\n<figure class=\"wp-block-gallery has-nested-images columns-default is-cropped wp-block-gallery-2 is-layout-flex wp-block-gallery-is-layout-flex\">\n<figure class=\"wp-block-image size-large\"><\/figure>\n<figure class=\"wp-block-image size-large\"><\/figure>\n<figure class=\"wp-block-image size-large\"><\/figure>\n<figure class=\"wp-block-image size-large\"><\/figure>\n<figure class=\"wp-block-image size-large\"><\/figure>\n<figure class=\"wp-block-image size-large\"><\/figure>\n<\/figure>\n<p>A primeira-dama do Munic\u00edpio, Bruna N\u00f3brega, esteve presente no evento devido ao interesse e relev\u00e2ncia do tema. \u201cEsta \u00e9 uma tem\u00e1tica que enche meus olhos. Na escola dos meus filhos, por exemplo, h\u00e1 muitas crian\u00e7as autistas e percebo que a rela\u00e7\u00e3o com os amigos \u00e9 natural e sem preconceitos. Ent\u00e3o, \u00e9 importante expandir essa compreens\u00e3o para o mercado de trabalho, de modo que todas as pessoas tenham espa\u00e7o para mostrar suas habilidades e consigam transformar sua vida de forma positiva\u201d, apontou.<\/p>\n<figure class=\"wp-block-gallery has-nested-images columns-default is-cropped wp-block-gallery-3 is-layout-flex wp-block-gallery-is-layout-flex\">\n<figure class=\"wp-block-image size-large\"><\/figure>\n<figure class=\"wp-block-image size-large\"><\/figure>\n<\/figure>\n<figure class=\"wp-block-gallery has-nested-images columns-default is-cropped wp-block-gallery-4 is-layout-flex wp-block-gallery-is-layout-flex\">\n<figure class=\"wp-block-image size-large\"><\/figure>\n<figure class=\"wp-block-image size-large\"><\/figure>\n<figure class=\"wp-block-image size-large\"><\/figure>\n<\/figure>\n<p>A estudante de Psicologia Ana Beatriz Medeiros tem diagn\u00f3stico de TEA e estagia justamente auxiliando pessoas na mesma situa\u00e7\u00e3o que ela. \u201cNo meu primeiro est\u00e1gio, eu n\u00e3o fui muito bem assistida. Eu tenho dificuldade com rela\u00e7\u00e3o a barulho, mas n\u00e3o recebi muito suporte com rela\u00e7\u00e3o a isso. Tamb\u00e9m n\u00e3o havia um bom acompanhamento das tarefas. Mas agora \u00e9 diferente, estou em um local em que tenho abertura para opinar\u201d, contou a estudante, que aborda em seu trabalho de conclus\u00e3o de curso a empregabilidade das pessoas com TEA.<\/p>\n<figure class=\"wp-block-gallery has-nested-images columns-default is-cropped wp-block-gallery-5 is-layout-flex wp-block-gallery-is-layout-flex\">\n<figure class=\"wp-block-image size-large\"><\/figure>\n<figure class=\"wp-block-image size-large\"><\/figure>\n<\/figure>\n<p><strong>Inser\u00e7\u00e3o<\/strong> \u2013 O palestrante do evento foi o escritor Leonardo Fleming, que \u00e9 escritor e policial militar reformado. Com diagn\u00f3stico de neurodiverg\u00eancia \u2013 TEA, Transtorno do D\u00e9ficit de Aten\u00e7\u00e3o e Hiperatividade, Dislexia e Discalculia \u2013 j\u00e1 adulto, ele contou um pouco de suas viv\u00eancias e dificuldades.<\/p>\n<p>\u201cA empregabilidade \u00e9 um fator important\u00edssimo porque trabalha a independ\u00eancia e a autoestima do indiv\u00edduo. A gente debate que tem capacidade de fazer qualquer trabalho nos mais diversos segmentos, no entanto, ainda falta empatia, e essa palestra \u00e9 sobre aprendizagem, ensinamento e empatia. Com o trabalho necess\u00e1rio, \u00e9 poss\u00edvel haver a inser\u00e7\u00e3o no mercado de trabalho\u201d, indicou.<\/p>\n<p>A coordenadora do Sine-JP, Rebeca Sodr\u00e9, destacou a import\u00e2ncia da capacita\u00e7\u00e3o para facilitar o ingresso no mercado de trabalho, conforme as habilidades de cada pessoa com TEA. \u201c\u00c9 importante que estejamos unidos para fazer essa inclus\u00e3o de forma respons\u00e1vel, trazendo quem vivencia o TEA e enfrenta situa\u00e7\u00f5es do cotidiano\u201d, disse ela.<\/p>\n<p><strong>Depoimento<\/strong> \u2013 O secret\u00e1rio executivo de Integridade, Governan\u00e7a e Preven\u00e7\u00e3o \u00e0 Corrup\u00e7\u00e3o (SEIG), Kleber Marques, deu seu depoimento como pessoa com TEA suporte 1. Ele relatou que teve dificuldades para conseguir emprego por conta de suas restri\u00e7\u00f5es e, mesmo ap\u00f3s a aprova\u00e7\u00e3o em concurso p\u00fablico federal, n\u00e3o tinha o ambiente de trabalho respeitado, o que dificultava a realiza\u00e7\u00e3o das tarefas.<\/p>\n<p>\u201cQuando a pessoa com TEA tem o ambiente prop\u00edcio, consegue produzir e fazer a diferen\u00e7a no mercado de trabalho, desenvolvendo at\u00e9 altas habilidades. Conseguimos ter produtividade at\u00e9 melhor do que uma pessoa que n\u00e3o tem TEA. Se o fator limitante for suprido, nosso limite \u00e9 o c\u00e9u\u201d, ressaltou o gestor.<\/p>\n<p>O apoio da Prefeitura \u00e0s pessoas com TEA come\u00e7a bem mais cedo, com as crian\u00e7as da rede municipal de ensino. A psicopedagoga Lisanca Oliveira, que trabalha na Sala de Recurso da Escola Monteiro Lobato, destacou o pioneirismo da cidade de Jo\u00e3o Pessoa na quest\u00e3o de atendimento educacional especializado.<\/p>\n<p>\u201cA Prefeitura tem mais de 120 escolas com um apoio que inclui cuidadores para os estudantes com diagn\u00f3stico de TEA, Sala de Recurso para atend\u00ea-los e professores especializados. N\u00f3s, psicopedagogos, orientamos professores a desenvolver as atividades e tamb\u00e9m fazemos um trabalho com os cuidadores e com a fam\u00edlia das crian\u00e7as, para termos informa\u00e7\u00f5es sobre a vida di\u00e1ria, em busca de integra\u00e7\u00e3o\u201d, explicou.<\/p>\n<\/p><\/div>\n","protected":false},"excerpt":{"rendered":"<p>Nesta segunda-feira (27), a Secretaria de Desenvolvimento Econ\u00f4mico e Trabalho (Sedest) realizou uma palestra sobre a empregabilidade da pessoa com espectro autista (TEA) como forma de incentivar o acesso \u00e0s oportunidades no mercado de trabalho. O evento ocorreu no Sistema Nacional de Emprego de Jo\u00e3o Pessoa (Sine-JP), em alus\u00e3o \u00e0 campanha \u2018Abril Azul\u2019. O secret\u00e1rio &#8230; <a title=\"Sedest defende acesso ao emprego de pessoas com Transtorno do Espectro Autista\" class=\"read-more\" href=\"https:\/\/superinteressantes.com.br\/index.php\/2026\/04\/27\/sedest-defende-acesso-ao-emprego-de-pessoas-com-transtorno-do-espectro-autista\/\" aria-label=\"More on Sedest defende acesso ao emprego de pessoas com Transtorno do Espectro Autista\">Ler mais<\/a><\/p>\n","protected":false},"author":1,"featured_media":0,"comment_status":"","ping_status":"","sticky":false,"template":"","format":"standard","meta":{"footnotes":""},"categories":[1],"tags":[],"class_list":["post-36566","post","type-post","status-publish","format-standard","hentry","category-sem-categoria"],"amp_enabled":true,"_links":{"self":[{"href":"https:\/\/superinteressantes.com.br\/index.php\/wp-json\/wp\/v2\/posts\/36566","targetHints":{"allow":["GET"]}}],"collection":[{"href":"https:\/\/superinteressantes.com.br\/index.php\/wp-json\/wp\/v2\/posts"}],"about":[{"href":"https:\/\/superinteressantes.com.br\/index.php\/wp-json\/wp\/v2\/types\/post"}],"author":[{"embeddable":true,"href":"https:\/\/superinteressantes.com.br\/index.php\/wp-json\/wp\/v2\/users\/1"}],"replies":[{"embeddable":true,"href":"https:\/\/superinteressantes.com.br\/index.php\/wp-json\/wp\/v2\/comments?post=36566"}],"version-history":[{"count":0,"href":"https:\/\/superinteressantes.com.br\/index.php\/wp-json\/wp\/v2\/posts\/36566\/revisions"}],"wp:attachment":[{"href":"https:\/\/superinteressantes.com.br\/index.php\/wp-json\/wp\/v2\/media?parent=36566"}],"wp:term":[{"taxonomy":"category","embeddable":true,"href":"https:\/\/superinteressantes.com.br\/index.php\/wp-json\/wp\/v2\/categories?post=36566"},{"taxonomy":"post_tag","embeddable":true,"href":"https:\/\/superinteressantes.com.br\/index.php\/wp-json\/wp\/v2\/tags?post=36566"}],"curies":[{"name":"wp","href":"https:\/\/api.w.org\/{rel}","templated":true}]}}