{"id":36538,"date":"2026-04-26T14:35:38","date_gmt":"2026-04-26T17:35:38","guid":{"rendered":"https:\/\/superinteressantes.com.br\/index.php\/2026\/04\/26\/ator-emociona-ao-revelar-drama-no-hospital-e-explica-por-que-precisa-voltar-a-andar\/"},"modified":"2026-04-26T14:35:38","modified_gmt":"2026-04-26T17:35:38","slug":"ator-emociona-ao-revelar-drama-no-hospital-e-explica-por-que-precisa-voltar-a-andar","status":"publish","type":"post","link":"https:\/\/superinteressantes.com.br\/index.php\/2026\/04\/26\/ator-emociona-ao-revelar-drama-no-hospital-e-explica-por-que-precisa-voltar-a-andar\/","title":{"rendered":"Ator emociona ao revelar drama no hospital e explica por que precisa voltar a andar:"},"content":{"rendered":"<p> Por MRNews<br \/>\n<\/p>\n<div wp_automatic_readability=\"96.963371801305\">\n<p>Ator emociona ao revelar drama no hospital e explica por que precisa voltar a andar: \u2018N\u00e3o tenho quem cuide de mim\u2019<\/p>\n<p>O ator Claudio Cinti comoveu seguidores ao compartilhar um relato sincero sobre o per\u00edodo de interna\u00e7\u00e3o que enfrenta desde fevereiro. Hospitalizado ap\u00f3s uma pneumonia severa, o artista revelou detalhes do processo de recupera\u00e7\u00e3o e explicou que seu maior objetivo no momento \u00e9 voltar a andar para conseguir retornar para casa.<\/p>\n<p>Em v\u00eddeo publicado nas redes sociais, Claudio contou que, apesar das dificuldades, alguns sinais positivos j\u00e1 apareceram durante o tratamento. Segundo ele, o rim transplantado segue funcionando bem e o quadro geral apresenta evolu\u00e7\u00e3o, o que trouxe esperan\u00e7a em meio ao momento delicado.<\/p>\n<h2>Recupera\u00e7\u00e3o avan\u00e7a, mas mobilidade ainda preocupa<\/h2>\n<p>Claudio relatou que um dos principais desafios enfrentados nas \u00faltimas semanas era o incha\u00e7o no corpo, que dificultava at\u00e9 mesmo as sess\u00f5es de fisioterapia. Com o avan\u00e7o do tratamento, ele explicou que o edema diminuiu bastante, permitindo um progresso maior na reabilita\u00e7\u00e3o.<\/p>\n<p><strong><a href=\"https:\/\/mrnews.com.br\/index.php\/2026\/04\/26\/programa-da-prefeitura-de-sp-faz-castracao-gratuita-de-caes-e-gatos\/\">Programa da Prefeitura de SP faz castra\u00e7\u00e3o gratuita de c\u00e3es e gatos<\/a><\/strong><\/p>\n<p><strong><a href=\"https:\/\/mrnews.com.br\/index.php\/2026\/04\/26\/autoridades-dos-eua-identificam-autor-de-atentado-contra-trump\/\">Autoridades dos EUA identificam autor de atentado contra Trump<\/a><\/strong><\/p>\n<p>O ator contou ainda que os bra\u00e7os j\u00e1 recuperaram quase totalmente os movimentos, enquanto as pernas seguem mais limitadas. Por isso, a equipe m\u00e9dica concentra esfor\u00e7os para que ele volte a ficar em p\u00e9 e retome os primeiros passos em breve.<\/p>\n<p>A expectativa, segundo o pr\u00f3prio artista, \u00e9 que esse processo aconte\u00e7a gradualmente, exigindo paci\u00eancia e dedica\u00e7\u00e3o di\u00e1ria.<\/p>\n<h2>\u2018Preciso sair daqui andando\u2019, desabafa artista<\/h2>\n<p>Em um dos trechos mais emocionantes do depoimento, Claudio explicou por que faz tanta quest\u00e3o de recuperar a mobilidade antes de deixar o hospital.<\/p>\n<p>\u201cEu preciso sair daqui andando, n\u00e3o posso ir assim como estou, pois n\u00e3o tenho quem cuide de mim, n\u00e3o tenho condi\u00e7\u00f5es de pagar algu\u00e9m\u201d, afirmou.<\/p>\n<p><strong><a href=\"https:\/\/mrnews.com.br\/index.php\/2026\/04\/26\/hipertensao-silenciosa-e-hereditaria-doenca-pede-mudanca-de-habitos\/\">Hipertens\u00e3o: silenciosa e heredit\u00e1ria, doen\u00e7a pede mudan\u00e7a de h\u00e1bitos<\/a><\/strong><\/p>\n<p><strong><a href=\"https:\/\/mrnews.com.br\/index.php\/2026\/04\/26\/como-e-voar-de-embraer-195-da-azul-experiencia-real-no-e1-e-no-e2-e-espaco-extra\/\">Como \u00e9 voar de Embraer 195 da Azul: experi\u00eancia real no E1 e no E2 e Espa\u00e7o Extra<\/a><\/strong><\/p>\n<p>A fala sensibilizou f\u00e3s e internautas, que enviaram mensagens de apoio ao ator. Al\u00e9m da limita\u00e7\u00e3o f\u00edsica, Claudio revelou que ainda trata um v\u00edrus no sangue, embora os exames indiquem redu\u00e7\u00e3o do problema.<\/p>\n<h2>Apoio de amigos e f\u00e3s tem sido essencial<\/h2>\n<p>Longe dos trabalhos desde dezembro, Claudio Cinti tamb\u00e9m destacou que a ajuda financeira recebida de amigos, admiradores e pessoas pr\u00f3ximas tem sido fundamental neste per\u00edodo.<\/p>\n<p>Segundo ele, as doa\u00e7\u00f5es ajudam a cobrir despesas b\u00e1sicas enquanto permanece impossibilitado de trabalhar. O artista aproveitou para agradecer o carinho que vem recebendo e explicou que publica v\u00eddeos para atualizar seu estado de sa\u00fade, j\u00e1 que n\u00e3o consegue responder individualmente a todas as mensagens.<\/p>\n<h2>P\u00fablico torce por recupera\u00e7\u00e3o completa<\/h2>\n<p>O relato de Claudio gerou grande repercuss\u00e3o nas redes sociais e refor\u00e7ou a torcida do p\u00fablico por sua recupera\u00e7\u00e3o. Muitos seguidores elogiaram a coragem do ator ao expor um momento t\u00e3o sens\u00edvel e demonstrar determina\u00e7\u00e3o diante dos obst\u00e1culos.<\/p>\n<p>A expectativa agora \u00e9 que os pr\u00f3ximos passos da fisioterapia tragam novos avan\u00e7os e aproximem Claudio do sonho de voltar para casa com independ\u00eancia.<\/p>\n<p><strong>Tags:<\/strong> Claudio Cinti, ator internado, sa\u00fade dos famosos, pneumonia severa, celebridades, recupera\u00e7\u00e3o hospitalar, famosos 2026<\/p>\n<p><!-- CONTENT END 2 --><\/p><\/div>\n","protected":false},"excerpt":{"rendered":"<p>Por MRNews Ator emociona ao revelar drama no hospital e explica por que precisa voltar a andar: \u2018N\u00e3o tenho quem cuide de mim\u2019 O ator Claudio Cinti comoveu seguidores ao compartilhar um relato sincero sobre o per\u00edodo de interna\u00e7\u00e3o que enfrenta desde fevereiro. Hospitalizado ap\u00f3s uma pneumonia severa, o artista revelou detalhes do processo de &#8230; <a title=\"Ator emociona ao revelar drama no hospital e explica por que precisa voltar a andar:\" class=\"read-more\" href=\"https:\/\/superinteressantes.com.br\/index.php\/2026\/04\/26\/ator-emociona-ao-revelar-drama-no-hospital-e-explica-por-que-precisa-voltar-a-andar\/\" aria-label=\"More on Ator emociona ao revelar drama no hospital e explica por que precisa voltar a andar:\">Ler mais<\/a><\/p>\n","protected":false},"author":3,"featured_media":0,"comment_status":"","ping_status":"","sticky":false,"template":"","format":"standard","meta":{"footnotes":""},"categories":[1],"tags":[],"class_list":["post-36538","post","type-post","status-publish","format-standard","hentry","category-sem-categoria"],"amp_enabled":true,"_links":{"self":[{"href":"https:\/\/superinteressantes.com.br\/index.php\/wp-json\/wp\/v2\/posts\/36538","targetHints":{"allow":["GET"]}}],"collection":[{"href":"https:\/\/superinteressantes.com.br\/index.php\/wp-json\/wp\/v2\/posts"}],"about":[{"href":"https:\/\/superinteressantes.com.br\/index.php\/wp-json\/wp\/v2\/types\/post"}],"author":[{"embeddable":true,"href":"https:\/\/superinteressantes.com.br\/index.php\/wp-json\/wp\/v2\/users\/3"}],"replies":[{"embeddable":true,"href":"https:\/\/superinteressantes.com.br\/index.php\/wp-json\/wp\/v2\/comments?post=36538"}],"version-history":[{"count":0,"href":"https:\/\/superinteressantes.com.br\/index.php\/wp-json\/wp\/v2\/posts\/36538\/revisions"}],"wp:attachment":[{"href":"https:\/\/superinteressantes.com.br\/index.php\/wp-json\/wp\/v2\/media?parent=36538"}],"wp:term":[{"taxonomy":"category","embeddable":true,"href":"https:\/\/superinteressantes.com.br\/index.php\/wp-json\/wp\/v2\/categories?post=36538"},{"taxonomy":"post_tag","embeddable":true,"href":"https:\/\/superinteressantes.com.br\/index.php\/wp-json\/wp\/v2\/tags?post=36538"}],"curies":[{"name":"wp","href":"https:\/\/api.w.org\/{rel}","templated":true}]}}