{"id":36536,"date":"2026-04-26T13:21:39","date_gmt":"2026-04-26T16:21:39","guid":{"rendered":"https:\/\/superinteressantes.com.br\/index.php\/2026\/04\/26\/1a-edicao-do-autista-run-reune-familias-e-promove-inclusao-entre-pessoas-tea-no-centro-esportivo-vila-gabriel-agencia-de-noticias\/"},"modified":"2026-04-26T13:21:39","modified_gmt":"2026-04-26T16:21:39","slug":"1a-edicao-do-autista-run-reune-familias-e-promove-inclusao-entre-pessoas-tea-no-centro-esportivo-vila-gabriel-agencia-de-noticias","status":"publish","type":"post","link":"https:\/\/superinteressantes.com.br\/index.php\/2026\/04\/26\/1a-edicao-do-autista-run-reune-familias-e-promove-inclusao-entre-pessoas-tea-no-centro-esportivo-vila-gabriel-agencia-de-noticias\/","title":{"rendered":"1\u00aa edi\u00e7\u00e3o do Autista Run re\u00fane fam\u00edlias e promove inclus\u00e3o entre pessoas TEA no Centro Esportivo Vila Gabriel \u2013 Ag\u00eancia de Not\u00edcias"},"content":{"rendered":"<p><\/p>\n<div wp_automatic_readability=\"31\">\n<div class=\"col\" wp_automatic_readability=\"7\">\n<p class=\"mt-0\">\n                        <strong><br \/>\n                            <span class=\"far fa-calendar mr-1 mt-2\"\/><br \/>\n                            26 de abril de 2026<br \/>\n                            <span class=\"far fa-clock ml-3 mt-2\"\/><br \/>\n                            12:30<br \/>\n                        <\/strong>\n                    <\/p>\n<p class=\"mb-0\">Por: <strong>Bruno Rodrigues<\/strong><\/p>\n<\/p><\/div>\n<\/p><\/div>\n<div wp_automatic_readability=\"68.173483779972\">\n<figure id=\"attachment_186371\" aria-describedby=\"caption-attachment-186371\" style=\"width: 960px\" class=\"wp-caption alignleft\"><figcaption id=\"caption-attachment-186371\" class=\"wp-caption-text\">Fotos: Ana Pignataro (Secom Sorocaba)<\/figcaption><\/figure>\n<p class=\"p1\"><span class=\"s1\">A Prefeitura de Sorocaba, por meio da Secretaria de Inclus\u00e3o e Transtorno do Espectro Autista (Sintea), realizou, neste domingo (26), no Centro Esportivo \u201cJornalista Armando Bacelli\u201d, na Vila Gabriel, a 1\u00aa edi\u00e7\u00e3o do Autista Run, corrida que tem como objetivo promover a inclus\u00e3o entre pessoas do Transtorno do Espectro Autista (TEA).<\/span><\/p>\n<p class=\"p2\"><span class=\"s1\">A incitava cumpre a Lei n\u00ba 13.277, de 18 de agosto de 2025, de autoria do vereador Cristiano Passos que inclui no Calend\u00e1rio Oficial de Eventos de Sorocaba a realiza\u00e7\u00e3o da \u201cCorrida Autista Run\u201d.<\/span><\/p>\n<p class=\"p1\"><span class=\"s1\">O evento reuniu fam\u00edlias, autoridades municipais, como a secretaria municipal de Esportes e Qualidade de Vida (Sequav), Renata Cristina Oliveira do Nascimento, o vereador Cristiano Passos e representantes da comunidade que fomenta a discuss\u00e3o sobre melhorias para os autistas, al\u00e9m da equipe da Sintea.<\/span><\/p>\n<p class=\"p1\"><span class=\"s1\">A corrida tamb\u00e9m contou a participa\u00e7\u00e3o repleta de fofura dos c\u00e3es terapeutas Buddy e Luke, da Guarda Civil Municipal (GCM de Sorocaba). <\/span><\/p>\n<p class=\"p1\"><span class=\"s1\">\u201cTodo momento que n\u00f3s temos a participa\u00e7\u00e3o da comunidade \u00e9 \u00fanico. A\u00e7\u00f5es de pol\u00edticas p\u00fablicas e eventos de inclus\u00e3o que contam com a participa\u00e7\u00e3o das fam\u00edlias \u00e9 de suma import\u00e2ncia. Portanto, parab\u00e9ns a todos os participantes e \u00e0 organiza\u00e7\u00e3o de hoje\u201d, disse T\u00e2nia Tonet, coordenadora de Planejamento Estrat\u00e9gico da Sintea.<\/span><\/p>\n<p><!-- Root element of PhotoSwipe. Must have class pswp. --><\/p>\n<p>\u00a0<\/p>\n<\/p><\/div>\n","protected":false},"excerpt":{"rendered":"<p>26 de abril de 2026 12:30 Por: Bruno Rodrigues Fotos: Ana Pignataro (Secom Sorocaba) A Prefeitura de Sorocaba, por meio da Secretaria de Inclus\u00e3o e Transtorno do Espectro Autista (Sintea), realizou, neste domingo (26), no Centro Esportivo \u201cJornalista Armando Bacelli\u201d, na Vila Gabriel, a 1\u00aa edi\u00e7\u00e3o do Autista Run, corrida que tem como objetivo promover &#8230; <a title=\"1\u00aa edi\u00e7\u00e3o do Autista Run re\u00fane fam\u00edlias e promove inclus\u00e3o entre pessoas TEA no Centro Esportivo Vila Gabriel \u2013 Ag\u00eancia de Not\u00edcias\" class=\"read-more\" href=\"https:\/\/superinteressantes.com.br\/index.php\/2026\/04\/26\/1a-edicao-do-autista-run-reune-familias-e-promove-inclusao-entre-pessoas-tea-no-centro-esportivo-vila-gabriel-agencia-de-noticias\/\" aria-label=\"More on 1\u00aa edi\u00e7\u00e3o do Autista Run re\u00fane fam\u00edlias e promove inclus\u00e3o entre pessoas TEA no Centro Esportivo Vila Gabriel \u2013 Ag\u00eancia de Not\u00edcias\">Ler mais<\/a><\/p>\n","protected":false},"author":1,"featured_media":0,"comment_status":"","ping_status":"","sticky":false,"template":"","format":"standard","meta":{"footnotes":""},"categories":[1],"tags":[],"class_list":["post-36536","post","type-post","status-publish","format-standard","hentry","category-sem-categoria"],"amp_enabled":true,"_links":{"self":[{"href":"https:\/\/superinteressantes.com.br\/index.php\/wp-json\/wp\/v2\/posts\/36536","targetHints":{"allow":["GET"]}}],"collection":[{"href":"https:\/\/superinteressantes.com.br\/index.php\/wp-json\/wp\/v2\/posts"}],"about":[{"href":"https:\/\/superinteressantes.com.br\/index.php\/wp-json\/wp\/v2\/types\/post"}],"author":[{"embeddable":true,"href":"https:\/\/superinteressantes.com.br\/index.php\/wp-json\/wp\/v2\/users\/1"}],"replies":[{"embeddable":true,"href":"https:\/\/superinteressantes.com.br\/index.php\/wp-json\/wp\/v2\/comments?post=36536"}],"version-history":[{"count":0,"href":"https:\/\/superinteressantes.com.br\/index.php\/wp-json\/wp\/v2\/posts\/36536\/revisions"}],"wp:attachment":[{"href":"https:\/\/superinteressantes.com.br\/index.php\/wp-json\/wp\/v2\/media?parent=36536"}],"wp:term":[{"taxonomy":"category","embeddable":true,"href":"https:\/\/superinteressantes.com.br\/index.php\/wp-json\/wp\/v2\/categories?post=36536"},{"taxonomy":"post_tag","embeddable":true,"href":"https:\/\/superinteressantes.com.br\/index.php\/wp-json\/wp\/v2\/tags?post=36536"}],"curies":[{"name":"wp","href":"https:\/\/api.w.org\/{rel}","templated":true}]}}