{"id":36531,"date":"2026-04-26T07:52:41","date_gmt":"2026-04-26T10:52:41","guid":{"rendered":"https:\/\/superinteressantes.com.br\/index.php\/2026\/04\/26\/pacientes-aprovam-mutirao-oftalmologico-realizado-pela-prefeitura-de-joao-pessoa\/"},"modified":"2026-04-26T07:52:41","modified_gmt":"2026-04-26T10:52:41","slug":"pacientes-aprovam-mutirao-oftalmologico-realizado-pela-prefeitura-de-joao-pessoa","status":"publish","type":"post","link":"https:\/\/superinteressantes.com.br\/index.php\/2026\/04\/26\/pacientes-aprovam-mutirao-oftalmologico-realizado-pela-prefeitura-de-joao-pessoa\/","title":{"rendered":"Pacientes aprovam mutir\u00e3o oftalmol\u00f3gico realizado pela Prefeitura de Jo\u00e3o Pessoa"},"content":{"rendered":"<p><\/p>\n<div>\n<p>A Prefeitura de Jo\u00e3o Pessoa, por meio da Secretaria Municipal de Sa\u00fade (SMS), realizou um mutir\u00e3o de consultas oftalmol\u00f3gicas neste s\u00e1bado (25). A iniciativa, que aconteceu em cl\u00ednicas conveniadas \u00e0 rede SUS do Munic\u00edpio, teve como objetivo preparar pacientes para a cirurgia de catarata. A a\u00e7\u00e3o beneficiou usu\u00e1rios previamente agendados que aguardam a realiza\u00e7\u00e3o da cirurgia.<\/p>\n<figure class=\"wp-block-gallery has-nested-images columns-default is-cropped wp-block-gallery-1 is-layout-flex wp-block-gallery-is-layout-flex\">\n<figure class=\"wp-block-image size-large\"><\/figure>\n<figure class=\"wp-block-image size-large\"><\/figure>\n<figure class=\"wp-block-image size-large\"><\/figure>\n<\/figure>\n<p>O diretor de Regula\u00e7\u00e3o da SMS, Eduardo Simon, afirmou que, na manh\u00e3 deste s\u00e1bado, houve uma excelente procura nas quatro cl\u00ednicas e que os atendimentos flu\u00edram bem. \u201cOs pacientes foram fazer suas avalia\u00e7\u00f5es e, no mesmo momento em que eles estavam l\u00e1, n\u00f3s t\u00ednhamos funcion\u00e1rios da Secretaria de Sa\u00fade e da Regula\u00e7\u00e3o Municipal que est\u00e3o fazendo os agendamentos dos exames pr\u00e9-operat\u00f3rios, do risco cir\u00fargico\u201d, pontuou.<\/p>\n<figure class=\"wp-block-gallery has-nested-images columns-default is-cropped wp-block-gallery-2 is-layout-flex wp-block-gallery-is-layout-flex\">\n<figure class=\"wp-block-image size-large\"><\/figure>\n<figure class=\"wp-block-image size-large\"><\/figure>\n<\/figure>\n<p>Ele afirmou que os pacientes ficaram muito satisfeitos e destacou a relev\u00e2ncia do trabalho de todos que contribu\u00edram no mutir\u00e3o: \u201cA gente queria tamb\u00e9m parabenizar os profissionais envolvidos, os m\u00e9dicos oftalmologistas \u2013 muitos pacientes elogiando porque eles se mobilizaram num s\u00e1bado de manh\u00e3 \u2013 m\u00e9dicos, enfermeiros, recepcionistas. \u00c9 realmente um clima muito bom e muito satisfat\u00f3rio\u201d, disse o diretor.<\/p>\n<p>Eduardo Simon acrescentou que, a partir de segunda-feira (27), a Secretaria Municipal de Sa\u00fade vai seguir com o processo: \u201cVamos come\u00e7ar a monitorar esses pacientes para que aqueles que precisem ser operados sejam operados em tempo oportuno e a gente consiga dar uma boa resposta \u00e0 popula\u00e7\u00e3o\u201d, acrescentou.<\/p>\n<figure class=\"wp-block-gallery has-nested-images columns-default is-cropped wp-block-gallery-3 is-layout-flex wp-block-gallery-is-layout-flex\">\n<figure class=\"wp-block-image size-large\"><\/figure>\n<\/figure>\n<p>Superintendente de Gest\u00e3o Hospitalar da SMS, Alexandre \u00cdtalo, relatou que\u00a0foi conferido cada ponto do Mutir\u00e3o de Oftalmologia para triagem de catarata.\u00a0Ele lembrou que as vagas foram abertas para que a popula\u00e7\u00e3o tivesse um acesso mais r\u00e1pido aos cuidados e \u00e0 cirurgia. \u201cAs vagas foram ofertadas para que o idoso ou a pessoa que tem esse problema de catarata e est\u00e1 na fila de espera pudesse ser atendida o mais breve poss\u00edvel, diminuindo a fila e aumentando a qualidade e a satisfa\u00e7\u00e3o do nosso atendimento\u201d, enfatizou.<\/p>\n<p>Ao todo, foram ofertadas 620 vagas, das quais 120 somente na Cl\u00ednica da Vis\u00e3o. Uma das pacientes atendidas foi a aposentada Gic\u00e9lia da Silva Barbosa, de 68 anos, que mora no bairro do Geisel, e saiu da consulta comemorando: \u201c\u00c9 uma b\u00ean\u00e7\u00e3o esse mutir\u00e3o. Quando eu soube, nem tive d\u00favidas. Eu j\u00e1 vinha com esse problema de catarata h\u00e1 muito tempo e sem condi\u00e7\u00f5es financeiras de fazer a cirurgia. Foi uma gl\u00f3ria. J\u00e1 est\u00e1 sendo providenciado e eu espero que d\u00ea tudo certo. A Prefeitura est\u00e1 de parab\u00e9ns\u201d, afirmou.<\/p>\n<figure class=\"wp-block-gallery has-nested-images columns-default is-cropped wp-block-gallery-4 is-layout-flex wp-block-gallery-is-layout-flex\">\n<figure class=\"wp-block-image size-large\"><\/figure>\n<figure class=\"wp-block-image size-large\"><\/figure>\n<figure class=\"wp-block-image size-large\"><\/figure>\n<\/figure>\n<p>O aposentado Severino Adelino da Silva, 68 anos, morador do bairro de Mangabeira, tamb\u00e9m chegou cedo \u00e0 cl\u00ednica: \u201cEstou aguardando aqui na fila para passar pelo m\u00e9dico. Eu tenho catarata e acho muito importante que a Prefeitura fa\u00e7a esse tipo de trabalho. A gente que precisa sabe como vale a pena ter esse atendimento e fazer a cirurgia. Esse problema afeta muito a vis\u00e3o\u201d, disse.<\/p>\n<figure class=\"wp-block-image size-large\"><\/figure>\n<p>Durante o mutir\u00e3o, foram realizadas consultas pr\u00e9-cir\u00fargicas, incluindo avalia\u00e7\u00e3o de risco cir\u00fargico e encaminhamento para exames laboratoriais, etapa fundamental para garantir seguran\u00e7a e agilidade no procedimento. A iniciativa busca otimizar o fluxo de atendimentos e acelerar o acesso \u00e0s cirurgias, promovendo mais qualidade de vida para a popula\u00e7\u00e3o.<\/p>\n<p>Al\u00e9m da Cl\u00ednica da Vis\u00e3o, as consultas foram realizadas no Centro M\u00e9dico Audiovisual, ambos no bairro da Torre; na Oftalmocl\u00ednica Saulo Freire, no Centro; e no Centro Especializado em Cirurgia de Catarata (Cecat), em Tamba\u00fa.<\/p>\n<\/p><\/div>\n","protected":false},"excerpt":{"rendered":"<p>A Prefeitura de Jo\u00e3o Pessoa, por meio da Secretaria Municipal de Sa\u00fade (SMS), realizou um mutir\u00e3o de consultas oftalmol\u00f3gicas neste s\u00e1bado (25). A iniciativa, que aconteceu em cl\u00ednicas conveniadas \u00e0 rede SUS do Munic\u00edpio, teve como objetivo preparar pacientes para a cirurgia de catarata. A a\u00e7\u00e3o beneficiou usu\u00e1rios previamente agendados que aguardam a realiza\u00e7\u00e3o da &#8230; <a title=\"Pacientes aprovam mutir\u00e3o oftalmol\u00f3gico realizado pela Prefeitura de Jo\u00e3o Pessoa\" class=\"read-more\" href=\"https:\/\/superinteressantes.com.br\/index.php\/2026\/04\/26\/pacientes-aprovam-mutirao-oftalmologico-realizado-pela-prefeitura-de-joao-pessoa\/\" aria-label=\"More on Pacientes aprovam mutir\u00e3o oftalmol\u00f3gico realizado pela Prefeitura de Jo\u00e3o Pessoa\">Ler mais<\/a><\/p>\n","protected":false},"author":1,"featured_media":0,"comment_status":"","ping_status":"","sticky":false,"template":"","format":"standard","meta":{"footnotes":""},"categories":[1],"tags":[],"class_list":["post-36531","post","type-post","status-publish","format-standard","hentry","category-sem-categoria"],"amp_enabled":true,"_links":{"self":[{"href":"https:\/\/superinteressantes.com.br\/index.php\/wp-json\/wp\/v2\/posts\/36531","targetHints":{"allow":["GET"]}}],"collection":[{"href":"https:\/\/superinteressantes.com.br\/index.php\/wp-json\/wp\/v2\/posts"}],"about":[{"href":"https:\/\/superinteressantes.com.br\/index.php\/wp-json\/wp\/v2\/types\/post"}],"author":[{"embeddable":true,"href":"https:\/\/superinteressantes.com.br\/index.php\/wp-json\/wp\/v2\/users\/1"}],"replies":[{"embeddable":true,"href":"https:\/\/superinteressantes.com.br\/index.php\/wp-json\/wp\/v2\/comments?post=36531"}],"version-history":[{"count":0,"href":"https:\/\/superinteressantes.com.br\/index.php\/wp-json\/wp\/v2\/posts\/36531\/revisions"}],"wp:attachment":[{"href":"https:\/\/superinteressantes.com.br\/index.php\/wp-json\/wp\/v2\/media?parent=36531"}],"wp:term":[{"taxonomy":"category","embeddable":true,"href":"https:\/\/superinteressantes.com.br\/index.php\/wp-json\/wp\/v2\/categories?post=36531"},{"taxonomy":"post_tag","embeddable":true,"href":"https:\/\/superinteressantes.com.br\/index.php\/wp-json\/wp\/v2\/tags?post=36531"}],"curies":[{"name":"wp","href":"https:\/\/api.w.org\/{rel}","templated":true}]}}