{"id":36528,"date":"2026-04-26T04:49:42","date_gmt":"2026-04-26T07:49:42","guid":{"rendered":"https:\/\/superinteressantes.com.br\/index.php\/2026\/04\/26\/palestinos-vao-as-urnas-em-eleicoes-municipais\/"},"modified":"2026-04-26T04:49:42","modified_gmt":"2026-04-26T07:49:42","slug":"palestinos-vao-as-urnas-em-eleicoes-municipais","status":"publish","type":"post","link":"https:\/\/superinteressantes.com.br\/index.php\/2026\/04\/26\/palestinos-vao-as-urnas-em-eleicoes-municipais\/","title":{"rendered":"Palestinos v\u00e3o \u00e0s urnas em elei\u00e7\u00f5es municipais"},"content":{"rendered":"<p> Por MRNews<br \/>\n<\/p>\n<div wp_automatic_readability=\"150.51014442916\">\n<p><strong>Neste s\u00e1bado (25), os palestinos votaram em elei\u00e7\u00f5es locais que, pela primeira vez em duas d\u00e9cadas, inclu\u00edram Gaza e servem como um indicador do clima pol\u00edtico<\/strong>, enquanto o governo de Israel busca destruir qualquer futuro para um Estado palestino.<\/p>\n<p><strong>A Autoridade Palestina, sediada na Cisjord\u00e2nia, afirmou que espera que a inclus\u00e3o da cidade de Deir al-Balah, na Faixa de Gaza, reforce sua reivindica\u00e7\u00e3o de autoridade sobre o territ\u00f3rio do qual foi expulsa pelo Hamas em 2007.<\/strong><\/p>\n<p>Alguns habitantes de Gaza, que lutam para suprir suas necessidades b\u00e1sicas no enclave devastado, acolheram com satisfa\u00e7\u00e3o a oportunidade de votar.<\/p>\n<p><strong><a href=\"https:\/\/mrnews.com.br\/index.php\/2026\/04\/26\/homem-atira-durante-jantar-de-trump-com-correspondentes-em-washington\/\">Homem atira durante jantar de Trump com correspondentes em Washington<\/a><\/strong><\/p>\n<p><strong><a href=\"https:\/\/mrnews.com.br\/index.php\/2026\/04\/25\/estacionamento-premium-brb-no-aeroporto-de-brasilia-como-funciona-vagas-e-quem-pode-usar\/\">Estacionamento Premium BRB no Aeroporto de Bras\u00edlia; como funciona, vagas e quem pode usar<\/a><\/strong><\/p>\n<blockquote wp_automatic_readability=\"13\">\n<p>\u201cComo palestino e filho da Faixa de Gaza, sinto orgulho de que, ap\u00f3s esta guerra, o processo democr\u00e1tico esteja retornando\u201d, disse o eleitor Mamdouh al-Bhaisi, de 52 anos, na se\u00e7\u00e3o eleitoral de Deir al-Balah.<\/p>\n<\/blockquote>\n<p><strong>A participa\u00e7\u00e3o, no entanto, foi baixa, com 22,7% em Deir al-Balah e 53,44% na Cisjord\u00e2nia, segundo dados oficiais.<\/strong> A apura\u00e7\u00e3o come\u00e7ou imediatamente e os resultados s\u00e3o esperados ainda neste s\u00e1bado ou domingo, informaram as autoridades.<\/p>\n<p>Hani Al-Masri, analista pol\u00edtico na Cisjord\u00e2nia, afirmou que a baixa participa\u00e7\u00e3o em Gaza demonstra que a crise humanit\u00e1ria em curso fez com que a vota\u00e7\u00e3o n\u00e3o fosse uma prioridade e que as pessoas estivessem focadas na sobreviv\u00eancia em vez dos processos pol\u00edticos.<\/p>\n<p>Na Cisjord\u00e2nia, a participa\u00e7\u00e3o tamb\u00e9m refletiu o impacto de um boicote por parte de algumas fac\u00e7\u00f5es, disse Masri.<\/p>\n<p><strong><a href=\"https:\/\/mrnews.com.br\/index.php\/2026\/04\/25\/459860\/\">Salas VIP no Aeroporto de Bras\u00edlia: guia completo para aproveitar lounges e benef\u00edcios em BSB<\/a><\/strong><\/p>\n<p><strong><a href=\"https:\/\/mrnews.com.br\/index.php\/2026\/04\/25\/audiencia-publica-debate-pl-de-reparacao-historica-em-sao-paulo\/\">Audi\u00eancia p\u00fablica debate PL de repara\u00e7\u00e3o hist\u00f3rica em S\u00e3o Paulo<\/a><\/strong><\/p>\n<p>Ao votar em uma se\u00e7\u00e3o eleitoral na \u00e1rea de Al-Bireh, perto de Ramallah, o presidente palestino Mahmoud Abbas afirmou que, eventualmente, elei\u00e7\u00f5es ser\u00e3o realizadas em toda a Faixa de Gaza quando as condi\u00e7\u00f5es permitirem.<\/p>\n<blockquote wp_automatic_readability=\"10\">\n<p>\u201cGaza \u00e9 parte insepar\u00e1vel do Estado da Palestina. Portanto, trabalhamos por todos os meios para garantir que as elei\u00e7\u00f5es ocorram em Deir al-Balah, a fim de afirmar a unidade das duas partes do pa\u00eds\u201d, disse ele.<\/p>\n<\/blockquote>\n<h2>Controle sobre Gaza<\/h2>\n<p>Desde que o cessar-fogo mediado pelos EUA entre o Hamas e Israel entrou em vigor em outubro, as negocia\u00e7\u00f5es intermitentes lideradas pelos Estados Unidos fizeram poucos progressos em dire\u00e7\u00e3o a um acordo que preveja a supervis\u00e3o internacional de Gaza.<\/p>\n<p>Os governos europeus e \u00e1rabes apoiam amplamente o eventual retorno da governan\u00e7a da Autoridade Palestina em Gaza, juntamente com o estabelecimento de um Estado palestino independente. Este Estado abrangeria Gaza, Jerusal\u00e9m Oriental e a Cisjord\u00e2nia, onde a Autoridade Palestina exerce autogoverno limitado sob a ocupa\u00e7\u00e3o israelense.<\/p>\n<p><strong>Diplomatas ocidentais afirmaram que as elei\u00e7\u00f5es locais podem ser um passo rumo \u00e0s primeiras elei\u00e7\u00f5es nacionais em quase duas d\u00e9cadas e impulsionar reformas para aumentar a transpar\u00eancia e a responsabiliza\u00e7\u00e3o, que, segundo a Autoridade Palestina, j\u00e1 est\u00e3o em andamento.<\/strong><\/p>\n<p>\u201cEsperamos que o procedimento realizado hoje seja coroado com elei\u00e7\u00f5es legislativas e presidenciais\u201d, disse Munif Treish, um dos candidatos na Cisjord\u00e2nia.<\/p>\n<p>A vota\u00e7\u00e3o de s\u00e1bado \u00e9 a primeira de qualquer tipo em Gaza desde 2006 e as primeiras elei\u00e7\u00f5es palestinas realizadas desde o in\u00edcio da guerra em Gaza, h\u00e1 mais de dois anos, com um ataque transfronteiri\u00e7o do Hamas contra comunidades no sul de Israel. As \u00faltimas elei\u00e7\u00f5es municipais na Cisjord\u00e2nia ocorreram h\u00e1 quatro anos.<\/p>\n<h2>Dificuldades financeiras<\/h2>\n<p><strong>A Autoridade Palestina tem enfrentado dificuldades para pagar sal\u00e1rios, j\u00e1 que Israel ret\u00e9m a receita tribut\u00e1ria que arrecada em seu nome, aumentando os temores de um colapso econ\u00f4mico.<\/strong> Israel justifica a reten\u00e7\u00e3o dos fundos como um protesto contra os pagamentos de assist\u00eancia social a prisioneiros e familiares de pessoas mortas por suas for\u00e7as, que, segundo o pa\u00eds, incentivam ataques.<\/p>\n<p>O governo israelense tamb\u00e9m tomou medidas para ajudar os colonos a adquirir terras na Cisjord\u00e2nia. O ministro das Finan\u00e7as, Bezalel Smotrich, afirmou repetidamente: \u201cContinuaremos a matar a ideia de um Estado palestino\u201d.<\/p>\n<p>Em Deir al-Balah, que sofreu menos danos com o ataque de Israel desde 2023 do que outras cidades de Gaza, faixas com listas de candidatos est\u00e3o penduradas nos pr\u00e9dios.<\/p>\n<p><strong>O comit\u00ea eleitoral palestino citou a destrui\u00e7\u00e3o generalizada como um dos motivos pelos quais a vota\u00e7\u00e3o n\u00e3o p\u00f4de ser realizada no restante da Faixa de Gaza, mais da metade da qual \u00e9 controlada por Israel, e o restante sob o dom\u00ednio do Hamas.<\/strong><\/p>\n<h2>Boicote do Hamas<\/h2>\n<p><strong>Algumas fac\u00e7\u00f5es palestinas boicotaram as elei\u00e7\u00f5es em protesto contra o pedido da Autoridade Palestina para que os candidatos apoiassem seus acordos, que incluem o reconhecimento do Estado de Israel.<\/strong><\/p>\n<p>O Hamas, que governa Gaza h\u00e1 quase duas d\u00e9cadas, n\u00e3o indicou formalmente nenhum candidato, mas uma das listas apresentadas na elei\u00e7\u00e3o de Deir al-Balah foi vista por moradores e analistas como alinhada ao grupo.<\/p>\n<p>Analistas afirmam que o desempenho de candidatos ligados ao grupo militante pode ser um indicador de sua popularidade. A maioria dos candidatos, inclusive na Cisjord\u00e2nia, concorre pelo Fatah, o principal movimento pol\u00edtico por tr\u00e1s da Autoridade Palestina, ou como independentes.<\/p>\n<p><strong>O Hamas afirmou que respeitar\u00e1 os resultados.<\/strong> Fontes palestinas disseram \u00e0 Reuters antes da vota\u00e7\u00e3o que policiais civis do grupo foram mobilizados para proteger as se\u00e7\u00f5es eleitorais em Gaza.<\/p>\n<p>O Comit\u00ea Central Eleitoral Palestino afirmou que mais de um milh\u00e3o de palestinos, incluindo 70 mil em Gaza, est\u00e3o aptos a votar.<\/p>\n<\/div>\n","protected":false},"excerpt":{"rendered":"<p>Por MRNews Neste s\u00e1bado (25), os palestinos votaram em elei\u00e7\u00f5es locais que, pela primeira vez em duas d\u00e9cadas, inclu\u00edram Gaza e servem como um indicador do clima pol\u00edtico, enquanto o governo de Israel busca destruir qualquer futuro para um Estado palestino. A Autoridade Palestina, sediada na Cisjord\u00e2nia, afirmou que espera que a inclus\u00e3o da cidade &#8230; <a title=\"Palestinos v\u00e3o \u00e0s urnas em elei\u00e7\u00f5es municipais\" class=\"read-more\" href=\"https:\/\/superinteressantes.com.br\/index.php\/2026\/04\/26\/palestinos-vao-as-urnas-em-eleicoes-municipais\/\" aria-label=\"More on Palestinos v\u00e3o \u00e0s urnas em elei\u00e7\u00f5es municipais\">Ler mais<\/a><\/p>\n","protected":false},"author":3,"featured_media":0,"comment_status":"","ping_status":"","sticky":false,"template":"","format":"standard","meta":{"footnotes":""},"categories":[1],"tags":[],"class_list":["post-36528","post","type-post","status-publish","format-standard","hentry","category-sem-categoria"],"amp_enabled":true,"_links":{"self":[{"href":"https:\/\/superinteressantes.com.br\/index.php\/wp-json\/wp\/v2\/posts\/36528","targetHints":{"allow":["GET"]}}],"collection":[{"href":"https:\/\/superinteressantes.com.br\/index.php\/wp-json\/wp\/v2\/posts"}],"about":[{"href":"https:\/\/superinteressantes.com.br\/index.php\/wp-json\/wp\/v2\/types\/post"}],"author":[{"embeddable":true,"href":"https:\/\/superinteressantes.com.br\/index.php\/wp-json\/wp\/v2\/users\/3"}],"replies":[{"embeddable":true,"href":"https:\/\/superinteressantes.com.br\/index.php\/wp-json\/wp\/v2\/comments?post=36528"}],"version-history":[{"count":0,"href":"https:\/\/superinteressantes.com.br\/index.php\/wp-json\/wp\/v2\/posts\/36528\/revisions"}],"wp:attachment":[{"href":"https:\/\/superinteressantes.com.br\/index.php\/wp-json\/wp\/v2\/media?parent=36528"}],"wp:term":[{"taxonomy":"category","embeddable":true,"href":"https:\/\/superinteressantes.com.br\/index.php\/wp-json\/wp\/v2\/categories?post=36528"},{"taxonomy":"post_tag","embeddable":true,"href":"https:\/\/superinteressantes.com.br\/index.php\/wp-json\/wp\/v2\/tags?post=36528"}],"curies":[{"name":"wp","href":"https:\/\/api.w.org\/{rel}","templated":true}]}}