{"id":36406,"date":"2026-04-21T19:23:00","date_gmt":"2026-04-21T22:23:00","guid":{"rendered":"https:\/\/superinteressantes.com.br\/index.php\/2026\/04\/21\/nova-iguacu-abre-inscricoes-para-sua-brigada-florestal-voluntaria\/"},"modified":"2026-04-21T19:23:00","modified_gmt":"2026-04-21T22:23:00","slug":"nova-iguacu-abre-inscricoes-para-sua-brigada-florestal-voluntaria","status":"publish","type":"post","link":"https:\/\/superinteressantes.com.br\/index.php\/2026\/04\/21\/nova-iguacu-abre-inscricoes-para-sua-brigada-florestal-voluntaria\/","title":{"rendered":"Nova Igua\u00e7u abre inscri\u00e7\u00f5es para sua Brigada Florestal Volunt\u00e1ria"},"content":{"rendered":"<p><\/p>\n<div id=\"post_37645\">\n<header>\n<h2>Nova Igua\u00e7u abre inscri\u00e7\u00f5es para sua Brigada Florestal Volunt\u00e1ria<\/h2>\n<h4>\n                <em><br \/>\n                    <time class=\"text-muted\" datetime=\"15-04-2026\">15 de abril de 2026<\/time><br \/>\n                <\/em><br \/>\n            <\/h4>\n<\/header>\n<section>\n<p>A Prefeitura de Nova Igua\u00e7u vai abrir duas novas turmas do curso de forma\u00e7\u00e3o da Brigada Florestal Volunt\u00e1ria. O objetivo \u00e9 capacitar novos agentes para atuarem de forma efetiva e segura em a\u00e7\u00f5es de preven\u00e7\u00e3o e resposta aos inc\u00eandios florestais visando a preserva\u00e7\u00e3o do meio ambiente e a prote\u00e7\u00e3o das comunidades. As inscri\u00e7\u00f5es ter\u00e3o in\u00edcio nesta quinta-feira (16) e v\u00e3o at\u00e9 o dia 8 de maio. Os formul\u00e1rios de inscri\u00e7\u00e3o est\u00e3o em https:\/\/www.novaiguacu.rj.gov.br\/semam\/cursos\/.<\/p>\n<p style=\"text-align: justify;\">O curso, uma parceria entre as secretarias municipais de Defesa Civil (SMDC) e de Agricultura e Meio Ambiente (SEMAM), \u00e9 realizado pela Guarda Municipal Ambiental (GAM). Ao todo, ser\u00e3o disponibilizadas 80 vagas para igua\u00e7uanos, com idade m\u00ednima de 18 anos, que estejam inscritos no cadastro de volunt\u00e1rios da Defesa Civil municipal. Os interessados devem apresentar atestado m\u00e9dico informando estarem aptos f\u00edsica e mentalmente para participar da atividade e ter disponibilidade em hor\u00e1rio integral. Tamb\u00e9m \u00e9 obrigat\u00f3rio apresentar certid\u00e3o de antecedentes criminais da Justi\u00e7a Estadual (RJ) e da Justi\u00e7a Federal (TRF 2\u00ba Regi\u00e3o).<\/p>\n<p style=\"text-align: justify;\">A primeira turma ser\u00e1 capacitada entre os dias 9 e 12 de junho. J\u00e1 a segunda turma passar\u00e1 pelo treinamento entre os dias 21, 22, 23 e 24 de julho. Ambas ter\u00e3o as tr\u00eas primeiras aulas na Universidade Federal Rural do Rio de Janeiro (UFRRJ) \u2013 Campus Nova Igua\u00e7u, na Avenida Governador Roberto Silveira, s\/n\u00ba, bairro Moquet\u00e1, de 8h \u00e0s 18h. O quarto e \u00faltimo dia ser\u00e1 de simula\u00e7\u00e3o com queima controlada na Serra de Madureira.<\/p>\n<p style=\"text-align: justify;\">Criado em 2023, o curso de forma\u00e7\u00e3o da Brigada Florestal Volunt\u00e1ria j\u00e1 capacitou 220 agentes volunt\u00e1rios em oito turmas. Treinados para atuar tanto na preven\u00e7\u00e3o quanto no combate \u00e0s chamas, eles t\u00eam sido decisivos na redu\u00e7\u00e3o dos inc\u00eandios florestais na cidade. No ano passado, antes de um inc\u00eandio ocorrido na APA Gericin\u00f3-Mendanha, os brigadistas abriram faixas e estradas de acesso ao topo do morro, facilitando a chegada das equipes e evitando maior devasta\u00e7\u00e3o.<\/p>\n<p style=\"text-align: justify;\"><strong>Munic\u00edpio tem a maior redu\u00e7\u00e3o de inc\u00eandios florestais em sete anos<\/strong><\/p>\n<\/p>\n<p style=\"text-align: justify;\">Dados da Plataforma MAPBiomas, refer\u00eancia acad\u00eamica e cient\u00edfica em an\u00e1lises geoespaciais, mostram que os inc\u00eandios florestais ocorridos ao longo de 2025 destru\u00edram 255 hectares em \u00e1reas verdes. O n\u00famero \u00e9 4,5 vezes menor em rela\u00e7\u00e3o ao ano anterior, quando foram registrados 1.162 hectares queimados. Com isso, a redu\u00e7\u00e3o foi de 78%, a maior desde 2019, quando a plataforma iniciou as observa\u00e7\u00f5es.<\/p>\n<p style=\"text-align: justify;\">O levantamento mostra que o m\u00eas de maior incid\u00eancia de inc\u00eandios \u00e9 julho, com m\u00e9dia de 132 hectares por ano. Na sequ\u00eancia v\u00eam junho (92,5), maio (76,57), agosto (64,85) e setembro (25,7). Embora apare\u00e7a na terceira posi\u00e7\u00e3o, maio costuma ser um m\u00eas de poucas queimadas. Em tr\u00eas dos \u00faltimos sete anos, n\u00e3o houve registros de inc\u00eandios florestais neste m\u00eas. Em duas ocasi\u00f5es, foram apenas tr\u00eas hectares tomados pelo fogo. Em 2023, foram 19. O ponto fora da curva foi 2024, quando as chamas destru\u00edram 511 hectares de \u00e1reas verdes, fazendo maio daquele ano o m\u00eas com o maior acumulado de \u00e1reas atingidas pelo fogo em toda a s\u00e9rie hist\u00f3rica do MAPBiomas.<\/p>\n<p style=\"text-align: justify;\">Para que se tenha uma ideia, este quantitativo de apenas um m\u00eas s\u00f3 n\u00e3o \u00e9 superior ao total acumulado ao longo de 2024, quando foram registrados 1.162 hectares queimados, e 2023, com 668. Com 409 hectares incendiados, julho de 2023 tamb\u00e9m se destaca entre os mais destrutivos, superando o acumulado do ano de 2021, com 278 hectares, de 2025 (255), 2022 (231), 2019 (181) e 2020 (156).<\/p>\n<\/section><\/div>\n","protected":false},"excerpt":{"rendered":"<p>Nova Igua\u00e7u abre inscri\u00e7\u00f5es para sua Brigada Florestal Volunt\u00e1ria 15 de abril de 2026 A Prefeitura de Nova Igua\u00e7u vai abrir duas novas turmas do curso de forma\u00e7\u00e3o da Brigada Florestal Volunt\u00e1ria. O objetivo \u00e9 capacitar novos agentes para atuarem de forma efetiva e segura em a\u00e7\u00f5es de preven\u00e7\u00e3o e resposta aos inc\u00eandios florestais visando &#8230; <a title=\"Nova Igua\u00e7u abre inscri\u00e7\u00f5es para sua Brigada Florestal Volunt\u00e1ria\" class=\"read-more\" href=\"https:\/\/superinteressantes.com.br\/index.php\/2026\/04\/21\/nova-iguacu-abre-inscricoes-para-sua-brigada-florestal-voluntaria\/\" aria-label=\"More on Nova Igua\u00e7u abre inscri\u00e7\u00f5es para sua Brigada Florestal Volunt\u00e1ria\">Ler mais<\/a><\/p>\n","protected":false},"author":1,"featured_media":0,"comment_status":"","ping_status":"","sticky":false,"template":"","format":"standard","meta":{"footnotes":""},"categories":[1],"tags":[],"class_list":["post-36406","post","type-post","status-publish","format-standard","hentry","category-sem-categoria"],"amp_enabled":true,"_links":{"self":[{"href":"https:\/\/superinteressantes.com.br\/index.php\/wp-json\/wp\/v2\/posts\/36406","targetHints":{"allow":["GET"]}}],"collection":[{"href":"https:\/\/superinteressantes.com.br\/index.php\/wp-json\/wp\/v2\/posts"}],"about":[{"href":"https:\/\/superinteressantes.com.br\/index.php\/wp-json\/wp\/v2\/types\/post"}],"author":[{"embeddable":true,"href":"https:\/\/superinteressantes.com.br\/index.php\/wp-json\/wp\/v2\/users\/1"}],"replies":[{"embeddable":true,"href":"https:\/\/superinteressantes.com.br\/index.php\/wp-json\/wp\/v2\/comments?post=36406"}],"version-history":[{"count":0,"href":"https:\/\/superinteressantes.com.br\/index.php\/wp-json\/wp\/v2\/posts\/36406\/revisions"}],"wp:attachment":[{"href":"https:\/\/superinteressantes.com.br\/index.php\/wp-json\/wp\/v2\/media?parent=36406"}],"wp:term":[{"taxonomy":"category","embeddable":true,"href":"https:\/\/superinteressantes.com.br\/index.php\/wp-json\/wp\/v2\/categories?post=36406"},{"taxonomy":"post_tag","embeddable":true,"href":"https:\/\/superinteressantes.com.br\/index.php\/wp-json\/wp\/v2\/tags?post=36406"}],"curies":[{"name":"wp","href":"https:\/\/api.w.org\/{rel}","templated":true}]}}