{"id":320,"date":"2023-08-08T00:13:10","date_gmt":"2023-08-08T03:13:10","guid":{"rendered":"http:\/\/superinteressantes.com.br\/index.php\/2023\/08\/08\/neabi-abre-inscricoes-para-novos-membros-ifsp\/"},"modified":"2023-08-08T00:13:10","modified_gmt":"2023-08-08T03:13:10","slug":"neabi-abre-inscricoes-para-novos-membros-ifsp","status":"publish","type":"post","link":"https:\/\/superinteressantes.com.br\/index.php\/2023\/08\/08\/neabi-abre-inscricoes-para-novos-membros-ifsp\/","title":{"rendered":"Neabi abre inscri\u00e7\u00f5es para novos membros &#8211; IFSP"},"content":{"rendered":"<p><\/p>\n<div>\n<div class=\"subtitle\">\n<p><span style=\"font-weight: 400;\">Interessados devem se inscrever de 7 a 18 de agosto<\/span><\/p>\n<\/div>\n<p><!-- fim .content-header-options-1 --><\/p>\n<p><span style=\"font-weight: 400;\"><\/span><\/p>\n<p><span style=\"font-weight: 400;\">O N\u00facleo de Estudos Afro-Brasileiros e Ind\u00edgenas (Neabi) do IFSP receber\u00e1, entre os dias 7 e 18 de agosto, inscri\u00e7\u00f5es para novos membros.<\/span><\/p>\n<p><span style=\"font-weight: 400;\"> Podem se candidatar para compor o Neabi: docentes, t\u00e9cnicos administrativos e discentes regularmente matriculados e egressos do IFSP.<\/span><\/p>\n<p><span style=\"font-weight: 400;\">Ser\u00e3o disponibilizadas at\u00e9 20 (vinte) vagas, as quais ser\u00e3o preenchidas por ordem de classifica\u00e7\u00e3o, e ter\u00e3o prioridade:<\/span><\/p>\n<p>I. candidatos que tenham ac\u00famulo na tem\u00e1tica ind\u00edgena, conforme requisitos indicados no item 3.1 do edital;<\/p>\n<p>II. candidatos que tenham atua\u00e7\u00e3o comprovada como colaboradores nas a\u00e7\u00f5es desenvolvidas nos Grupos de Trabalho (GT) do Neabi, conforme requisitos indicados no item;<\/p>\n<p>III. candidatos inscritos para os campi onde n\u00e3o h\u00e1 representa\u00e7\u00e3o, a saber: Bauru, Campos do Jord\u00e3o, Caraguatatuba, Cubat\u00e3o, Itapetininga, Miracatu, Presidente Prudente, S\u00e3o Jo\u00e3o da Boa Vista, Rio Claro, S\u00e3o Jos\u00e9 do Rio Preto, Sorocaba, Suzano, Tup\u00e3;<\/p>\n<p>IV. candidatos com ac\u00famulo em discuss\u00f5es interseccionadas, como g\u00eanero e defici\u00eancias.<\/p>\n<p><span style=\"font-weight: 400;\">Os interessados em se inscrever devem atender aos requisitos estabelecidos no item 3 do <\/span><span style=\"font-weight: 400;\">Edital<\/span><span style=\"font-weight: 400;\">. As inscri\u00e7\u00f5es podem ser feitas por meio de<\/span><span style=\"font-weight: 400;\"> formul\u00e1rio eletr\u00f4nico<\/span><span style=\"font-weight: 400;\">.<\/span><\/p>\n<p><b>O Neabi<\/b><\/p>\n<p><span style=\"font-weight: 400;\">O Neabi existe para que as quest\u00f5es \u00e9tnico-raciais, como o racismo e a xenofobia, n\u00e3o fiquem \u00e0 margem e sejam encaradas com a devida seriedade nas a\u00e7\u00f5es de ensino, pesquisa e extens\u00e3o desenvolvidas no \u00e2mbito do IFSP, ou que estejam a ele vinculadas. Isso significa zelar pelo fiel e adequado cumprimento da legisla\u00e7\u00e3o, promovendo e ampliando as a\u00e7\u00f5es inclusivas e o debate acerca do racismo em nosso pa\u00eds.<\/span><\/p>\n<p><span style=\"font-weight: 400;\">Mais informa\u00e7\u00f5es das a\u00e7\u00f5es desenvolvidas pelo n\u00facleo podem ser encontradas na <\/span><span style=\"font-weight: 400;\">p\u00e1gina do Neabi<\/span><span style=\"font-weight: 400;\">.\u00a0\u00a0<\/span><\/p>\n<p><b>Documentos<\/b><\/p>\n<p><span style=\"font-weight: 400;\">Edital<\/span><\/p>\n<\/div>\n<p><script>(function(d, s, id) {\n  var js, fjs = d.getElementsByTagName(s)[0];\n  if (d.getElementById(id)) return;\n  js = d.createElement(s); js.id = id;\n  js.src = \"\/\/connect.facebook.net\/pt_BR\/all.js#xfbml=1&appId=509544779073047\";\n  fjs.parentNode.insertBefore(js, fjs);\n }(document, 'script', 'facebook-jssdk'));<\/script><\/p>\n","protected":false},"excerpt":{"rendered":"<p>Interessados devem se inscrever de 7 a 18 de agosto O N\u00facleo de Estudos Afro-Brasileiros e Ind\u00edgenas (Neabi) do IFSP receber\u00e1, entre os dias 7 e 18 de agosto, inscri\u00e7\u00f5es para novos membros. Podem se candidatar para compor o Neabi: docentes, t\u00e9cnicos administrativos e discentes regularmente matriculados e egressos do IFSP. Ser\u00e3o disponibilizadas at\u00e9 20 &#8230; <a title=\"Neabi abre inscri\u00e7\u00f5es para novos membros &#8211; IFSP\" class=\"read-more\" href=\"https:\/\/superinteressantes.com.br\/index.php\/2023\/08\/08\/neabi-abre-inscricoes-para-novos-membros-ifsp\/\" aria-label=\"More on Neabi abre inscri\u00e7\u00f5es para novos membros &#8211; IFSP\">Ler mais<\/a><\/p>\n","protected":false},"author":1,"featured_media":0,"comment_status":"open","ping_status":"open","sticky":false,"template":"","format":"standard","meta":{"footnotes":""},"categories":[1],"tags":[],"class_list":["post-320","post","type-post","status-publish","format-standard","hentry","category-sem-categoria"],"amp_enabled":true,"_links":{"self":[{"href":"https:\/\/superinteressantes.com.br\/index.php\/wp-json\/wp\/v2\/posts\/320","targetHints":{"allow":["GET"]}}],"collection":[{"href":"https:\/\/superinteressantes.com.br\/index.php\/wp-json\/wp\/v2\/posts"}],"about":[{"href":"https:\/\/superinteressantes.com.br\/index.php\/wp-json\/wp\/v2\/types\/post"}],"author":[{"embeddable":true,"href":"https:\/\/superinteressantes.com.br\/index.php\/wp-json\/wp\/v2\/users\/1"}],"replies":[{"embeddable":true,"href":"https:\/\/superinteressantes.com.br\/index.php\/wp-json\/wp\/v2\/comments?post=320"}],"version-history":[{"count":0,"href":"https:\/\/superinteressantes.com.br\/index.php\/wp-json\/wp\/v2\/posts\/320\/revisions"}],"wp:attachment":[{"href":"https:\/\/superinteressantes.com.br\/index.php\/wp-json\/wp\/v2\/media?parent=320"}],"wp:term":[{"taxonomy":"category","embeddable":true,"href":"https:\/\/superinteressantes.com.br\/index.php\/wp-json\/wp\/v2\/categories?post=320"},{"taxonomy":"post_tag","embeddable":true,"href":"https:\/\/superinteressantes.com.br\/index.php\/wp-json\/wp\/v2\/tags?post=320"}],"curies":[{"name":"wp","href":"https:\/\/api.w.org\/{rel}","templated":true}]}}