{"id":31993,"date":"2025-11-14T14:12:53","date_gmt":"2025-11-14T17:12:53","guid":{"rendered":"https:\/\/superinteressantes.com.br\/index.php\/2025\/11\/14\/ifsp-ministra-curso-sobre-mediacao-de-conflitos-e-comunicacao-nao-violenta-para-os-servidores-da-ufmt-ifsp\/"},"modified":"2025-11-14T14:12:53","modified_gmt":"2025-11-14T17:12:53","slug":"ifsp-ministra-curso-sobre-mediacao-de-conflitos-e-comunicacao-nao-violenta-para-os-servidores-da-ufmt-ifsp","status":"publish","type":"post","link":"https:\/\/superinteressantes.com.br\/index.php\/2025\/11\/14\/ifsp-ministra-curso-sobre-mediacao-de-conflitos-e-comunicacao-nao-violenta-para-os-servidores-da-ufmt-ifsp\/","title":{"rendered":"IFSP ministra curso sobre media\u00e7\u00e3o de conflitos e comunica\u00e7\u00e3o n\u00e3o violenta para os servidores da UFMT &#8211; IFSP"},"content":{"rendered":"<p><\/p>\n<div>\n<div class=\"subtitle\">\n<p>O curso foi ministrado\u00a0por meio do N\u00facleo de Resolu\u00e7\u00e3o Pac\u00edfica de Conflitos<\/p>\n<p><!-- fim .content-header-options-1 --><\/p><\/div>\n<div dir=\"auto\"><\/div>\n<p>\u00a0<\/p>\n<p>Nos dias 05 a 08 de novembro, o IFSP, por meio do N\u00facleo de Resolu\u00e7\u00e3o Pac\u00edfica de Conflitos (NRPC), apresentou, em Cuiab\u00e1 (MT), o curso media\u00e7\u00e3o de conflitos e comunica\u00e7\u00e3o n\u00e3o violenta para os servidores da Universidade Federal do Mato Grosso (UFMT).<\/p>\n<p>\u00a0<\/p>\n<p>A capacita\u00e7\u00e3o de 18h, ministrada pelo coordenador do n\u00facleo,\u00a0Ademar Bernardes Pereira Junior, tratou de temas ligados aos conflitos interpessoais e sua abordagem pelo di\u00e1logo respeitoso, compreendendo as quest\u00f5es, interesses e sentimentos dos envolvidos, superando a antiga forma estatal de tratar conflitos, a punitiva, prevista na Lei 8.112\/1990.\u00a0<\/p>\n<p>\u00a0<\/p>\n<p>Com a cria\u00e7\u00e3o da Lei 13.140\/2015, o Legislador possibilita \u00e0 Administra\u00e7\u00e3o P\u00fablica criar c\u00e2maras e n\u00facleos de media\u00e7\u00e3o de conflitos na busca do consenso, atendendo aos princ\u00edpios democr\u00e1ticos da Constitui\u00e7\u00e3o Federal de 1988.\u00a0<\/p>\n<p>\u00a0<\/p>\n<p>De acordo com Ademar, a capacita\u00e7\u00e3o contou com a abordagem do conflito que, como a amigdala \u2014 respons\u00e1vel pelas respostas r\u00e1pidas ao perigo, como fuga e luta, &#8220;sequestra&#8221;\u00a0 as sinapses mentais do c\u00f3rtex pr\u00e9-frontal, respons\u00e1vel pelo racioc\u00ednio e raz\u00e3o, \u2014 faz com que seja visto apenas como uma amea\u00e7a e n\u00e3o como um debate democr\u00e1tico.\u00a0<\/p>\n<p>\u00a0<\/p>\n<p>Segundo a UFMT, a forma\u00e7\u00e3o foi ao encontro da necessidade real da institui\u00e7\u00e3o, que buscava capacita\u00e7\u00e3o interna nessa tem\u00e1tica. A institui\u00e7\u00e3o fez convite formal para o NRPC retomar no pr\u00f3ximo ano para capacitar mais servidores, essencialmente os gestores que lidam constantemente com conflitos e ainda n\u00e3o encontraram forma\u00e7\u00e3o semelhante que atendesse a real necessidade da Administra\u00e7\u00e3o P\u00fablica.<\/p>\n<p>\u00a0<\/p>\n<p><strong>Media\u00e7\u00e3o de conflitos:<\/strong>\u00a0o mediador de conflitos \u00e9 o agente que busca trazer a raz\u00e3o\u00a0ao\u00a0di\u00e1logo acalorado. Ele valida os sentimentos, busca entender as raz\u00f5es e interesses contidos nos conflitos, facilitando a negocia\u00e7\u00e3o e a busca do interesse comum.\u00a0<\/p>\n<p>\u00a0<\/p>\n<p>A ci\u00eancia envolvida no conflito \u00e9 a chave para percebermos nossas a\u00e7\u00f5es e repensar como podemos reagir a situa\u00e7\u00f5es que nem sempre representam perigo real, apenas imagin\u00e1rio na nossa percep\u00e7\u00e3o humana, herdada dos homens primitivos que estavam em constante perigo no mundo selvagem.\u00a0<\/p>\n<p>\u00a0<\/p>\n<p>O NRPC afirma seu compromisso em ser refer\u00eancia nacional na media\u00e7\u00e3o p\u00fablica de conflitos, inaugurada legalmente em 2015. Tem como miss\u00e3o transformar os conflitos em di\u00e1logos produtivos que atendam ao interesse p\u00fablico da comunidade\u00a0em que somos inseridos. O Governo brasileiro vem adotando medidas e pol\u00edticas p\u00fablicas para o enfrentamento dos ass\u00e9dios e da viol\u00eancia na Administra\u00e7\u00e3o P\u00fablica. Um exemplo \u00e9 o Decreto n\u00ba 12.122, de 30 de julho de 2024, que institui o Programa Federal de Preven\u00e7\u00e3o e Enfrentamento do Ass\u00e9dio e da Discrimina\u00e7\u00e3o no \u00e2mbito da Administra\u00e7\u00e3o P\u00fablica. Essas a\u00e7\u00f5es v\u00eam sendo adotadas pelo IFSP desde 2021 com a cria\u00e7\u00e3o do NUSCA no \u00e2mbito da DALC, posteriormente desvinculada das a\u00e7\u00f5es correcionais, renomeado de NRPC, vinculado ao Gabinete da Reitoria.\u00a0<\/p>\n<\/div>\n","protected":false},"excerpt":{"rendered":"<p>O curso foi ministrado\u00a0por meio do N\u00facleo de Resolu\u00e7\u00e3o Pac\u00edfica de Conflitos \u00a0 Nos dias 05 a 08 de novembro, o IFSP, por meio do N\u00facleo de Resolu\u00e7\u00e3o Pac\u00edfica de Conflitos (NRPC), apresentou, em Cuiab\u00e1 (MT), o curso media\u00e7\u00e3o de conflitos e comunica\u00e7\u00e3o n\u00e3o violenta para os servidores da Universidade Federal do Mato Grosso (UFMT). &#8230; <a title=\"IFSP ministra curso sobre media\u00e7\u00e3o de conflitos e comunica\u00e7\u00e3o n\u00e3o violenta para os servidores da UFMT &#8211; IFSP\" class=\"read-more\" href=\"https:\/\/superinteressantes.com.br\/index.php\/2025\/11\/14\/ifsp-ministra-curso-sobre-mediacao-de-conflitos-e-comunicacao-nao-violenta-para-os-servidores-da-ufmt-ifsp\/\" aria-label=\"More on IFSP ministra curso sobre media\u00e7\u00e3o de conflitos e comunica\u00e7\u00e3o n\u00e3o violenta para os servidores da UFMT &#8211; IFSP\">Ler mais<\/a><\/p>\n","protected":false},"author":1,"featured_media":0,"comment_status":"","ping_status":"","sticky":false,"template":"","format":"standard","meta":{"footnotes":""},"categories":[1],"tags":[],"class_list":["post-31993","post","type-post","status-publish","format-standard","hentry","category-sem-categoria"],"amp_enabled":true,"_links":{"self":[{"href":"https:\/\/superinteressantes.com.br\/index.php\/wp-json\/wp\/v2\/posts\/31993","targetHints":{"allow":["GET"]}}],"collection":[{"href":"https:\/\/superinteressantes.com.br\/index.php\/wp-json\/wp\/v2\/posts"}],"about":[{"href":"https:\/\/superinteressantes.com.br\/index.php\/wp-json\/wp\/v2\/types\/post"}],"author":[{"embeddable":true,"href":"https:\/\/superinteressantes.com.br\/index.php\/wp-json\/wp\/v2\/users\/1"}],"replies":[{"embeddable":true,"href":"https:\/\/superinteressantes.com.br\/index.php\/wp-json\/wp\/v2\/comments?post=31993"}],"version-history":[{"count":0,"href":"https:\/\/superinteressantes.com.br\/index.php\/wp-json\/wp\/v2\/posts\/31993\/revisions"}],"wp:attachment":[{"href":"https:\/\/superinteressantes.com.br\/index.php\/wp-json\/wp\/v2\/media?parent=31993"}],"wp:term":[{"taxonomy":"category","embeddable":true,"href":"https:\/\/superinteressantes.com.br\/index.php\/wp-json\/wp\/v2\/categories?post=31993"},{"taxonomy":"post_tag","embeddable":true,"href":"https:\/\/superinteressantes.com.br\/index.php\/wp-json\/wp\/v2\/tags?post=31993"}],"curies":[{"name":"wp","href":"https:\/\/api.w.org\/{rel}","templated":true}]}}