{"id":31990,"date":"2025-11-14T10:01:37","date_gmt":"2025-11-14T13:01:37","guid":{"rendered":"https:\/\/superinteressantes.com.br\/index.php\/2025\/11\/14\/emlur-realiza-acoes-de-conservacao-em-14-localidades-e-mantem-coleta-regular-nesta-sexta-feira\/"},"modified":"2025-11-14T10:01:37","modified_gmt":"2025-11-14T13:01:37","slug":"emlur-realiza-acoes-de-conservacao-em-14-localidades-e-mantem-coleta-regular-nesta-sexta-feira","status":"publish","type":"post","link":"https:\/\/superinteressantes.com.br\/index.php\/2025\/11\/14\/emlur-realiza-acoes-de-conservacao-em-14-localidades-e-mantem-coleta-regular-nesta-sexta-feira\/","title":{"rendered":"Emlur realiza a\u00e7\u00f5es de conserva\u00e7\u00e3o em 14 localidades e mant\u00e9m coleta regular nesta sexta-feira"},"content":{"rendered":"<p><\/p>\n<div>\n<p>A Autarquia Especial Municipal de Limpeza Urbana (Emlur) executa, nesta sexta-feira (14), servi\u00e7os de conserva\u00e7\u00e3o em 14 pontos diferentes da cidade de Jo\u00e3o Pessoa. As equipes atuam com capina\u00e7\u00e3o, ro\u00e7agem, varri\u00e7\u00e3o e limpeza de \u00e1reas p\u00fablicas, garantindo mais bem-estar e seguran\u00e7a para a popula\u00e7\u00e3o. As frentes de trabalho est\u00e3o distribu\u00eddas pelos bairros Mangabeira, Cidade Verde, Banc\u00e1rios, Centro, Gramame, Cabo Branco, Estados, Pedro Gondin, Bessa, Mana\u00edra, Jardim Veneza e Tr\u00eas Lagoas, al\u00e9m do canal de Mandacaru e do corredor Pedro II, no trecho de Cabo Branco.<\/p>\n<figure class=\"wp-block-gallery has-nested-images columns-default is-cropped wp-block-gallery-1 is-layout-flex wp-block-gallery-is-layout-flex\">\n<figure class=\"wp-block-image size-large\"><\/figure>\n<figure class=\"wp-block-image size-large\"><\/figure>\n<\/figure>\n<p>O superintendente da Emlur, Ricardo Veloso, destaca que o trabalho \u00e9 cont\u00ednuo e segue um planejamento estrat\u00e9gico para contemplar toda a cidade. \u201cNossas equipes est\u00e3o nas ruas diariamente, cumprindo um cronograma que garante a manuten\u00e7\u00e3o de diversas \u00e1reas de Jo\u00e3o Pessoa. O objetivo \u00e9 assegurar que todos os bairros recebam as a\u00e7\u00f5es de limpeza e conserva\u00e7\u00e3o de forma equilibrada e eficiente\u201d, afirma o superintendente.<\/p>\n<p><strong>Coleta domiciliar desta sexta-feira \u2013<\/strong> As equipes seguem com atua\u00e7\u00e3o cont\u00ednua, garantindo a regularidade do servi\u00e7o e a manuten\u00e7\u00e3o da limpeza urbana em toda a cidade, tamb\u00e9m atrav\u00e9s da coleta domiciliar.<\/p>\n<p>Entre os bairros atendidos nesta sexta-feira est\u00e3o: Centro, Jaguaribe, Tambi\u00e1, Trincheiras, Varadouro, Orla, Tamba\u00fa, Cabo Branco, Mana\u00edra, Bessa, Jardim Oceania, Jardim Aeroclube, Altiplano, Barra de Gramame, Brisamar, Jo\u00e3o Agripino, Padre Z\u00e9, Pedro Gondim, Praias da Penha, Seixas, Portal do Sol, Bairro de S\u00e3o Jos\u00e9, Bairro dos Estados, Expedicion\u00e1rios, Miramar, Tambauzinho, Mumbaba, Distrito Industrial, Jardim Veneza, Bairro das Ind\u00fastrias, Cidade Verde, Cristo Redentor, Cui\u00e1, Gerv\u00e1sio Maia, Grot\u00e3o, Rangel, Roger, Varj\u00e3o, Cruz das Armas, Funcion\u00e1rios I, Mangabeira, Planalto da Boa Esperan\u00e7a I, \u00c1gua Fria, Alto do Mateus, Cidade dos Colibris, Conjunto Nova Rep\u00fablica, Funcion\u00e1rios II, Ilha do Bispo\/Distrito Mec\u00e2nico, Irm\u00e3 Dulce, Jardim Planalto, Jo\u00e3o Paulo II, Jos\u00e9 Am\u00e9rico, Novais, Novo Geisel, Oitizeiro, Ernani S\u00e1tiro, Banc\u00e1rios, Ernesto Geisel e Cidade Universit\u00e1ria, al\u00e9m do Planalto Boa Esperan\u00e7a II.<\/p>\n<figure class=\"wp-block-gallery has-nested-images columns-default is-cropped wp-block-gallery-2 is-layout-flex wp-block-gallery-is-layout-flex\">\n<figure class=\"wp-block-image size-large\"><\/figure>\n<figure class=\"wp-block-image size-large\"><\/figure>\n<\/figure>\n<p>A Emlur refor\u00e7a a import\u00e2ncia da colabora\u00e7\u00e3o da popula\u00e7\u00e3o para manter a cidade limpa, descartando os res\u00edduos de forma correta e respeitando os dias de coleta de cada bairro. Em caso de d\u00favidas ou solicita\u00e7\u00f5es, os cidad\u00e3os podem entrar em contato pelos canais oficiais da Prefeitura de Jo\u00e3o Pessoa ou da Emlur.<\/p>\n<\/p><\/div>\n","protected":false},"excerpt":{"rendered":"<p>A Autarquia Especial Municipal de Limpeza Urbana (Emlur) executa, nesta sexta-feira (14), servi\u00e7os de conserva\u00e7\u00e3o em 14 pontos diferentes da cidade de Jo\u00e3o Pessoa. As equipes atuam com capina\u00e7\u00e3o, ro\u00e7agem, varri\u00e7\u00e3o e limpeza de \u00e1reas p\u00fablicas, garantindo mais bem-estar e seguran\u00e7a para a popula\u00e7\u00e3o. As frentes de trabalho est\u00e3o distribu\u00eddas pelos bairros Mangabeira, Cidade Verde, &#8230; <a title=\"Emlur realiza a\u00e7\u00f5es de conserva\u00e7\u00e3o em 14 localidades e mant\u00e9m coleta regular nesta sexta-feira\" class=\"read-more\" href=\"https:\/\/superinteressantes.com.br\/index.php\/2025\/11\/14\/emlur-realiza-acoes-de-conservacao-em-14-localidades-e-mantem-coleta-regular-nesta-sexta-feira\/\" aria-label=\"More on Emlur realiza a\u00e7\u00f5es de conserva\u00e7\u00e3o em 14 localidades e mant\u00e9m coleta regular nesta sexta-feira\">Ler mais<\/a><\/p>\n","protected":false},"author":1,"featured_media":0,"comment_status":"","ping_status":"","sticky":false,"template":"","format":"standard","meta":{"footnotes":""},"categories":[1],"tags":[],"class_list":["post-31990","post","type-post","status-publish","format-standard","hentry","category-sem-categoria"],"amp_enabled":true,"_links":{"self":[{"href":"https:\/\/superinteressantes.com.br\/index.php\/wp-json\/wp\/v2\/posts\/31990","targetHints":{"allow":["GET"]}}],"collection":[{"href":"https:\/\/superinteressantes.com.br\/index.php\/wp-json\/wp\/v2\/posts"}],"about":[{"href":"https:\/\/superinteressantes.com.br\/index.php\/wp-json\/wp\/v2\/types\/post"}],"author":[{"embeddable":true,"href":"https:\/\/superinteressantes.com.br\/index.php\/wp-json\/wp\/v2\/users\/1"}],"replies":[{"embeddable":true,"href":"https:\/\/superinteressantes.com.br\/index.php\/wp-json\/wp\/v2\/comments?post=31990"}],"version-history":[{"count":0,"href":"https:\/\/superinteressantes.com.br\/index.php\/wp-json\/wp\/v2\/posts\/31990\/revisions"}],"wp:attachment":[{"href":"https:\/\/superinteressantes.com.br\/index.php\/wp-json\/wp\/v2\/media?parent=31990"}],"wp:term":[{"taxonomy":"category","embeddable":true,"href":"https:\/\/superinteressantes.com.br\/index.php\/wp-json\/wp\/v2\/categories?post=31990"},{"taxonomy":"post_tag","embeddable":true,"href":"https:\/\/superinteressantes.com.br\/index.php\/wp-json\/wp\/v2\/tags?post=31990"}],"curies":[{"name":"wp","href":"https:\/\/api.w.org\/{rel}","templated":true}]}}