{"id":318,"date":"2023-08-07T22:34:32","date_gmt":"2023-08-08T01:34:32","guid":{"rendered":"http:\/\/superinteressantes.com.br\/index.php\/2023\/08\/07\/nova-iguacu-tera-mutirao-para-cadastramento-no-cadunico-nos-cras\/"},"modified":"2023-08-07T22:34:32","modified_gmt":"2023-08-08T01:34:32","slug":"nova-iguacu-tera-mutirao-para-cadastramento-no-cadunico-nos-cras","status":"publish","type":"post","link":"https:\/\/superinteressantes.com.br\/index.php\/2023\/08\/07\/nova-iguacu-tera-mutirao-para-cadastramento-no-cadunico-nos-cras\/","title":{"rendered":"Nova Igua\u00e7u ter\u00e1 mutir\u00e3o para cadastramento no CAD\u00danico nos CRAS"},"content":{"rendered":"<p><\/p>\n<div id=\"post_29016\">\n<header>\n<h2>Nova Igua\u00e7u ter\u00e1 mutir\u00e3o para cadastramento no CAD\u00danico nos CRAS<\/h2>\n<h4>\n                <em><br \/>\n                    <time class=\"text-muted\" datetime=\"04-08-2023\">04 de agosto de 2023<\/time><br \/>\n                <\/em><br \/>\n            <\/h4>\n<\/header>\n<section>\n<p style=\"text-align: justify;\"><span style=\"font-weight: 400;\">A Secretaria Municipal de Assist\u00eancia Social de Nova Igua\u00e7u (SEMAS) vai promover um mutir\u00e3o para reduzir a fila no cadastramento do Cadastro \u00danico (CAD\u00danico) dos Centros de Refer\u00eancia de Assist\u00eancia Social (CRAS). A a\u00e7\u00e3o ser\u00e1 realizada na pr\u00f3xima semana, de 7 a 10 de agosto, por meio do programa Busca Ativa, sempre a partir das 9h. Neste primeiro momento, quatro dos 11 CRAS da cidade receber\u00e3o a a\u00e7\u00e3o.<\/span><\/p>\n<p style=\"text-align: justify;\"><span style=\"font-weight: 400;\">Na segunda-feira (7), o mutir\u00e3o acontecer\u00e1 no CRAS Esta\u00e7\u00e3o Morro Agudo, na Rua Formosa, n\u00ba 265, Comendador Soares. Na ter\u00e7a (8), o atendimento ser\u00e1 no CRAS Serra do Vulc\u00e3o, na Rua Sebasti\u00e3o de Melo, s\/n\u00ba, em Jardim Nova Era. A Busca Ativa continua na quarta (9), no CRAS Fazenda Cabu\u00e7u, na Avenida Ab\u00edlio Augusto T\u00e1vora, s\/n\u00ba, no bairro Valverde. J\u00e1 na quinta (10) a a\u00e7\u00e3o ser\u00e1 realizada no CRAS Bom Retiro, na Estrada Luiz de Lemos, n\u00ba 2556, em Nova Am\u00e9rica.<\/span><\/p>\n<p style=\"text-align: justify;\"><span style=\"font-weight: 400;\">Quem buscar pelo atendimento poder\u00e1 solicitar altera\u00e7\u00f5es gerais no processo de cadastramento, assim como procedimentos espec\u00edficos para casos de benef\u00edcios bloqueados, cancelados ou em averigua\u00e7\u00e3o cadastral. Para isso, \u00e9 essencial que a popula\u00e7\u00e3o esteja atenta aos documentos necess\u00e1rios para o cadastro, que incluem RG, CPF e comprovante de resid\u00eancia, al\u00e9m de xerox do documento com foto.<\/span><\/p>\n<p style=\"text-align: justify;\"><span style=\"font-weight: 400;\">\u201cA iniciativa visa tornar os servi\u00e7os sociais mais acess\u00edveis \u00e0 popula\u00e7\u00e3o e eliminar as filas existentes. Por isso, quem reside em uma dessas \u00e1reas de abrang\u00eancia n\u00e3o deve perder a oportunidade de participar do mutir\u00e3o do Busca Ativa e regularizar seu cadastro no CAD\u00danico dos CRAS\u201d, alerta a secret\u00e1ria municipal de Assist\u00eancia Social, Elaine Medeiros.<\/span><\/p>\n<p style=\"text-align: justify;\"><span style=\"font-weight: 400;\">Em breve, os CRAS \u00c1guas de Guandu, Austin, Corumb\u00e1, Fazenda S\u00e3o Bernardino, Maxambomba, Monte Verde e Terras de Marambaia receber\u00e3o o mutir\u00e3o da Busca Ativa.<\/span><\/p>\n<\/section><\/div>\n","protected":false},"excerpt":{"rendered":"<p>Nova Igua\u00e7u ter\u00e1 mutir\u00e3o para cadastramento no CAD\u00danico nos CRAS 04 de agosto de 2023 A Secretaria Municipal de Assist\u00eancia Social de Nova Igua\u00e7u (SEMAS) vai promover um mutir\u00e3o para reduzir a fila no cadastramento do Cadastro \u00danico (CAD\u00danico) dos Centros de Refer\u00eancia de Assist\u00eancia Social (CRAS). A a\u00e7\u00e3o ser\u00e1 realizada na pr\u00f3xima semana, de &#8230; <a title=\"Nova Igua\u00e7u ter\u00e1 mutir\u00e3o para cadastramento no CAD\u00danico nos CRAS\" class=\"read-more\" href=\"https:\/\/superinteressantes.com.br\/index.php\/2023\/08\/07\/nova-iguacu-tera-mutirao-para-cadastramento-no-cadunico-nos-cras\/\" aria-label=\"More on Nova Igua\u00e7u ter\u00e1 mutir\u00e3o para cadastramento no CAD\u00danico nos CRAS\">Ler mais<\/a><\/p>\n","protected":false},"author":1,"featured_media":0,"comment_status":"open","ping_status":"open","sticky":false,"template":"","format":"standard","meta":{"footnotes":""},"categories":[1],"tags":[],"class_list":["post-318","post","type-post","status-publish","format-standard","hentry","category-sem-categoria"],"amp_enabled":true,"_links":{"self":[{"href":"https:\/\/superinteressantes.com.br\/index.php\/wp-json\/wp\/v2\/posts\/318","targetHints":{"allow":["GET"]}}],"collection":[{"href":"https:\/\/superinteressantes.com.br\/index.php\/wp-json\/wp\/v2\/posts"}],"about":[{"href":"https:\/\/superinteressantes.com.br\/index.php\/wp-json\/wp\/v2\/types\/post"}],"author":[{"embeddable":true,"href":"https:\/\/superinteressantes.com.br\/index.php\/wp-json\/wp\/v2\/users\/1"}],"replies":[{"embeddable":true,"href":"https:\/\/superinteressantes.com.br\/index.php\/wp-json\/wp\/v2\/comments?post=318"}],"version-history":[{"count":0,"href":"https:\/\/superinteressantes.com.br\/index.php\/wp-json\/wp\/v2\/posts\/318\/revisions"}],"wp:attachment":[{"href":"https:\/\/superinteressantes.com.br\/index.php\/wp-json\/wp\/v2\/media?parent=318"}],"wp:term":[{"taxonomy":"category","embeddable":true,"href":"https:\/\/superinteressantes.com.br\/index.php\/wp-json\/wp\/v2\/categories?post=318"},{"taxonomy":"post_tag","embeddable":true,"href":"https:\/\/superinteressantes.com.br\/index.php\/wp-json\/wp\/v2\/tags?post=318"}],"curies":[{"name":"wp","href":"https:\/\/api.w.org\/{rel}","templated":true}]}}